{"id":526,"date":"2018-12-24T19:57:18","date_gmt":"2018-12-24T19:57:18","guid":{"rendered":"https:\/\/marcali.plebania.hu\/?p=526"},"modified":"2018-12-24T19:57:18","modified_gmt":"2018-12-24T19:57:18","slug":"elkeszult-a-kulteri-betlehem","status":"publish","type":"post","link":"https:\/\/marcali.plebania.hu\/?p=526","title":{"rendered":"Elk\u00e9sz\u00fclt a k\u00fclt\u00e9ri betlehem"},"content":{"rendered":"<p>2018. december 21-\u00e9n, p\u00e9nteken d\u00e9lel\u0151tt a pl\u00e9b\u00e1niatemplom \u00e9szaki oldal\u00e1n kezd\u0151dtek a betlehem \u00e9p\u00edt\u00e9si munk\u00e1latok az egyh\u00e1zk\u00f6zs\u00e9g \u00f6sszefog\u00e1s\u00e1val.<\/p>\n<p><img loading=\"lazy\" decoding=\"async\" class=\"alignnone size-medium wp-image-527\" src=\"https:\/\/marcali.plebania.hu\/wp-content\/uploads\/2018\/12\/IMG_20181221_101333-300x225.jpg\" alt=\"\" width=\"300\" height=\"225\" srcset=\"https:\/\/marcali.plebania.hu\/wp-content\/uploads\/2018\/12\/IMG_20181221_101333-300x225.jpg 300w, https:\/\/marcali.plebania.hu\/wp-content\/uploads\/2018\/12\/IMG_20181221_101333-768x576.jpg 768w, https:\/\/marcali.plebania.hu\/wp-content\/uploads\/2018\/12\/IMG_20181221_101333-1024x768.jpg 1024w, https:\/\/marcali.plebania.hu\/wp-content\/uploads\/2018\/12\/IMG_20181221_101333-360x270.jpg 360w\" sizes=\"auto, (max-width: 300px) 100vw, 300px\" \/> <img loading=\"lazy\" decoding=\"async\" class=\"alignnone size-medium wp-image-528\" src=\"https:\/\/marcali.plebania.hu\/wp-content\/uploads\/2018\/12\/IMG_20181221_101346-300x225.jpg\" alt=\"\" width=\"300\" height=\"225\" srcset=\"https:\/\/marcali.plebania.hu\/wp-content\/uploads\/2018\/12\/IMG_20181221_101346-300x225.jpg 300w, https:\/\/marcali.plebania.hu\/wp-content\/uploads\/2018\/12\/IMG_20181221_101346-768x576.jpg 768w, https:\/\/marcali.plebania.hu\/wp-content\/uploads\/2018\/12\/IMG_20181221_101346-1024x768.jpg 1024w, https:\/\/marcali.plebania.hu\/wp-content\/uploads\/2018\/12\/IMG_20181221_101346-360x270.jpg 360w\" sizes=\"auto, (max-width: 300px) 100vw, 300px\" \/><\/p>\n<p>A munka el\u0151sz\u00f6r a v\u00e1zszerkezet \u00f6ssze\u00e1ll\u00edt\u00e1s\u00e1val indult S\u00e1gv\u00e1ri R\u00f3bert \u00e1csmester vezet\u00e9s\u00e9vel. Majd m\u00e1snap, december 22-\u00e9n, szombaton d\u00e9lel\u0151tt Kir\u00e1ly Jen\u0151 templomatya \u00e9s Gelencs\u00e9r R\u00f3bert vil\u00e1gi eln\u00f6k ir\u00e1ny\u00edt\u00e1s\u00e1val t\u00f6rt\u00e9nt a betlehem d\u00edsz\u00edt\u00e9se \u00e9s berendez\u00e9se. K\u00f6zben a templomi feny\u0151f\u00e1k is a hely\u00fckre ker\u00fcltek \u00e9s a k\u00fclt\u00e9ri d\u00edszkivil\u00e1g\u00edt\u00e1s is elk\u00e9sz\u00fclt, h\u00e1la a j\u00f3l \u00f6sszeszokott csapat szorgalm\u00e1nak. A templomi d\u00edsz\u00edt\u00e9s pedig az imak\u00f6ri tagok k\u00f6zrem\u0171k\u00f6d\u00e9s\u00e9vel folytat\u00f3dott.<\/p>\n<p><img loading=\"lazy\" decoding=\"async\" class=\"alignnone size-medium wp-image-529\" src=\"https:\/\/marcali.plebania.hu\/wp-content\/uploads\/2018\/12\/01-300x200.jpg\" alt=\"\" width=\"300\" height=\"200\" srcset=\"https:\/\/marcali.plebania.hu\/wp-content\/uploads\/2018\/12\/01-300x200.jpg 300w, https:\/\/marcali.plebania.hu\/wp-content\/uploads\/2018\/12\/01-768x512.jpg 768w, https:\/\/marcali.plebania.hu\/wp-content\/uploads\/2018\/12\/01-1024x683.jpg 1024w, https:\/\/marcali.plebania.hu\/wp-content\/uploads\/2018\/12\/01-405x270.jpg 405w\" sizes=\"auto, (max-width: 300px) 100vw, 300px\" \/> <img loading=\"lazy\" decoding=\"async\" class=\"alignnone size-medium wp-image-530\" src=\"https:\/\/marcali.plebania.hu\/wp-content\/uploads\/2018\/12\/02-1-300x200.jpg\" alt=\"\" width=\"300\" height=\"200\" srcset=\"https:\/\/marcali.plebania.hu\/wp-content\/uploads\/2018\/12\/02-1-300x200.jpg 300w, https:\/\/marcali.plebania.hu\/wp-content\/uploads\/2018\/12\/02-1-768x512.jpg 768w, https:\/\/marcali.plebania.hu\/wp-content\/uploads\/2018\/12\/02-1-1024x683.jpg 1024w, https:\/\/marcali.plebania.hu\/wp-content\/uploads\/2018\/12\/02-1-405x270.jpg 405w\" sizes=\"auto, (max-width: 300px) 100vw, 300px\" \/><\/p>\n<p><img loading=\"lazy\" decoding=\"async\" class=\"alignnone size-medium wp-image-531\" src=\"https:\/\/marcali.plebania.hu\/wp-content\/uploads\/2018\/12\/04-300x200.jpg\" alt=\"\" width=\"300\" height=\"200\" srcset=\"https:\/\/marcali.plebania.hu\/wp-content\/uploads\/2018\/12\/04-300x200.jpg 300w, https:\/\/marcali.plebania.hu\/wp-content\/uploads\/2018\/12\/04-768x512.jpg 768w, https:\/\/marcali.plebania.hu\/wp-content\/uploads\/2018\/12\/04-1024x683.jpg 1024w, https:\/\/marcali.plebania.hu\/wp-content\/uploads\/2018\/12\/04-405x270.jpg 405w\" sizes=\"auto, (max-width: 300px) 100vw, 300px\" \/> <img loading=\"lazy\" decoding=\"async\" class=\"alignnone size-medium wp-image-532\" src=\"https:\/\/marcali.plebania.hu\/wp-content\/uploads\/2018\/12\/05-300x200.jpg\" alt=\"\" width=\"300\" height=\"200\" srcset=\"https:\/\/marcali.plebania.hu\/wp-content\/uploads\/2018\/12\/05-300x200.jpg 300w, https:\/\/marcali.plebania.hu\/wp-content\/uploads\/2018\/12\/05-768x512.jpg 768w, https:\/\/marcali.plebania.hu\/wp-content\/uploads\/2018\/12\/05-1024x683.jpg 1024w, https:\/\/marcali.plebania.hu\/wp-content\/uploads\/2018\/12\/05-405x270.jpg 405w\" sizes=\"auto, (max-width: 300px) 100vw, 300px\" \/> <img loading=\"lazy\" decoding=\"async\" class=\"alignnone size-medium wp-image-533\" src=\"https:\/\/marcali.plebania.hu\/wp-content\/uploads\/2018\/12\/06-300x200.jpg\" alt=\"\" width=\"300\" height=\"200\" srcset=\"https:\/\/marcali.plebania.hu\/wp-content\/uploads\/2018\/12\/06-300x200.jpg 300w, https:\/\/marcali.plebania.hu\/wp-content\/uploads\/2018\/12\/06-768x512.jpg 768w, https:\/\/marcali.plebania.hu\/wp-content\/uploads\/2018\/12\/06-1024x683.jpg 1024w, https:\/\/marcali.plebania.hu\/wp-content\/uploads\/2018\/12\/06-405x270.jpg 405w\" sizes=\"auto, (max-width: 300px) 100vw, 300px\" \/> <img loading=\"lazy\" decoding=\"async\" class=\"alignnone size-medium wp-image-534\" src=\"https:\/\/marcali.plebania.hu\/wp-content\/uploads\/2018\/12\/07-4-300x200.jpg\" alt=\"\" width=\"300\" height=\"200\" srcset=\"https:\/\/marcali.plebania.hu\/wp-content\/uploads\/2018\/12\/07-4-300x200.jpg 300w, https:\/\/marcali.plebania.hu\/wp-content\/uploads\/2018\/12\/07-4-768x512.jpg 768w, https:\/\/marcali.plebania.hu\/wp-content\/uploads\/2018\/12\/07-4-1024x683.jpg 1024w, https:\/\/marcali.plebania.hu\/wp-content\/uploads\/2018\/12\/07-4-405x270.jpg 405w\" sizes=\"auto, (max-width: 300px) 100vw, 300px\" \/><\/p>\n<p>Az esti \u00e1dventi gyertyagy\u00fajt\u00e1sra \u00e9s szentmis\u00e9re, illetve a Calypso koncertre m\u00e1r minden k\u00e9szen \u00e1ll. Az \u00e1csmunk\u00e1kban 5-en, a betlehem \u00e9p\u00edt\u00e9sben pedig \u00f6sszesen 17 f\u0151 vett r\u00e9szt.<\/p>\n<p><img loading=\"lazy\" decoding=\"async\" class=\"alignnone size-medium wp-image-535\" src=\"https:\/\/marcali.plebania.hu\/wp-content\/uploads\/2018\/12\/08-300x200.jpg\" alt=\"\" width=\"300\" height=\"200\" srcset=\"https:\/\/marcali.plebania.hu\/wp-content\/uploads\/2018\/12\/08-300x200.jpg 300w, https:\/\/marcali.plebania.hu\/wp-content\/uploads\/2018\/12\/08-768x512.jpg 768w, https:\/\/marcali.plebania.hu\/wp-content\/uploads\/2018\/12\/08-1024x683.jpg 1024w, https:\/\/marcali.plebania.hu\/wp-content\/uploads\/2018\/12\/08-405x270.jpg 405w\" sizes=\"auto, (max-width: 300px) 100vw, 300px\" \/>\u00a0<img loading=\"lazy\" decoding=\"async\" class=\"alignnone size-medium wp-image-536\" src=\"https:\/\/marcali.plebania.hu\/wp-content\/uploads\/2018\/12\/11-300x200.jpg\" alt=\"\" width=\"300\" height=\"200\" srcset=\"https:\/\/marcali.plebania.hu\/wp-content\/uploads\/2018\/12\/11-300x200.jpg 300w, https:\/\/marcali.plebania.hu\/wp-content\/uploads\/2018\/12\/11-768x512.jpg 768w, https:\/\/marcali.plebania.hu\/wp-content\/uploads\/2018\/12\/11-1024x683.jpg 1024w, https:\/\/marcali.plebania.hu\/wp-content\/uploads\/2018\/12\/11-405x270.jpg 405w\" sizes=\"auto, (max-width: 300px) 100vw, 300px\" \/><\/p>\n<p>A szabadt\u00e9ri betlehem 2019. janu\u00e1r 2-ig \u00e9jjel-nappal l\u00e1togathat\u00f3 lesz. \u0150rz\u00e9s\u00e9r\u0151l a V\u00e1rosi \u00d6nkorm\u00e1nyzat rend\u00e9szei gondoskodnak.<\/p>\n<p><img loading=\"lazy\" decoding=\"async\" class=\"alignnone size-medium wp-image-537\" src=\"https:\/\/marcali.plebania.hu\/wp-content\/uploads\/2018\/12\/09-300x200.jpg\" alt=\"\" width=\"300\" height=\"200\" srcset=\"https:\/\/marcali.plebania.hu\/wp-content\/uploads\/2018\/12\/09-300x200.jpg 300w, https:\/\/marcali.plebania.hu\/wp-content\/uploads\/2018\/12\/09-768x512.jpg 768w, https:\/\/marcali.plebania.hu\/wp-content\/uploads\/2018\/12\/09-1024x683.jpg 1024w, https:\/\/marcali.plebania.hu\/wp-content\/uploads\/2018\/12\/09-405x270.jpg 405w\" sizes=\"auto, (max-width: 300px) 100vw, 300px\" \/>\u00a0<img loading=\"lazy\" decoding=\"async\" class=\"alignnone size-medium wp-image-538\" src=\"https:\/\/marcali.plebania.hu\/wp-content\/uploads\/2018\/12\/12-2-300x200.jpg\" alt=\"\" width=\"300\" height=\"200\" srcset=\"https:\/\/marcali.plebania.hu\/wp-content\/uploads\/2018\/12\/12-2-300x200.jpg 300w, https:\/\/marcali.plebania.hu\/wp-content\/uploads\/2018\/12\/12-2-768x512.jpg 768w, https:\/\/marcali.plebania.hu\/wp-content\/uploads\/2018\/12\/12-2-1024x683.jpg 1024w, https:\/\/marcali.plebania.hu\/wp-content\/uploads\/2018\/12\/12-2-405x270.jpg 405w\" sizes=\"auto, (max-width: 300px) 100vw, 300px\" \/><\/p>\n<p>&nbsp;<\/p>\n","protected":false},"excerpt":{"rendered":"<p>2018. december 21-\u00e9n, p\u00e9nteken d\u00e9lel\u0151tt a pl\u00e9b\u00e1niatemplom \u00e9szaki oldal\u00e1n kezd\u0151dtek a betlehem \u00e9p\u00edt\u00e9si munk\u00e1latok az egyh\u00e1zk\u00f6zs\u00e9g \u00f6sszefog\u00e1s\u00e1val. A munka el\u0151sz\u00f6r a v\u00e1zszerkezet \u00f6ssze\u00e1ll\u00edt\u00e1s\u00e1val indult S\u00e1gv\u00e1ri R\u00f3bert \u00e1csmester vezet\u00e9s\u00e9vel. Majd m\u00e1snap, december 22-\u00e9n, szombaton d\u00e9lel\u0151tt Kir\u00e1ly Jen\u0151 templomatya \u00e9s Gelencs\u00e9r R\u00f3bert vil\u00e1gi eln\u00f6k ir\u00e1ny\u00edt\u00e1s\u00e1val t\u00f6rt\u00e9nt a betlehem d\u00edsz\u00edt\u00e9se \u00e9s berendez\u00e9se. K\u00f6zben a templomi feny\u0151f\u00e1k is a hely\u00fckre ker\u00fcltek \u00e9s a k\u00fclt\u00e9ri d\u00edszkivil\u00e1g\u00edt\u00e1s is elk\u00e9sz\u00fclt, h\u00e1la a j\u00f3l \u00f6sszeszokott csapat szorgalm\u00e1nak. A templomi d\u00edsz\u00edt\u00e9s pedig az imak\u00f6ri tagok k\u00f6zrem\u0171k\u00f6d\u00e9s\u00e9vel folytat\u00f3dott. Az esti&#8230;<\/p>\n<p class=\"read-more\"><a class=\"btn btn-default\" href=\"https:\/\/marcali.plebania.hu\/?p=526\"> Read More<span class=\"screen-reader-text\">  Read More<\/span><\/a><\/p>\n","protected":false},"author":2,"featured_media":0,"comment_status":"closed","ping_status":"open","sticky":false,"template":"","format":"standard","meta":{"footnotes":""},"categories":[1],"tags":[],"class_list":["post-526","post","type-post","status-publish","format-standard","hentry","category-egyeb"],"_links":{"self":[{"href":"https:\/\/marcali.plebania.hu\/index.php?rest_route=\/wp\/v2\/posts\/526","targetHints":{"allow":["GET"]}}],"collection":[{"href":"https:\/\/marcali.plebania.hu\/index.php?rest_route=\/wp\/v2\/posts"}],"about":[{"href":"https:\/\/marcali.plebania.hu\/index.php?rest_route=\/wp\/v2\/types\/post"}],"author":[{"embeddable":true,"href":"https:\/\/marcali.plebania.hu\/index.php?rest_route=\/wp\/v2\/users\/2"}],"replies":[{"embeddable":true,"href":"https:\/\/marcali.plebania.hu\/index.php?rest_route=%2Fwp%2Fv2%2Fcomments&post=526"}],"version-history":[{"count":1,"href":"https:\/\/marcali.plebania.hu\/index.php?rest_route=\/wp\/v2\/posts\/526\/revisions"}],"predecessor-version":[{"id":539,"href":"https:\/\/marcali.plebania.hu\/index.php?rest_route=\/wp\/v2\/posts\/526\/revisions\/539"}],"wp:attachment":[{"href":"https:\/\/marcali.plebania.hu\/index.php?rest_route=%2Fwp%2Fv2%2Fmedia&parent=526"}],"wp:term":[{"taxonomy":"category","embeddable":true,"href":"https:\/\/marcali.plebania.hu\/index.php?rest_route=%2Fwp%2Fv2%2Fcategories&post=526"},{"taxonomy":"post_tag","embeddable":true,"href":"https:\/\/marcali.plebania.hu\/index.php?rest_route=%2Fwp%2Fv2%2Ftags&post=526"}],"curies":[{"name":"wp","href":"https:\/\/api.w.org\/{rel}","templated":true}]}}