{"id":5279,"date":"2023-12-09T10:00:00","date_gmt":"2023-12-09T10:00:00","guid":{"rendered":"https:\/\/marcali.plebania.hu\/?p=5279"},"modified":"2023-12-08T11:14:06","modified_gmt":"2023-12-08T11:14:06","slug":"hirdetesek-2023-december-10","status":"publish","type":"post","link":"https:\/\/marcali.plebania.hu\/?p=5279","title":{"rendered":"Hirdet\u00e9sek 2023. december 10."},"content":{"rendered":"\n<p><strong><a href=\"https:\/\/igenaptar.katolikus.hu\/2024\/nap\/index.php?holnap=2023-12-10\" target=\"_blank\" rel=\"noreferrer noopener\"><u>Advent II. vas\u00e1rnapja<\/u><\/a><\/strong><\/p>\n\n\n\n<ol class=\"wp-block-list\" start=\"1\">\n<li>K\u00f6sz\u00f6nj\u00fck az im\u00e1ds\u00e1gos jelenl\u00e9tet pl\u00e9b\u00e1niatemplomunk szents\u00e9gim\u00e1d\u00e1si napj\u00e1n \u00e9s az adventi lelki napunkon.<\/li>\n\n\n\n<li>Szerd\u00e1n 16 \u00f3rakor kezd\u0151dik a<strong> fatimai ima\u00f3ra<\/strong> a templomban.<\/li>\n\n\n\n<li>Cs\u00fct\u00f6rt\u00f6k\u00f6n nem esti, hanem <strong>rorate mise<\/strong> lesz a pl\u00e9b\u00e1niatemplomban reggel f\u00e9l 7-kor, mely ut\u00e1n szeretettel marasztalunk minden jelenl\u00e9v\u0151t egy kis besz\u00e9lget\u00e9sre \u00e9s meleg te\u00e1ra!<\/li>\n\n\n\n<li>A megrendelt <strong>Sz\u00edvem els\u0151 gondolata<\/strong> k\u00f6nyv \u00e1tvehet\u0151 a sekresty\u00e9ben.<\/li>\n\n\n\n<li>Janu\u00e1rt\u00f3l annyi p\u00e9ld\u00e1nyt rendel\u00fcnk az <strong>\u00daj Ember katolikus hetilap<\/strong>b\u00f3l, amennyien el\u0151fizetnek r\u00e1. K\u00e9rj\u00fck, aki szeretn\u00e9 megrendelni, iratkozzon fel a sekresty\u00e9ben a list\u00e1ra.<\/li>\n\n\n\n<li>Szeretn\u00e9nk korszer\u0171s\u00edteni a pl\u00e9b\u00e1niatemplom <strong>hangos\u00edt\u00e1s<\/strong>\u00e1t, els\u0151 k\u00f6rben egy \u00faj, digit\u00e1lis kever\u0151vel \u00e9s a hangsz\u00f3r\u00f3k be\u00e1ll\u00edt\u00e1s\u00e1val. Az ehhez sz\u00fcks\u00e9ges konzolokkal, k\u00e1belekkel, csatlakoz\u00f3kkal \u00e9s a szerel\u00e9ssel egy\u00fctt mindez 570.000 forintba ker\u00fcl. K\u00e9rj\u00fck, aki fontosnak tartja a j\u00f3 hangz\u00e1st a templomban \u00e9s a k\u00f6zvet\u00edt\u00e9sben, lehet\u0151s\u00e9g\u00e9hez m\u00e9rten j\u00e1ruljon hozz\u00e1 ennek k\u00f6lts\u00e9g\u00e9hez.<\/li>\n\n\n\n<li>Janu\u00e1r k\u00f6zep\u00e9n az <strong>iroda vezet\u00e9kes telefonsz\u00e1ma megsz\u0171nik<\/strong>, ut\u00e1na a mobilsz\u00e1mon lesz tov\u00e1bbra is el\u00e9rhet\u0151.<\/li>\n\n\n\n<li>A F\u00e9ny gyermekei zenekar <strong>adventi zen\u00e9s \u00e1h\u00edtat<\/strong>ot tart a pl\u00e9b\u00e1niatemplomban december 16-\u00e1n 15:30-t\u00f3l. Szeretettel aj\u00e1nljuk mindenkinek.<\/li>\n\n\n\n<li>K\u00e9rj\u00fck a <strong>hittanosok<\/strong>at, a szentmise ut\u00e1n keress\u00e9k meg a hitoktat\u00f3t, hogy megkaphass\u00e1k az adventi meglepet\u00e9s k\u00f6vetkez\u0151 r\u00e9sz\u00e9t.<\/li>\n<\/ol>\n\n\n\n<p><\/p>\n\n\n\n<p><\/p>\n","protected":false},"excerpt":{"rendered":"<p>Advent II. vas\u00e1rnapja<\/p>\n","protected":false},"author":2,"featured_media":0,"comment_status":"closed","ping_status":"open","sticky":false,"template":"","format":"standard","meta":{"footnotes":""},"categories":[1],"tags":[],"class_list":["post-5279","post","type-post","status-publish","format-standard","hentry","category-egyeb"],"_links":{"self":[{"href":"https:\/\/marcali.plebania.hu\/index.php?rest_route=\/wp\/v2\/posts\/5279","targetHints":{"allow":["GET"]}}],"collection":[{"href":"https:\/\/marcali.plebania.hu\/index.php?rest_route=\/wp\/v2\/posts"}],"about":[{"href":"https:\/\/marcali.plebania.hu\/index.php?rest_route=\/wp\/v2\/types\/post"}],"author":[{"embeddable":true,"href":"https:\/\/marcali.plebania.hu\/index.php?rest_route=\/wp\/v2\/users\/2"}],"replies":[{"embeddable":true,"href":"https:\/\/marcali.plebania.hu\/index.php?rest_route=%2Fwp%2Fv2%2Fcomments&post=5279"}],"version-history":[{"count":1,"href":"https:\/\/marcali.plebania.hu\/index.php?rest_route=\/wp\/v2\/posts\/5279\/revisions"}],"predecessor-version":[{"id":5280,"href":"https:\/\/marcali.plebania.hu\/index.php?rest_route=\/wp\/v2\/posts\/5279\/revisions\/5280"}],"wp:attachment":[{"href":"https:\/\/marcali.plebania.hu\/index.php?rest_route=%2Fwp%2Fv2%2Fmedia&parent=5279"}],"wp:term":[{"taxonomy":"category","embeddable":true,"href":"https:\/\/marcali.plebania.hu\/index.php?rest_route=%2Fwp%2Fv2%2Fcategories&post=5279"},{"taxonomy":"post_tag","embeddable":true,"href":"https:\/\/marcali.plebania.hu\/index.php?rest_route=%2Fwp%2Fv2%2Ftags&post=5279"}],"curies":[{"name":"wp","href":"https:\/\/api.w.org\/{rel}","templated":true}]}}