{"id":5283,"date":"2023-12-12T10:09:33","date_gmt":"2023-12-12T10:09:33","guid":{"rendered":"https:\/\/marcali.plebania.hu\/?p=5283"},"modified":"2023-12-12T10:09:33","modified_gmt":"2023-12-12T10:09:33","slug":"szentsegimadas-es-lelki-nap-a-plebaniatemplomban","status":"publish","type":"post","link":"https:\/\/marcali.plebania.hu\/?p=5283","title":{"rendered":"Szents\u00e9gim\u00e1d\u00e1s \u00e9s Lelki Nap a pl\u00e9b\u00e1niatemplomban"},"content":{"rendered":"\n<p>2023. december 8-\u00e1n, p\u00e9nteken, Szepl\u0151telen Fogantat\u00e1s \u00fcnnep\u00e9n, a marcaliak fogadott szents\u00e9gim\u00e1d\u00e1si napj\u00e1n \u2013 a kar\u00e1csonyra val\u00f3 el\u0151k\u00e9sz\u00fclet r\u00e9szek\u00e9nt \u2013 a Marcali R\u00f3mai Katolikus Egyh\u00e1zk\u00f6zs\u00e9g \u00e1dventi Lelki Napj\u00e1t tartott\u00e1k meg a Gy\u00fcm\u00f6lcsolt\u00f3 Boldogasszony pl\u00e9b\u00e1niatemplomban.<\/p>\n\n\n\n<p>A program 10 \u00f3rakor az Olt\u00e1riszents\u00e9g kit\u00e9tel\u00e9vel kezd\u0151d\u00f6tt. Majd 16 \u00f3r\u00e1ig a h\u00edvek \u00e9s a k\u00f6z\u00f6ss\u00e9gek tagjai csendes szents\u00e9gim\u00e1d\u00e1st v\u00e1llaltak egym\u00e1st v\u00e1ltva. Ezut\u00e1n az Ifj\u00fa L\u00e1mp\u00e1s K\u00f6z\u00f6ss\u00e9g tagjai tan\u00fas\u00e1gt\u00e9tellel \u00e9s zen\u00e9vel egybek\u00f6t\u00f6tt szents\u00e9gim\u00e1d\u00e1sa k\u00f6vetkezett.<\/p>\n\n\n\n<figure class=\"wp-block-gallery has-nested-images columns-default is-cropped wp-block-gallery-1 is-layout-flex wp-block-gallery-is-layout-flex\">\n<figure class=\"wp-block-image size-large\"><img loading=\"lazy\" decoding=\"async\" width=\"1024\" height=\"683\" data-id=\"5296\" src=\"https:\/\/marcali.plebania.hu\/wp-content\/uploads\/2023\/12\/07-2-1024x683.jpg\" alt=\"\" class=\"wp-image-5296\" srcset=\"https:\/\/marcali.plebania.hu\/wp-content\/uploads\/2023\/12\/07-2-1024x683.jpg 1024w, https:\/\/marcali.plebania.hu\/wp-content\/uploads\/2023\/12\/07-2-300x200.jpg 300w, https:\/\/marcali.plebania.hu\/wp-content\/uploads\/2023\/12\/07-2-768x512.jpg 768w, https:\/\/marcali.plebania.hu\/wp-content\/uploads\/2023\/12\/07-2-1536x1024.jpg 1536w, https:\/\/marcali.plebania.hu\/wp-content\/uploads\/2023\/12\/07-2-2048x1365.jpg 2048w, https:\/\/marcali.plebania.hu\/wp-content\/uploads\/2023\/12\/07-2-405x270.jpg 405w\" sizes=\"auto, (max-width: 1024px) 100vw, 1024px\" \/><\/figure>\n\n\n\n<figure class=\"wp-block-image size-large\"><img loading=\"lazy\" decoding=\"async\" width=\"1024\" height=\"683\" data-id=\"5286\" src=\"https:\/\/marcali.plebania.hu\/wp-content\/uploads\/2023\/12\/03-3-1024x683.jpg\" alt=\"\" class=\"wp-image-5286\" srcset=\"https:\/\/marcali.plebania.hu\/wp-content\/uploads\/2023\/12\/03-3-1024x683.jpg 1024w, https:\/\/marcali.plebania.hu\/wp-content\/uploads\/2023\/12\/03-3-300x200.jpg 300w, https:\/\/marcali.plebania.hu\/wp-content\/uploads\/2023\/12\/03-3-768x512.jpg 768w, https:\/\/marcali.plebania.hu\/wp-content\/uploads\/2023\/12\/03-3-1536x1024.jpg 1536w, https:\/\/marcali.plebania.hu\/wp-content\/uploads\/2023\/12\/03-3-2048x1365.jpg 2048w, https:\/\/marcali.plebania.hu\/wp-content\/uploads\/2023\/12\/03-3-405x270.jpg 405w\" sizes=\"auto, (max-width: 1024px) 100vw, 1024px\" \/><\/figure>\n\n\n\n<figure class=\"wp-block-image size-large\"><img loading=\"lazy\" decoding=\"async\" width=\"1024\" height=\"683\" data-id=\"5284\" src=\"https:\/\/marcali.plebania.hu\/wp-content\/uploads\/2023\/12\/04-3-1024x683.jpg\" alt=\"\" class=\"wp-image-5284\" srcset=\"https:\/\/marcali.plebania.hu\/wp-content\/uploads\/2023\/12\/04-3-1024x683.jpg 1024w, https:\/\/marcali.plebania.hu\/wp-content\/uploads\/2023\/12\/04-3-300x200.jpg 300w, https:\/\/marcali.plebania.hu\/wp-content\/uploads\/2023\/12\/04-3-768x512.jpg 768w, https:\/\/marcali.plebania.hu\/wp-content\/uploads\/2023\/12\/04-3-1536x1024.jpg 1536w, https:\/\/marcali.plebania.hu\/wp-content\/uploads\/2023\/12\/04-3-2048x1365.jpg 2048w, https:\/\/marcali.plebania.hu\/wp-content\/uploads\/2023\/12\/04-3-405x270.jpg 405w\" sizes=\"auto, (max-width: 1024px) 100vw, 1024px\" \/><\/figure>\n\n\n\n<figure class=\"wp-block-image size-large\"><img loading=\"lazy\" decoding=\"async\" width=\"1024\" height=\"683\" data-id=\"5287\" src=\"https:\/\/marcali.plebania.hu\/wp-content\/uploads\/2023\/12\/01-3-1024x683.jpg\" alt=\"\" class=\"wp-image-5287\" srcset=\"https:\/\/marcali.plebania.hu\/wp-content\/uploads\/2023\/12\/01-3-1024x683.jpg 1024w, https:\/\/marcali.plebania.hu\/wp-content\/uploads\/2023\/12\/01-3-300x200.jpg 300w, https:\/\/marcali.plebania.hu\/wp-content\/uploads\/2023\/12\/01-3-768x512.jpg 768w, https:\/\/marcali.plebania.hu\/wp-content\/uploads\/2023\/12\/01-3-1536x1024.jpg 1536w, https:\/\/marcali.plebania.hu\/wp-content\/uploads\/2023\/12\/01-3-2048x1365.jpg 2048w, https:\/\/marcali.plebania.hu\/wp-content\/uploads\/2023\/12\/01-3-405x270.jpg 405w\" sizes=\"auto, (max-width: 1024px) 100vw, 1024px\" \/><\/figure>\n<\/figure>\n\n\n\n<p>V\u00e9g\u00fcl 17 \u00f3r\u00e1t\u00f3l Tomanek Ferenc \u00c1ron pl\u00e9b\u00e1nos celebr\u00e1lt lelkigyakorlatos szentmis\u00e9t, melyen az \u00fcnnepre val\u00f3 r\u00e1hangol\u00f3d\u00e1s r\u00e9szek\u00e9nt az Ifj\u00fa L\u00e1mp\u00e1s K\u00f6z\u00f6ss\u00e9g egyik tagja tett tan\u00fas\u00e1gt\u00e9telt \u00e9s besz\u00e9lt k\u00fcldet\u00e9s\u00e9r\u0151l. Az istentiszteleten szintetiz\u00e1torral, git\u00e1rokkal \u00e9s \u00e9nekkel k\u00f6zrem\u0171k\u00f6dtek a vend\u00e9g k\u00f6z\u00f6ss\u00e9g jelenl\u00e9v\u0151 5 k\u00e9pvisel\u0151je.<\/p>\n\n\n\n<figure class=\"wp-block-gallery has-nested-images columns-default is-cropped wp-block-gallery-2 is-layout-flex wp-block-gallery-is-layout-flex\">\n<figure class=\"wp-block-image size-large\"><img loading=\"lazy\" decoding=\"async\" width=\"1024\" height=\"683\" data-id=\"5291\" src=\"https:\/\/marcali.plebania.hu\/wp-content\/uploads\/2023\/12\/17-1-1024x683.jpg\" alt=\"\" class=\"wp-image-5291\" srcset=\"https:\/\/marcali.plebania.hu\/wp-content\/uploads\/2023\/12\/17-1-1024x683.jpg 1024w, https:\/\/marcali.plebania.hu\/wp-content\/uploads\/2023\/12\/17-1-300x200.jpg 300w, https:\/\/marcali.plebania.hu\/wp-content\/uploads\/2023\/12\/17-1-768x512.jpg 768w, https:\/\/marcali.plebania.hu\/wp-content\/uploads\/2023\/12\/17-1-1536x1024.jpg 1536w, https:\/\/marcali.plebania.hu\/wp-content\/uploads\/2023\/12\/17-1-2048x1365.jpg 2048w, https:\/\/marcali.plebania.hu\/wp-content\/uploads\/2023\/12\/17-1-405x270.jpg 405w\" sizes=\"auto, (max-width: 1024px) 100vw, 1024px\" \/><\/figure>\n\n\n\n<figure class=\"wp-block-image size-large\"><img loading=\"lazy\" decoding=\"async\" width=\"1024\" height=\"683\" data-id=\"5290\" src=\"https:\/\/marcali.plebania.hu\/wp-content\/uploads\/2023\/12\/16-1-1024x683.jpg\" alt=\"\" class=\"wp-image-5290\" srcset=\"https:\/\/marcali.plebania.hu\/wp-content\/uploads\/2023\/12\/16-1-1024x683.jpg 1024w, https:\/\/marcali.plebania.hu\/wp-content\/uploads\/2023\/12\/16-1-300x200.jpg 300w, https:\/\/marcali.plebania.hu\/wp-content\/uploads\/2023\/12\/16-1-768x512.jpg 768w, https:\/\/marcali.plebania.hu\/wp-content\/uploads\/2023\/12\/16-1-1536x1024.jpg 1536w, https:\/\/marcali.plebania.hu\/wp-content\/uploads\/2023\/12\/16-1-2048x1365.jpg 2048w, https:\/\/marcali.plebania.hu\/wp-content\/uploads\/2023\/12\/16-1-405x270.jpg 405w\" sizes=\"auto, (max-width: 1024px) 100vw, 1024px\" \/><\/figure>\n\n\n\n<figure class=\"wp-block-image size-large\"><img loading=\"lazy\" decoding=\"async\" width=\"1024\" height=\"683\" data-id=\"5289\" src=\"https:\/\/marcali.plebania.hu\/wp-content\/uploads\/2023\/12\/18-1-1024x683.jpg\" alt=\"\" class=\"wp-image-5289\" srcset=\"https:\/\/marcali.plebania.hu\/wp-content\/uploads\/2023\/12\/18-1-1024x683.jpg 1024w, https:\/\/marcali.plebania.hu\/wp-content\/uploads\/2023\/12\/18-1-300x200.jpg 300w, https:\/\/marcali.plebania.hu\/wp-content\/uploads\/2023\/12\/18-1-768x512.jpg 768w, https:\/\/marcali.plebania.hu\/wp-content\/uploads\/2023\/12\/18-1-1536x1024.jpg 1536w, https:\/\/marcali.plebania.hu\/wp-content\/uploads\/2023\/12\/18-1-2048x1365.jpg 2048w, https:\/\/marcali.plebania.hu\/wp-content\/uploads\/2023\/12\/18-1-405x270.jpg 405w\" sizes=\"auto, (max-width: 1024px) 100vw, 1024px\" \/><\/figure>\n\n\n\n<figure class=\"wp-block-image size-large\"><img loading=\"lazy\" decoding=\"async\" width=\"1024\" height=\"683\" data-id=\"5288\" src=\"https:\/\/marcali.plebania.hu\/wp-content\/uploads\/2023\/12\/15-1-1024x683.jpg\" alt=\"\" class=\"wp-image-5288\" srcset=\"https:\/\/marcali.plebania.hu\/wp-content\/uploads\/2023\/12\/15-1-1024x683.jpg 1024w, https:\/\/marcali.plebania.hu\/wp-content\/uploads\/2023\/12\/15-1-300x200.jpg 300w, https:\/\/marcali.plebania.hu\/wp-content\/uploads\/2023\/12\/15-1-768x512.jpg 768w, https:\/\/marcali.plebania.hu\/wp-content\/uploads\/2023\/12\/15-1-1536x1024.jpg 1536w, https:\/\/marcali.plebania.hu\/wp-content\/uploads\/2023\/12\/15-1-2048x1365.jpg 2048w, https:\/\/marcali.plebania.hu\/wp-content\/uploads\/2023\/12\/15-1-405x270.jpg 405w\" sizes=\"auto, (max-width: 1024px) 100vw, 1024px\" \/><\/figure>\n<\/figure>\n\n\n\n<p>A marcali Lelki Napon a hittanos gyermekek, \u00e9s a feln\u0151ttek is elv\u00e9gezhett\u00e9k kar\u00e1csonyi szentgy\u00f3n\u00e1sukat Galambos Ferenc mesztegny\u0151i pl\u00e9b\u00e1nos \u00e9s T\u00f6lgyesi D\u00e1vid somogys\u00e1msoni pl\u00e9b\u00e1niai korm\u00e1nyz\u00f3 aty\u00e1kn\u00e1l.<\/p>\n\n\n\n<p>A Jeunesse-Lumi\u00e8re (r\u00f6vid\u00edtve: JL, Ifj\u00fas\u00e1g-Vil\u00e1goss\u00e1g) Nemzetk\u00f6zi Katolikus Evangeliz\u00e1ci\u00f3s Iskola 1984-ben sz\u00fcletett Franciaorsz\u00e1gban. Daniel-Ange, belga sz\u00e1rmaz\u00e1s\u00fa benc\u00e9s szerzetes, hallgatva a Szentl\u00e9lek h\u00edv\u00e1s\u00e1ra, azzal a c\u00e9llal alap\u00edtotta meg, hogy lehet\u0151v\u00e9 tegye 18 \u00e9s 30 \u00e9v k\u00f6z\u00f6tti fiatalok sz\u00e1m\u00e1ra, hogy \u0151k is r\u00e9szt vehessenek az \u00daj Evangeliz\u00e1ci\u00f3ban.<\/p>\n\n\n\n<p>A vil\u00e1gban el\u0151sz\u00f6r Franciaorsz\u00e1gban, Lengyelorsz\u00e1gban, Olaszorsz\u00e1gban, Kamerunban \u00e9s Beninben hoztak l\u00e9tre iskol\u00e1kat, majd Magyarorsz\u00e1gon, a 2021\/2022-es tan\u00e9vben Roska P\u00e9ter atya, az Esztergom-Budapesti egyh\u00e1zmegye papja h\u00edvta \u00e9letre ezt a misszi\u00f3t 13 fiatallal, akiket magyarul: Ifj\u00fa L\u00e1mp\u00e1s K\u00f6z\u00f6ss\u00e9gnek h\u00edvnak.<\/p>\n\n\n\n<p>2019 \u00e9s 2021 k\u00f6z\u00f6tt 5 fiatal fordult meg a francia \u00e9s az olasz k\u00f6z\u00f6ss\u00e9gben, hogy az ott szerzett tapasztalattal 2021 szeptember\u00e9ben Magyarorsz\u00e1gon is megnyithassa az Ifj\u00fa L\u00e1p\u00e1s K\u00f6z\u00f6ss\u00e9g a kapuit azok sz\u00e1m\u00e1ra, akik itthon szeretn\u00e9nek r\u00e9szt venni magyarul ebben a misszi\u00f3s \u00e9vben.<\/p>\n\n\n\n<p>Mindent egybev\u00e9ve, eddig m\u00e1r egy tucatnyi magyar fiatal vett r\u00e9szt valamilyen form\u00e1ban az alap\u00edt\u00e1sban, \u00e9s m\u00e9g enn\u00e9l is t\u00f6bb tapasztalt misszi\u00f3s t\u00e1mogatja \u0151ket ebben a folyamatban, 2022 szeptember\u00e9t\u0151l pedig m\u00e1r a m\u00e1sodik \u00e9v\u00fckre k\u00e9sz\u00fcl\u0151dnek itthon.<\/p>\n\n\n\n<p>A Jeunesse-Lumi\u00e8re egy olyan \u00e9vet tesz lehet\u0151v\u00e9 fiataloknak a tanulm\u00e1nyok \u00e9s a munka vil\u00e1g\u00e1n k\u00edv\u00fcl (gap year\/szombat\u00e9v), amiben kibontakoztathatj\u00e1k \u00e9s meg\u00e9lhetik a kereszts\u00e9gben megkapott k\u00fcldet\u00e9s\u00fcket: J\u00e9zus \u00f6r\u00f6mh\u00edr\u00e9t vigy\u00e9k el a f\u00f6ld v\u00e9gs\u0151 hat\u00e1r\u00e1ig, \u00e9s a t\u00e1rsadalom \u00f6sszes v\u00e9glet\u00e9be.<\/p>\n\n\n\n<figure class=\"wp-block-gallery has-nested-images columns-default is-cropped wp-block-gallery-3 is-layout-flex wp-block-gallery-is-layout-flex\">\n<figure class=\"wp-block-image size-large\"><img loading=\"lazy\" decoding=\"async\" width=\"1024\" height=\"683\" data-id=\"5295\" src=\"https:\/\/marcali.plebania.hu\/wp-content\/uploads\/2023\/12\/11-2-1024x683.jpg\" alt=\"\" class=\"wp-image-5295\" srcset=\"https:\/\/marcali.plebania.hu\/wp-content\/uploads\/2023\/12\/11-2-1024x683.jpg 1024w, https:\/\/marcali.plebania.hu\/wp-content\/uploads\/2023\/12\/11-2-300x200.jpg 300w, https:\/\/marcali.plebania.hu\/wp-content\/uploads\/2023\/12\/11-2-768x512.jpg 768w, https:\/\/marcali.plebania.hu\/wp-content\/uploads\/2023\/12\/11-2-1536x1024.jpg 1536w, https:\/\/marcali.plebania.hu\/wp-content\/uploads\/2023\/12\/11-2-2048x1365.jpg 2048w, https:\/\/marcali.plebania.hu\/wp-content\/uploads\/2023\/12\/11-2-405x270.jpg 405w\" sizes=\"auto, (max-width: 1024px) 100vw, 1024px\" \/><\/figure>\n\n\n\n<figure class=\"wp-block-image size-large\"><img loading=\"lazy\" decoding=\"async\" width=\"1024\" height=\"683\" data-id=\"5297\" src=\"https:\/\/marcali.plebania.hu\/wp-content\/uploads\/2023\/12\/26-3-1024x683.jpg\" alt=\"\" class=\"wp-image-5297\" srcset=\"https:\/\/marcali.plebania.hu\/wp-content\/uploads\/2023\/12\/26-3-1024x683.jpg 1024w, https:\/\/marcali.plebania.hu\/wp-content\/uploads\/2023\/12\/26-3-300x200.jpg 300w, https:\/\/marcali.plebania.hu\/wp-content\/uploads\/2023\/12\/26-3-768x512.jpg 768w, https:\/\/marcali.plebania.hu\/wp-content\/uploads\/2023\/12\/26-3-1536x1024.jpg 1536w, https:\/\/marcali.plebania.hu\/wp-content\/uploads\/2023\/12\/26-3-2048x1365.jpg 2048w, https:\/\/marcali.plebania.hu\/wp-content\/uploads\/2023\/12\/26-3-405x270.jpg 405w\" sizes=\"auto, (max-width: 1024px) 100vw, 1024px\" \/><\/figure>\n\n\n\n<figure class=\"wp-block-image size-large\"><img loading=\"lazy\" decoding=\"async\" width=\"1024\" height=\"683\" data-id=\"5292\" src=\"https:\/\/marcali.plebania.hu\/wp-content\/uploads\/2023\/12\/13-1-1024x683.jpg\" alt=\"\" class=\"wp-image-5292\" srcset=\"https:\/\/marcali.plebania.hu\/wp-content\/uploads\/2023\/12\/13-1-1024x683.jpg 1024w, https:\/\/marcali.plebania.hu\/wp-content\/uploads\/2023\/12\/13-1-300x200.jpg 300w, https:\/\/marcali.plebania.hu\/wp-content\/uploads\/2023\/12\/13-1-768x512.jpg 768w, https:\/\/marcali.plebania.hu\/wp-content\/uploads\/2023\/12\/13-1-1536x1024.jpg 1536w, https:\/\/marcali.plebania.hu\/wp-content\/uploads\/2023\/12\/13-1-2048x1365.jpg 2048w, https:\/\/marcali.plebania.hu\/wp-content\/uploads\/2023\/12\/13-1-405x270.jpg 405w\" sizes=\"auto, (max-width: 1024px) 100vw, 1024px\" \/><\/figure>\n\n\n\n<figure class=\"wp-block-image size-large\"><img loading=\"lazy\" decoding=\"async\" width=\"1024\" height=\"683\" data-id=\"5293\" src=\"https:\/\/marcali.plebania.hu\/wp-content\/uploads\/2023\/12\/10-1-1024x683.jpg\" alt=\"\" class=\"wp-image-5293\" srcset=\"https:\/\/marcali.plebania.hu\/wp-content\/uploads\/2023\/12\/10-1-1024x683.jpg 1024w, https:\/\/marcali.plebania.hu\/wp-content\/uploads\/2023\/12\/10-1-300x200.jpg 300w, https:\/\/marcali.plebania.hu\/wp-content\/uploads\/2023\/12\/10-1-768x512.jpg 768w, https:\/\/marcali.plebania.hu\/wp-content\/uploads\/2023\/12\/10-1-1536x1024.jpg 1536w, https:\/\/marcali.plebania.hu\/wp-content\/uploads\/2023\/12\/10-1-2048x1365.jpg 2048w, https:\/\/marcali.plebania.hu\/wp-content\/uploads\/2023\/12\/10-1-405x270.jpg 405w\" sizes=\"auto, (max-width: 1024px) 100vw, 1024px\" \/><\/figure>\n<\/figure>\n\n\n\n<p><a><\/a> A k\u00f6z\u00f6ss\u00e9g k\u00fcld\u00f6tts\u00e9ge \u00e1dvent els\u0151 het\u00e9ben, a Kaposv\u00e1ri Egyh\u00e1zmegy\u00e9be l\u00e1togatott egy misszi\u00f3s h\u00e9tre. H\u00e9tf\u0151n a nagykanizsai piarista gimn\u00e1ziumban, kedden-szerd\u00e1n \u00e9s cs\u00fct\u00f6rt\u00f6k d\u00e9lel\u0151tt Kaposv\u00e1ron, a Nagyboldogasszony R\u00f3mai Katolikus Gimn\u00e1ziumban, majd cs\u00fct\u00f6rt\u00f6k d\u00e9lut\u00e1n a Zselic Katolikus Id\u0151sek Otthon\u00e1ban tettek tan\u00fas\u00e1gt\u00e9telt. V\u00e9g\u00fcl p\u00e9nteken d\u00e9lel\u0151tt pedig a Marcali Noszlopy G\u00e1sp\u00e1r \u00c1ltal\u00e1nos iskola hittan\u00f3r\u00e1in vettek r\u00e9szt, majd d\u00e9lut\u00e1n el\u0151sz\u00f6r a pl\u00e9b\u00e1ni\u00e1n az ifj\u00fas\u00e1gi csoportnak, valamint 16 \u00f3r\u00e1t\u00f3l m\u00e1r a pl\u00e9b\u00e1niatemplomban tartottak szents\u00e9gim\u00e1d\u00e1st \u00e9s tan\u00fas\u00e1gt\u00e9telt. Az Ifj\u00fa L\u00e1mp\u00e1s K\u00f6z\u00f6ss\u00e9g el\u0151sz\u00f6r mutatkozott be a Kaposv\u00e1ri Egyh\u00e1zmegy\u00e9ben T\u00f6lgyesi D\u00e1vid somogys\u00e1msoni pl\u00e9b\u00e1niai korm\u00e1nyz\u00f3 \u00e9s ifj\u00fas\u00e1gi referens megh\u00edv\u00e1s\u00e1ra.<\/p>\n","protected":false},"excerpt":{"rendered":"<p>2023. december 8-\u00e1n, p\u00e9nteken, Szepl\u0151telen Fogantat\u00e1s \u00fcnnep\u00e9n, a marcaliak fogadott szents\u00e9gim\u00e1d\u00e1si napj\u00e1n \u2013 a kar\u00e1csonyra val\u00f3 el\u0151k\u00e9sz\u00fclet r\u00e9szek\u00e9nt \u2013 a Marcali R\u00f3mai Katolikus Egyh\u00e1zk\u00f6zs\u00e9g \u00e1dventi Lelki Napj\u00e1t tartott\u00e1k meg a Gy\u00fcm\u00f6lcsolt\u00f3 Boldogasszony pl\u00e9b\u00e1niatemplomban. A program 10 \u00f3rakor az Olt\u00e1riszents\u00e9g kit\u00e9tel\u00e9vel kezd\u0151d\u00f6tt. Majd 16 \u00f3r\u00e1ig a h\u00edvek \u00e9s a k\u00f6z\u00f6ss\u00e9gek tagjai csendes szents\u00e9gim\u00e1d\u00e1st v\u00e1llaltak egym\u00e1st v\u00e1ltva. Ezut\u00e1n az Ifj\u00fa L\u00e1mp\u00e1s K\u00f6z\u00f6ss\u00e9g tagjai tan\u00fas\u00e1gt\u00e9tellel \u00e9s zen\u00e9vel egybek\u00f6t\u00f6tt szents\u00e9gim\u00e1d\u00e1sa k\u00f6vetkezett. V\u00e9g\u00fcl 17 \u00f3r\u00e1t\u00f3l Tomanek Ferenc \u00c1ron pl\u00e9b\u00e1nos celebr\u00e1lt lelkigyakorlatos szentmis\u00e9t, melyen az \u00fcnnepre&#8230;<\/p>\n<p class=\"read-more\"><a class=\"btn btn-default\" href=\"https:\/\/marcali.plebania.hu\/?p=5283\"> Read More<span class=\"screen-reader-text\">  Read More<\/span><\/a><\/p>\n","protected":false},"author":2,"featured_media":0,"comment_status":"closed","ping_status":"open","sticky":false,"template":"","format":"standard","meta":{"footnotes":""},"categories":[1],"tags":[],"class_list":["post-5283","post","type-post","status-publish","format-standard","hentry","category-egyeb"],"_links":{"self":[{"href":"https:\/\/marcali.plebania.hu\/index.php?rest_route=\/wp\/v2\/posts\/5283","targetHints":{"allow":["GET"]}}],"collection":[{"href":"https:\/\/marcali.plebania.hu\/index.php?rest_route=\/wp\/v2\/posts"}],"about":[{"href":"https:\/\/marcali.plebania.hu\/index.php?rest_route=\/wp\/v2\/types\/post"}],"author":[{"embeddable":true,"href":"https:\/\/marcali.plebania.hu\/index.php?rest_route=\/wp\/v2\/users\/2"}],"replies":[{"embeddable":true,"href":"https:\/\/marcali.plebania.hu\/index.php?rest_route=%2Fwp%2Fv2%2Fcomments&post=5283"}],"version-history":[{"count":1,"href":"https:\/\/marcali.plebania.hu\/index.php?rest_route=\/wp\/v2\/posts\/5283\/revisions"}],"predecessor-version":[{"id":5298,"href":"https:\/\/marcali.plebania.hu\/index.php?rest_route=\/wp\/v2\/posts\/5283\/revisions\/5298"}],"wp:attachment":[{"href":"https:\/\/marcali.plebania.hu\/index.php?rest_route=%2Fwp%2Fv2%2Fmedia&parent=5283"}],"wp:term":[{"taxonomy":"category","embeddable":true,"href":"https:\/\/marcali.plebania.hu\/index.php?rest_route=%2Fwp%2Fv2%2Fcategories&post=5283"},{"taxonomy":"post_tag","embeddable":true,"href":"https:\/\/marcali.plebania.hu\/index.php?rest_route=%2Fwp%2Fv2%2Ftags&post=5283"}],"curies":[{"name":"wp","href":"https:\/\/api.w.org\/{rel}","templated":true}]}}