{"id":5299,"date":"2023-12-12T10:18:29","date_gmt":"2023-12-12T10:18:29","guid":{"rendered":"https:\/\/marcali.plebania.hu\/?p=5299"},"modified":"2023-12-12T10:18:29","modified_gmt":"2023-12-12T10:18:29","slug":"meggyujtottak-a-2023-as-ev-masodik-adventi-gyertyajat","status":"publish","type":"post","link":"https:\/\/marcali.plebania.hu\/?p=5299","title":{"rendered":"Meggy\u00fajtott\u00e1k a 2023-as \u00e9v m\u00e1sodik \u00e1dventi gyerty\u00e1j\u00e1t"},"content":{"rendered":"\n<p>2023. december 9-\u00e9n, \u00e1dvent m\u00e1sodik szombatj\u00e1n ism\u00e9t 17 \u00f3rakor kezd\u0151d\u00f6tt a gimnazist\u00e1k \u00fcnnepi m\u0171sora, mely ut\u00e1n a Gy\u00fcm\u00f6lcsolt\u00f3 Boldogasszony pl\u00e9b\u00e1niatemplom el\u0151tti Boldog II. J\u00e1nos P\u00e1l p\u00e1pa t\u00e9ren l\u00e9v\u0151 k\u00fclt\u00e9ri \u00e1dventi koszor\u00fan meggy\u00fajtott\u00e1k a m\u00e1sodik gyerty\u00e1t.<\/p>\n\n\n\n<figure class=\"wp-block-gallery has-nested-images columns-default is-cropped wp-block-gallery-1 is-layout-flex wp-block-gallery-is-layout-flex\">\n<figure class=\"wp-block-image size-large\"><img loading=\"lazy\" decoding=\"async\" width=\"1024\" height=\"683\" data-id=\"5301\" src=\"https:\/\/marcali.plebania.hu\/wp-content\/uploads\/2023\/12\/02-4-1024x683.jpg\" alt=\"\" class=\"wp-image-5301\" srcset=\"https:\/\/marcali.plebania.hu\/wp-content\/uploads\/2023\/12\/02-4-1024x683.jpg 1024w, https:\/\/marcali.plebania.hu\/wp-content\/uploads\/2023\/12\/02-4-300x200.jpg 300w, https:\/\/marcali.plebania.hu\/wp-content\/uploads\/2023\/12\/02-4-768x512.jpg 768w, https:\/\/marcali.plebania.hu\/wp-content\/uploads\/2023\/12\/02-4-1536x1024.jpg 1536w, https:\/\/marcali.plebania.hu\/wp-content\/uploads\/2023\/12\/02-4-2048x1365.jpg 2048w, https:\/\/marcali.plebania.hu\/wp-content\/uploads\/2023\/12\/02-4-405x270.jpg 405w\" sizes=\"auto, (max-width: 1024px) 100vw, 1024px\" \/><\/figure>\n\n\n\n<figure class=\"wp-block-image size-large\"><img loading=\"lazy\" decoding=\"async\" width=\"1024\" height=\"683\" data-id=\"5312\" src=\"https:\/\/marcali.plebania.hu\/wp-content\/uploads\/2023\/12\/24-1024x683.jpg\" alt=\"\" class=\"wp-image-5312\" srcset=\"https:\/\/marcali.plebania.hu\/wp-content\/uploads\/2023\/12\/24-1024x683.jpg 1024w, https:\/\/marcali.plebania.hu\/wp-content\/uploads\/2023\/12\/24-300x200.jpg 300w, https:\/\/marcali.plebania.hu\/wp-content\/uploads\/2023\/12\/24-768x512.jpg 768w, https:\/\/marcali.plebania.hu\/wp-content\/uploads\/2023\/12\/24-1536x1024.jpg 1536w, https:\/\/marcali.plebania.hu\/wp-content\/uploads\/2023\/12\/24-2048x1365.jpg 2048w, https:\/\/marcali.plebania.hu\/wp-content\/uploads\/2023\/12\/24-405x270.jpg 405w\" sizes=\"auto, (max-width: 1024px) 100vw, 1024px\" \/><\/figure>\n\n\n\n<figure class=\"wp-block-image size-large\"><img loading=\"lazy\" decoding=\"async\" width=\"1024\" height=\"683\" data-id=\"5304\" src=\"https:\/\/marcali.plebania.hu\/wp-content\/uploads\/2023\/12\/14-1-1024x683.jpg\" alt=\"\" class=\"wp-image-5304\" srcset=\"https:\/\/marcali.plebania.hu\/wp-content\/uploads\/2023\/12\/14-1-1024x683.jpg 1024w, https:\/\/marcali.plebania.hu\/wp-content\/uploads\/2023\/12\/14-1-300x200.jpg 300w, https:\/\/marcali.plebania.hu\/wp-content\/uploads\/2023\/12\/14-1-768x512.jpg 768w, https:\/\/marcali.plebania.hu\/wp-content\/uploads\/2023\/12\/14-1-1536x1024.jpg 1536w, https:\/\/marcali.plebania.hu\/wp-content\/uploads\/2023\/12\/14-1-2048x1365.jpg 2048w, https:\/\/marcali.plebania.hu\/wp-content\/uploads\/2023\/12\/14-1-405x270.jpg 405w\" sizes=\"auto, (max-width: 1024px) 100vw, 1024px\" \/><\/figure>\n\n\n\n<figure class=\"wp-block-image size-large\"><img loading=\"lazy\" decoding=\"async\" width=\"1024\" height=\"683\" data-id=\"5305\" src=\"https:\/\/marcali.plebania.hu\/wp-content\/uploads\/2023\/12\/20-2-1024x683.jpg\" alt=\"\" class=\"wp-image-5305\" srcset=\"https:\/\/marcali.plebania.hu\/wp-content\/uploads\/2023\/12\/20-2-1024x683.jpg 1024w, https:\/\/marcali.plebania.hu\/wp-content\/uploads\/2023\/12\/20-2-300x200.jpg 300w, https:\/\/marcali.plebania.hu\/wp-content\/uploads\/2023\/12\/20-2-768x512.jpg 768w, https:\/\/marcali.plebania.hu\/wp-content\/uploads\/2023\/12\/20-2-1536x1024.jpg 1536w, https:\/\/marcali.plebania.hu\/wp-content\/uploads\/2023\/12\/20-2-2048x1365.jpg 2048w, https:\/\/marcali.plebania.hu\/wp-content\/uploads\/2023\/12\/20-2-405x270.jpg 405w\" sizes=\"auto, (max-width: 1024px) 100vw, 1024px\" \/><\/figure>\n<\/figure>\n\n\n\n<p>A v\u00e1rossal k\u00f6z\u00f6sen szervezett rendezv\u00e9nyt Tomanek Ferenc \u00c1ron pl\u00e9b\u00e1nos nyitotta meg, valamint k\u00f6sz\u00f6nt\u00f6tte a nagy sz\u00e1mban megjelenteket, majd pedig besz\u00e9lt a kar\u00e1csonyra val\u00f3 el\u0151k\u00e9sz\u00fclet r\u00e9szek\u00e9nt \u00e1dvent m\u00e1sodik vas\u00e1rnapj\u00e1r\u00f3l. Ezut\u00e1n a Berzsenyi D\u00e1niel Gimn\u00e1zium di\u00e1kjainak k\u00f6zrem\u0171k\u00f6d\u00e9s\u00e9vel egy igen sz\u00ednvonalas \u00e9s l\u00e1tv\u00e1nyos verses-zen\u00e9s-t\u00e1ncos m\u0171sora k\u00f6vetkezett. A felk\u00e9sz\u00edt\u0151 pedag\u00f3gus Farkasn\u00e9 Bencze Andrea tan\u00e1rn\u0151 volt.<\/p>\n\n\n\n<figure class=\"wp-block-gallery has-nested-images columns-default is-cropped wp-block-gallery-2 is-layout-flex wp-block-gallery-is-layout-flex\">\n<figure class=\"wp-block-image size-large\"><img loading=\"lazy\" decoding=\"async\" width=\"1024\" height=\"683\" data-id=\"5310\" src=\"https:\/\/marcali.plebania.hu\/wp-content\/uploads\/2023\/12\/35-1-1024x683.jpg\" alt=\"\" class=\"wp-image-5310\" srcset=\"https:\/\/marcali.plebania.hu\/wp-content\/uploads\/2023\/12\/35-1-1024x683.jpg 1024w, https:\/\/marcali.plebania.hu\/wp-content\/uploads\/2023\/12\/35-1-300x200.jpg 300w, https:\/\/marcali.plebania.hu\/wp-content\/uploads\/2023\/12\/35-1-768x512.jpg 768w, https:\/\/marcali.plebania.hu\/wp-content\/uploads\/2023\/12\/35-1-1536x1024.jpg 1536w, https:\/\/marcali.plebania.hu\/wp-content\/uploads\/2023\/12\/35-1-2048x1365.jpg 2048w, https:\/\/marcali.plebania.hu\/wp-content\/uploads\/2023\/12\/35-1-405x270.jpg 405w\" sizes=\"auto, (max-width: 1024px) 100vw, 1024px\" \/><\/figure>\n\n\n\n<figure class=\"wp-block-image size-large\"><img loading=\"lazy\" decoding=\"async\" width=\"1024\" height=\"683\" data-id=\"5311\" src=\"https:\/\/marcali.plebania.hu\/wp-content\/uploads\/2023\/12\/37-1-1024x683.jpg\" alt=\"\" class=\"wp-image-5311\" srcset=\"https:\/\/marcali.plebania.hu\/wp-content\/uploads\/2023\/12\/37-1-1024x683.jpg 1024w, https:\/\/marcali.plebania.hu\/wp-content\/uploads\/2023\/12\/37-1-300x200.jpg 300w, https:\/\/marcali.plebania.hu\/wp-content\/uploads\/2023\/12\/37-1-768x512.jpg 768w, https:\/\/marcali.plebania.hu\/wp-content\/uploads\/2023\/12\/37-1-1536x1024.jpg 1536w, https:\/\/marcali.plebania.hu\/wp-content\/uploads\/2023\/12\/37-1-2048x1365.jpg 2048w, https:\/\/marcali.plebania.hu\/wp-content\/uploads\/2023\/12\/37-1-405x270.jpg 405w\" sizes=\"auto, (max-width: 1024px) 100vw, 1024px\" \/><\/figure>\n\n\n\n<figure class=\"wp-block-image size-large\"><img loading=\"lazy\" decoding=\"async\" width=\"1024\" height=\"683\" data-id=\"5307\" src=\"https:\/\/marcali.plebania.hu\/wp-content\/uploads\/2023\/12\/27-3-1024x683.jpg\" alt=\"\" class=\"wp-image-5307\" srcset=\"https:\/\/marcali.plebania.hu\/wp-content\/uploads\/2023\/12\/27-3-1024x683.jpg 1024w, https:\/\/marcali.plebania.hu\/wp-content\/uploads\/2023\/12\/27-3-300x200.jpg 300w, https:\/\/marcali.plebania.hu\/wp-content\/uploads\/2023\/12\/27-3-768x512.jpg 768w, https:\/\/marcali.plebania.hu\/wp-content\/uploads\/2023\/12\/27-3-1536x1024.jpg 1536w, https:\/\/marcali.plebania.hu\/wp-content\/uploads\/2023\/12\/27-3-2048x1365.jpg 2048w, https:\/\/marcali.plebania.hu\/wp-content\/uploads\/2023\/12\/27-3-405x270.jpg 405w\" sizes=\"auto, (max-width: 1024px) 100vw, 1024px\" \/><\/figure>\n\n\n\n<figure class=\"wp-block-image size-large\"><img loading=\"lazy\" decoding=\"async\" width=\"1024\" height=\"683\" data-id=\"5308\" src=\"https:\/\/marcali.plebania.hu\/wp-content\/uploads\/2023\/12\/36-1-1024x683.jpg\" alt=\"\" class=\"wp-image-5308\" srcset=\"https:\/\/marcali.plebania.hu\/wp-content\/uploads\/2023\/12\/36-1-1024x683.jpg 1024w, https:\/\/marcali.plebania.hu\/wp-content\/uploads\/2023\/12\/36-1-300x200.jpg 300w, https:\/\/marcali.plebania.hu\/wp-content\/uploads\/2023\/12\/36-1-768x512.jpg 768w, https:\/\/marcali.plebania.hu\/wp-content\/uploads\/2023\/12\/36-1-1536x1024.jpg 1536w, https:\/\/marcali.plebania.hu\/wp-content\/uploads\/2023\/12\/36-1-2048x1365.jpg 2048w, https:\/\/marcali.plebania.hu\/wp-content\/uploads\/2023\/12\/36-1-405x270.jpg 405w\" sizes=\"auto, (max-width: 1024px) 100vw, 1024px\" \/><\/figure>\n<\/figure>\n\n\n\n<p>A kar\u00e1csonyra val\u00f3 felk\u00e9sz\u00fcl\u00e9s r\u00e9szek\u00e9nt a m\u00e1sodik lila sz\u00edn\u0171 \u00e1dventi gyerty\u00e1t \u2013 Ferenc atya \u00e9s K\u0151r\u00f6si Andr\u00e1s igazgat\u00f3 k\u00eds\u00e9ret\u00e9ben \u2013 az iskola egyik di\u00e1kja gy\u00fajtotta meg \u00e9s helyezte el a k\u00fclt\u00e9ri koszor\u00fan. Az \u00e1dventi \u00fcnneps\u00e9g szentmis\u00e9vel z\u00e1rult a Gy\u00fcm\u00f6lcsolt\u00f3 Boldogasszony Pl\u00e9b\u00e1niatemplomban.<\/p>\n\n\n\n<figure class=\"wp-block-gallery has-nested-images columns-default is-cropped wp-block-gallery-3 is-layout-flex wp-block-gallery-is-layout-flex\">\n<figure class=\"wp-block-image size-large\"><img loading=\"lazy\" decoding=\"async\" width=\"1024\" height=\"683\" data-id=\"5316\" src=\"https:\/\/marcali.plebania.hu\/wp-content\/uploads\/2023\/12\/42-1024x683.jpg\" alt=\"\" class=\"wp-image-5316\" srcset=\"https:\/\/marcali.plebania.hu\/wp-content\/uploads\/2023\/12\/42-1024x683.jpg 1024w, https:\/\/marcali.plebania.hu\/wp-content\/uploads\/2023\/12\/42-300x200.jpg 300w, https:\/\/marcali.plebania.hu\/wp-content\/uploads\/2023\/12\/42-768x512.jpg 768w, https:\/\/marcali.plebania.hu\/wp-content\/uploads\/2023\/12\/42-1536x1024.jpg 1536w, https:\/\/marcali.plebania.hu\/wp-content\/uploads\/2023\/12\/42-2048x1365.jpg 2048w, https:\/\/marcali.plebania.hu\/wp-content\/uploads\/2023\/12\/42-405x270.jpg 405w\" sizes=\"auto, (max-width: 1024px) 100vw, 1024px\" \/><\/figure>\n\n\n\n<figure class=\"wp-block-image size-large\"><img loading=\"lazy\" decoding=\"async\" width=\"1024\" height=\"683\" data-id=\"5313\" src=\"https:\/\/marcali.plebania.hu\/wp-content\/uploads\/2023\/12\/44-1024x683.jpg\" alt=\"\" class=\"wp-image-5313\" srcset=\"https:\/\/marcali.plebania.hu\/wp-content\/uploads\/2023\/12\/44-1024x683.jpg 1024w, https:\/\/marcali.plebania.hu\/wp-content\/uploads\/2023\/12\/44-300x200.jpg 300w, https:\/\/marcali.plebania.hu\/wp-content\/uploads\/2023\/12\/44-768x512.jpg 768w, https:\/\/marcali.plebania.hu\/wp-content\/uploads\/2023\/12\/44-1536x1024.jpg 1536w, https:\/\/marcali.plebania.hu\/wp-content\/uploads\/2023\/12\/44-2048x1365.jpg 2048w, https:\/\/marcali.plebania.hu\/wp-content\/uploads\/2023\/12\/44-405x270.jpg 405w\" sizes=\"auto, (max-width: 1024px) 100vw, 1024px\" \/><\/figure>\n\n\n\n<figure class=\"wp-block-image size-large\"><img loading=\"lazy\" decoding=\"async\" width=\"1024\" height=\"683\" data-id=\"5315\" src=\"https:\/\/marcali.plebania.hu\/wp-content\/uploads\/2023\/12\/45-1024x683.jpg\" alt=\"\" class=\"wp-image-5315\" srcset=\"https:\/\/marcali.plebania.hu\/wp-content\/uploads\/2023\/12\/45-1024x683.jpg 1024w, https:\/\/marcali.plebania.hu\/wp-content\/uploads\/2023\/12\/45-300x200.jpg 300w, https:\/\/marcali.plebania.hu\/wp-content\/uploads\/2023\/12\/45-768x512.jpg 768w, https:\/\/marcali.plebania.hu\/wp-content\/uploads\/2023\/12\/45-1536x1024.jpg 1536w, https:\/\/marcali.plebania.hu\/wp-content\/uploads\/2023\/12\/45-2048x1365.jpg 2048w, https:\/\/marcali.plebania.hu\/wp-content\/uploads\/2023\/12\/45-405x270.jpg 405w\" sizes=\"auto, (max-width: 1024px) 100vw, 1024px\" \/><\/figure>\n\n\n\n<figure class=\"wp-block-image size-large\"><img loading=\"lazy\" decoding=\"async\" width=\"1024\" height=\"683\" data-id=\"5317\" src=\"https:\/\/marcali.plebania.hu\/wp-content\/uploads\/2023\/12\/48-1024x683.jpg\" alt=\"\" class=\"wp-image-5317\" srcset=\"https:\/\/marcali.plebania.hu\/wp-content\/uploads\/2023\/12\/48-1024x683.jpg 1024w, https:\/\/marcali.plebania.hu\/wp-content\/uploads\/2023\/12\/48-300x200.jpg 300w, https:\/\/marcali.plebania.hu\/wp-content\/uploads\/2023\/12\/48-768x512.jpg 768w, https:\/\/marcali.plebania.hu\/wp-content\/uploads\/2023\/12\/48-1536x1024.jpg 1536w, https:\/\/marcali.plebania.hu\/wp-content\/uploads\/2023\/12\/48-2048x1365.jpg 2048w, https:\/\/marcali.plebania.hu\/wp-content\/uploads\/2023\/12\/48-405x270.jpg 405w\" sizes=\"auto, (max-width: 1024px) 100vw, 1024px\" \/><\/figure>\n<\/figure>\n\n\n\n<p>A k\u00f6vetkez\u0151 gyertyagy\u00fajt\u00e1s egy h\u00e9t m\u00falva, ugyanebben az id\u0151ben a Miksz\u00e1th iskola tanul\u00f3inak m\u0171sor\u00e1val folytat\u00f3dik.<\/p>\n","protected":false},"excerpt":{"rendered":"<p>2023. december 9-\u00e9n, \u00e1dvent m\u00e1sodik szombatj\u00e1n ism\u00e9t 17 \u00f3rakor kezd\u0151d\u00f6tt a gimnazist\u00e1k \u00fcnnepi m\u0171sora, mely ut\u00e1n a Gy\u00fcm\u00f6lcsolt\u00f3 Boldogasszony pl\u00e9b\u00e1niatemplom el\u0151tti Boldog II. J\u00e1nos P\u00e1l p\u00e1pa t\u00e9ren l\u00e9v\u0151 k\u00fclt\u00e9ri \u00e1dventi koszor\u00fan meggy\u00fajtott\u00e1k a m\u00e1sodik gyerty\u00e1t. A v\u00e1rossal k\u00f6z\u00f6sen szervezett rendezv\u00e9nyt Tomanek Ferenc \u00c1ron pl\u00e9b\u00e1nos nyitotta meg, valamint k\u00f6sz\u00f6nt\u00f6tte a nagy sz\u00e1mban megjelenteket, majd pedig besz\u00e9lt a kar\u00e1csonyra val\u00f3 el\u0151k\u00e9sz\u00fclet r\u00e9szek\u00e9nt \u00e1dvent m\u00e1sodik vas\u00e1rnapj\u00e1r\u00f3l. Ezut\u00e1n a Berzsenyi D\u00e1niel Gimn\u00e1zium di\u00e1kjainak k\u00f6zrem\u0171k\u00f6d\u00e9s\u00e9vel egy igen sz\u00ednvonalas \u00e9s l\u00e1tv\u00e1nyos verses-zen\u00e9s-t\u00e1ncos m\u0171sora k\u00f6vetkezett. A felk\u00e9sz\u00edt\u0151&#8230;<\/p>\n<p class=\"read-more\"><a class=\"btn btn-default\" href=\"https:\/\/marcali.plebania.hu\/?p=5299\"> Read More<span class=\"screen-reader-text\">  Read More<\/span><\/a><\/p>\n","protected":false},"author":2,"featured_media":0,"comment_status":"closed","ping_status":"open","sticky":false,"template":"","format":"standard","meta":{"footnotes":""},"categories":[1],"tags":[],"class_list":["post-5299","post","type-post","status-publish","format-standard","hentry","category-egyeb"],"_links":{"self":[{"href":"https:\/\/marcali.plebania.hu\/index.php?rest_route=\/wp\/v2\/posts\/5299","targetHints":{"allow":["GET"]}}],"collection":[{"href":"https:\/\/marcali.plebania.hu\/index.php?rest_route=\/wp\/v2\/posts"}],"about":[{"href":"https:\/\/marcali.plebania.hu\/index.php?rest_route=\/wp\/v2\/types\/post"}],"author":[{"embeddable":true,"href":"https:\/\/marcali.plebania.hu\/index.php?rest_route=\/wp\/v2\/users\/2"}],"replies":[{"embeddable":true,"href":"https:\/\/marcali.plebania.hu\/index.php?rest_route=%2Fwp%2Fv2%2Fcomments&post=5299"}],"version-history":[{"count":1,"href":"https:\/\/marcali.plebania.hu\/index.php?rest_route=\/wp\/v2\/posts\/5299\/revisions"}],"predecessor-version":[{"id":5318,"href":"https:\/\/marcali.plebania.hu\/index.php?rest_route=\/wp\/v2\/posts\/5299\/revisions\/5318"}],"wp:attachment":[{"href":"https:\/\/marcali.plebania.hu\/index.php?rest_route=%2Fwp%2Fv2%2Fmedia&parent=5299"}],"wp:term":[{"taxonomy":"category","embeddable":true,"href":"https:\/\/marcali.plebania.hu\/index.php?rest_route=%2Fwp%2Fv2%2Fcategories&post=5299"},{"taxonomy":"post_tag","embeddable":true,"href":"https:\/\/marcali.plebania.hu\/index.php?rest_route=%2Fwp%2Fv2%2Ftags&post=5299"}],"curies":[{"name":"wp","href":"https:\/\/api.w.org\/{rel}","templated":true}]}}