{"id":5319,"date":"2023-12-13T14:32:26","date_gmt":"2023-12-13T14:32:26","guid":{"rendered":"https:\/\/marcali.plebania.hu\/?p=5319"},"modified":"2023-12-13T14:32:48","modified_gmt":"2023-12-13T14:32:48","slug":"a-marcali-karitasz-csoport-adventi-latogatasa-az-idosek-otthonaban","status":"publish","type":"post","link":"https:\/\/marcali.plebania.hu\/?p=5319","title":{"rendered":"A Marcali Karit\u00e1sz Csoport adventi l\u00e1togat\u00e1sa az Id\u0151sek Otthon\u00e1ban"},"content":{"rendered":"\n<p>2023. december 12-dik\u00e9n a gombai Id\u0151sek Otthon\u00e1ban 22 id\u0151s \u00e9s sz\u00e9pkor\u00fa bentlak\u00f3 v\u00e1rta szeretetteljes l\u00e9gk\u00f6rben a marcali Karit\u00e1sz csoport tagjait, akik adventi, kar\u00e1csonyi versekkel, s k\u00f6z\u00f6s \u00e9nekl\u00e9ssel \u00f6rvendeztett\u00e9k meg az egybegy\u0171lteket. Majd, a Szent Erzs\u00e9bet napj\u00e1n gy\u0171jt\u00f6tt adom\u00e1nyokb\u00f3l v\u00e1s\u00e1rolt gy\u00fcm\u00f6lcs \u00e9s \u00e9dess\u00e9g csomaggal megaj\u00e1nd\u00e9kozt\u00e1k \u0151ket az \u00f6nk\u00e9ntesek, a kar\u00e1csonyi hangulat megteremt\u00e9s\u00e9vel siker\u00fclt hozz\u00e1j\u00e1rulnunk az \u00fcnnephez m\u00e9lt\u00f3 felk\u00e9sz\u00fcl\u00e9shez.<\/p>\n\n\n\n<figure class=\"wp-block-gallery has-nested-images columns-default is-cropped wp-block-gallery-1 is-layout-flex wp-block-gallery-is-layout-flex\">\n<figure class=\"wp-block-image size-large\"><img loading=\"lazy\" decoding=\"async\" width=\"1024\" height=\"768\" data-id=\"5323\" src=\"https:\/\/marcali.plebania.hu\/wp-content\/uploads\/2023\/12\/otthon-3-1024x768.jpg\" alt=\"\" class=\"wp-image-5323\" srcset=\"https:\/\/marcali.plebania.hu\/wp-content\/uploads\/2023\/12\/otthon-3-1024x768.jpg 1024w, https:\/\/marcali.plebania.hu\/wp-content\/uploads\/2023\/12\/otthon-3-300x225.jpg 300w, https:\/\/marcali.plebania.hu\/wp-content\/uploads\/2023\/12\/otthon-3-768x576.jpg 768w, https:\/\/marcali.plebania.hu\/wp-content\/uploads\/2023\/12\/otthon-3-1536x1152.jpg 1536w, https:\/\/marcali.plebania.hu\/wp-content\/uploads\/2023\/12\/otthon-3-360x270.jpg 360w, https:\/\/marcali.plebania.hu\/wp-content\/uploads\/2023\/12\/otthon-3.jpg 1824w\" sizes=\"auto, (max-width: 1024px) 100vw, 1024px\" \/><\/figure>\n\n\n\n<figure class=\"wp-block-image size-large\"><img loading=\"lazy\" decoding=\"async\" width=\"1024\" height=\"768\" data-id=\"5320\" src=\"https:\/\/marcali.plebania.hu\/wp-content\/uploads\/2023\/12\/otthon-5-1024x768.jpg\" alt=\"\" class=\"wp-image-5320\" srcset=\"https:\/\/marcali.plebania.hu\/wp-content\/uploads\/2023\/12\/otthon-5-1024x768.jpg 1024w, https:\/\/marcali.plebania.hu\/wp-content\/uploads\/2023\/12\/otthon-5-300x225.jpg 300w, https:\/\/marcali.plebania.hu\/wp-content\/uploads\/2023\/12\/otthon-5-768x576.jpg 768w, https:\/\/marcali.plebania.hu\/wp-content\/uploads\/2023\/12\/otthon-5-1536x1152.jpg 1536w, https:\/\/marcali.plebania.hu\/wp-content\/uploads\/2023\/12\/otthon-5-360x270.jpg 360w, https:\/\/marcali.plebania.hu\/wp-content\/uploads\/2023\/12\/otthon-5.jpg 1824w\" sizes=\"auto, (max-width: 1024px) 100vw, 1024px\" \/><\/figure>\n\n\n\n<figure class=\"wp-block-image size-large\"><img loading=\"lazy\" decoding=\"async\" width=\"1024\" height=\"768\" data-id=\"5321\" src=\"https:\/\/marcali.plebania.hu\/wp-content\/uploads\/2023\/12\/otthon-8-1024x768.jpg\" alt=\"\" class=\"wp-image-5321\" srcset=\"https:\/\/marcali.plebania.hu\/wp-content\/uploads\/2023\/12\/otthon-8-1024x768.jpg 1024w, https:\/\/marcali.plebania.hu\/wp-content\/uploads\/2023\/12\/otthon-8-300x225.jpg 300w, https:\/\/marcali.plebania.hu\/wp-content\/uploads\/2023\/12\/otthon-8-768x576.jpg 768w, https:\/\/marcali.plebania.hu\/wp-content\/uploads\/2023\/12\/otthon-8-1536x1152.jpg 1536w, https:\/\/marcali.plebania.hu\/wp-content\/uploads\/2023\/12\/otthon-8-360x270.jpg 360w, https:\/\/marcali.plebania.hu\/wp-content\/uploads\/2023\/12\/otthon-8.jpg 1920w\" sizes=\"auto, (max-width: 1024px) 100vw, 1024px\" \/><\/figure>\n\n\n\n<figure class=\"wp-block-image size-large\"><img loading=\"lazy\" decoding=\"async\" width=\"1024\" height=\"768\" data-id=\"5322\" src=\"https:\/\/marcali.plebania.hu\/wp-content\/uploads\/2023\/12\/otthon-12-1024x768.jpg\" alt=\"\" class=\"wp-image-5322\" srcset=\"https:\/\/marcali.plebania.hu\/wp-content\/uploads\/2023\/12\/otthon-12-1024x768.jpg 1024w, https:\/\/marcali.plebania.hu\/wp-content\/uploads\/2023\/12\/otthon-12-300x225.jpg 300w, https:\/\/marcali.plebania.hu\/wp-content\/uploads\/2023\/12\/otthon-12-768x576.jpg 768w, https:\/\/marcali.plebania.hu\/wp-content\/uploads\/2023\/12\/otthon-12-1536x1152.jpg 1536w, https:\/\/marcali.plebania.hu\/wp-content\/uploads\/2023\/12\/otthon-12-360x270.jpg 360w, https:\/\/marcali.plebania.hu\/wp-content\/uploads\/2023\/12\/otthon-12.jpg 1824w\" sizes=\"auto, (max-width: 1024px) 100vw, 1024px\" \/><\/figure>\n<\/figure>\n\n\n\n<p>Megk\u00f6sz\u00f6nt\u00fck\u00a0az\u00a0int\u00e9zm\u00e9ny dolgoz\u00f3inak munk\u00e1j\u00e1t, t\u00fcrelm\u00e9t az id\u0151s emberekr\u0151l val\u00f3 gondoskod\u00e1st, v\u00e9gezet\u00fcl k\u00f6z\u00f6sen elmondtuk a Miaty\u00e1nk \u00e9s az \u00dcdv\u00f6zl\u00e9gy M\u00e1ria im\u00e1ds\u00e1gokat, s \u00c1roni \u00e1ld\u00e1st k\u00e9rt\u00fcnk az int\u00e9zm\u00e9nyben \u00e9l\u0151kre \u00e9s gondoz\u00f3ikra.<\/p>\n\n\n\n<figure class=\"wp-block-gallery has-nested-images columns-default is-cropped wp-block-gallery-2 is-layout-flex wp-block-gallery-is-layout-flex\">\n<figure class=\"wp-block-image size-large\"><img loading=\"lazy\" decoding=\"async\" width=\"1024\" height=\"768\" data-id=\"5324\" src=\"https:\/\/marcali.plebania.hu\/wp-content\/uploads\/2023\/12\/otthon-17-1024x768.jpg\" alt=\"\" class=\"wp-image-5324\" srcset=\"https:\/\/marcali.plebania.hu\/wp-content\/uploads\/2023\/12\/otthon-17-1024x768.jpg 1024w, https:\/\/marcali.plebania.hu\/wp-content\/uploads\/2023\/12\/otthon-17-300x225.jpg 300w, https:\/\/marcali.plebania.hu\/wp-content\/uploads\/2023\/12\/otthon-17-768x576.jpg 768w, https:\/\/marcali.plebania.hu\/wp-content\/uploads\/2023\/12\/otthon-17-1536x1152.jpg 1536w, https:\/\/marcali.plebania.hu\/wp-content\/uploads\/2023\/12\/otthon-17-360x270.jpg 360w, https:\/\/marcali.plebania.hu\/wp-content\/uploads\/2023\/12\/otthon-17.jpg 1824w\" sizes=\"auto, (max-width: 1024px) 100vw, 1024px\" \/><\/figure>\n<\/figure>\n\n\n\n<p>Mint mindig, most is meghat\u00f3 \u00e9s bens\u0151s\u00e9ges tal\u00e1lkoz\u00e1s volt az otthon id\u0151s lak\u00f3ival, Isten \u00e1ldja \u0151ket!<\/p>\n\n\n\n<p> (A k\u00e9peken l\u00e1that\u00f3 szem\u00e9lyek hozz\u00e1j\u00e1rultak a nyilv\u00e1nos megjelen\u00e9shez)<\/p>\n\n\n\n<p><\/p>\n\n\n\n<p>\u00cdrta. G\u00e1ln\u00e9 V\u00e9gh Edit<\/p>\n\n\n\n<p>Fot\u00f3k: Marcali Karit\u00e1sz Csoport<\/p>\n","protected":false},"excerpt":{"rendered":"<p>2023. december 12-dik\u00e9n a gombai Id\u0151sek Otthon\u00e1ban 22 id\u0151s \u00e9s sz\u00e9pkor\u00fa bentlak\u00f3 v\u00e1rta szeretetteljes l\u00e9gk\u00f6rben a marcali Karit\u00e1sz csoport tagjait, akik adventi, kar\u00e1csonyi versekkel, s k\u00f6z\u00f6s \u00e9nekl\u00e9ssel \u00f6rvendeztett\u00e9k meg az egybegy\u0171lteket. Majd, a Szent Erzs\u00e9bet napj\u00e1n gy\u0171jt\u00f6tt adom\u00e1nyokb\u00f3l v\u00e1s\u00e1rolt gy\u00fcm\u00f6lcs \u00e9s \u00e9dess\u00e9g csomaggal megaj\u00e1nd\u00e9kozt\u00e1k \u0151ket az \u00f6nk\u00e9ntesek, a kar\u00e1csonyi hangulat megteremt\u00e9s\u00e9vel siker\u00fclt hozz\u00e1j\u00e1rulnunk az \u00fcnnephez m\u00e9lt\u00f3 felk\u00e9sz\u00fcl\u00e9shez. Megk\u00f6sz\u00f6nt\u00fck\u00a0az\u00a0int\u00e9zm\u00e9ny dolgoz\u00f3inak munk\u00e1j\u00e1t, t\u00fcrelm\u00e9t az id\u0151s emberekr\u0151l val\u00f3 gondoskod\u00e1st, v\u00e9gezet\u00fcl k\u00f6z\u00f6sen elmondtuk a Miaty\u00e1nk \u00e9s az \u00dcdv\u00f6zl\u00e9gy M\u00e1ria im\u00e1ds\u00e1gokat, s \u00c1roni \u00e1ld\u00e1st k\u00e9rt\u00fcnk&#8230;<\/p>\n<p class=\"read-more\"><a class=\"btn btn-default\" href=\"https:\/\/marcali.plebania.hu\/?p=5319\"> Read More<span class=\"screen-reader-text\">  Read More<\/span><\/a><\/p>\n","protected":false},"author":2,"featured_media":0,"comment_status":"closed","ping_status":"open","sticky":false,"template":"","format":"standard","meta":{"footnotes":""},"categories":[1],"tags":[],"class_list":["post-5319","post","type-post","status-publish","format-standard","hentry","category-egyeb"],"_links":{"self":[{"href":"https:\/\/marcali.plebania.hu\/index.php?rest_route=\/wp\/v2\/posts\/5319","targetHints":{"allow":["GET"]}}],"collection":[{"href":"https:\/\/marcali.plebania.hu\/index.php?rest_route=\/wp\/v2\/posts"}],"about":[{"href":"https:\/\/marcali.plebania.hu\/index.php?rest_route=\/wp\/v2\/types\/post"}],"author":[{"embeddable":true,"href":"https:\/\/marcali.plebania.hu\/index.php?rest_route=\/wp\/v2\/users\/2"}],"replies":[{"embeddable":true,"href":"https:\/\/marcali.plebania.hu\/index.php?rest_route=%2Fwp%2Fv2%2Fcomments&post=5319"}],"version-history":[{"count":2,"href":"https:\/\/marcali.plebania.hu\/index.php?rest_route=\/wp\/v2\/posts\/5319\/revisions"}],"predecessor-version":[{"id":5326,"href":"https:\/\/marcali.plebania.hu\/index.php?rest_route=\/wp\/v2\/posts\/5319\/revisions\/5326"}],"wp:attachment":[{"href":"https:\/\/marcali.plebania.hu\/index.php?rest_route=%2Fwp%2Fv2%2Fmedia&parent=5319"}],"wp:term":[{"taxonomy":"category","embeddable":true,"href":"https:\/\/marcali.plebania.hu\/index.php?rest_route=%2Fwp%2Fv2%2Fcategories&post=5319"},{"taxonomy":"post_tag","embeddable":true,"href":"https:\/\/marcali.plebania.hu\/index.php?rest_route=%2Fwp%2Fv2%2Ftags&post=5319"}],"curies":[{"name":"wp","href":"https:\/\/api.w.org\/{rel}","templated":true}]}}