{"id":5331,"date":"2023-12-15T08:31:52","date_gmt":"2023-12-15T08:31:52","guid":{"rendered":"https:\/\/marcali.plebania.hu\/?p=5331"},"modified":"2023-12-15T08:31:52","modified_gmt":"2023-12-15T08:31:52","slug":"zenes-ahitat-a-feny-gyermekei-zenekarral-2023","status":"publish","type":"post","link":"https:\/\/marcali.plebania.hu\/?p=5331","title":{"rendered":"Zen\u00e9s \u00e1h\u00edtat a F\u00e9ny Gyermekei Zenekarral 2023"},"content":{"rendered":"\n<figure class=\"wp-block-gallery has-nested-images columns-default is-cropped wp-block-gallery-1 is-layout-flex wp-block-gallery-is-layout-flex\">\n<figure class=\"wp-block-image size-large\"><img loading=\"lazy\" decoding=\"async\" width=\"960\" height=\"960\" data-id=\"5332\" src=\"https:\/\/marcali.plebania.hu\/wp-content\/uploads\/2023\/12\/Zenes-ahitat-2023.jpg\" alt=\"\" class=\"wp-image-5332\" srcset=\"https:\/\/marcali.plebania.hu\/wp-content\/uploads\/2023\/12\/Zenes-ahitat-2023.jpg 960w, https:\/\/marcali.plebania.hu\/wp-content\/uploads\/2023\/12\/Zenes-ahitat-2023-300x300.jpg 300w, https:\/\/marcali.plebania.hu\/wp-content\/uploads\/2023\/12\/Zenes-ahitat-2023-150x150.jpg 150w, https:\/\/marcali.plebania.hu\/wp-content\/uploads\/2023\/12\/Zenes-ahitat-2023-768x768.jpg 768w, https:\/\/marcali.plebania.hu\/wp-content\/uploads\/2023\/12\/Zenes-ahitat-2023-270x270.jpg 270w\" sizes=\"auto, (max-width: 960px) 100vw, 960px\" \/><\/figure>\n<\/figure>\n","protected":false},"excerpt":{"rendered":"","protected":false},"author":2,"featured_media":0,"comment_status":"closed","ping_status":"open","sticky":false,"template":"","format":"standard","meta":{"footnotes":""},"categories":[1],"tags":[],"class_list":["post-5331","post","type-post","status-publish","format-standard","hentry","category-egyeb"],"_links":{"self":[{"href":"https:\/\/marcali.plebania.hu\/index.php?rest_route=\/wp\/v2\/posts\/5331","targetHints":{"allow":["GET"]}}],"collection":[{"href":"https:\/\/marcali.plebania.hu\/index.php?rest_route=\/wp\/v2\/posts"}],"about":[{"href":"https:\/\/marcali.plebania.hu\/index.php?rest_route=\/wp\/v2\/types\/post"}],"author":[{"embeddable":true,"href":"https:\/\/marcali.plebania.hu\/index.php?rest_route=\/wp\/v2\/users\/2"}],"replies":[{"embeddable":true,"href":"https:\/\/marcali.plebania.hu\/index.php?rest_route=%2Fwp%2Fv2%2Fcomments&post=5331"}],"version-history":[{"count":1,"href":"https:\/\/marcali.plebania.hu\/index.php?rest_route=\/wp\/v2\/posts\/5331\/revisions"}],"predecessor-version":[{"id":5333,"href":"https:\/\/marcali.plebania.hu\/index.php?rest_route=\/wp\/v2\/posts\/5331\/revisions\/5333"}],"wp:attachment":[{"href":"https:\/\/marcali.plebania.hu\/index.php?rest_route=%2Fwp%2Fv2%2Fmedia&parent=5331"}],"wp:term":[{"taxonomy":"category","embeddable":true,"href":"https:\/\/marcali.plebania.hu\/index.php?rest_route=%2Fwp%2Fv2%2Fcategories&post=5331"},{"taxonomy":"post_tag","embeddable":true,"href":"https:\/\/marcali.plebania.hu\/index.php?rest_route=%2Fwp%2Fv2%2Ftags&post=5331"}],"curies":[{"name":"wp","href":"https:\/\/api.w.org\/{rel}","templated":true}]}}