{"id":5335,"date":"2023-12-18T16:08:53","date_gmt":"2023-12-18T16:08:53","guid":{"rendered":"https:\/\/marcali.plebania.hu\/?p=5335"},"modified":"2023-12-18T16:08:53","modified_gmt":"2023-12-18T16:08:53","slug":"meggyujtottak-a-2023-as-ev-harmadik-adventi-gyertyajat","status":"publish","type":"post","link":"https:\/\/marcali.plebania.hu\/?p=5335","title":{"rendered":"Meggy\u00fajtott\u00e1k a 2023-as \u00e9v harmadik \u00e1dventi gyerty\u00e1j\u00e1t"},"content":{"rendered":"\n<p>2023. december 16-\u00e1n, \u00e1dvent harmadik szombatj\u00e1n 17 \u00f3rakor kezd\u0151d\u00f6tt a Miksz\u00e1th iskol\u00e1sok \u00fcnnepi m\u0171sora, mely ut\u00e1n a Gy\u00fcm\u00f6lcsolt\u00f3 Boldogasszony pl\u00e9b\u00e1niatemplom el\u0151tti Boldog II. J\u00e1nos P\u00e1l p\u00e1pa t\u00e9ren l\u00e9v\u0151 k\u00fclt\u00e9ri \u00e1dventi koszor\u00fan meggy\u00fajtott\u00e1k a harmadik gyerty\u00e1t.<\/p>\n\n\n\n<figure class=\"wp-block-gallery has-nested-images columns-default is-cropped wp-block-gallery-1 is-layout-flex wp-block-gallery-is-layout-flex\">\n<figure class=\"wp-block-image size-large\"><img loading=\"lazy\" decoding=\"async\" width=\"1024\" height=\"683\" data-id=\"5338\" src=\"https:\/\/marcali.plebania.hu\/wp-content\/uploads\/2023\/12\/04-5-1024x683.jpg\" alt=\"\" class=\"wp-image-5338\" srcset=\"https:\/\/marcali.plebania.hu\/wp-content\/uploads\/2023\/12\/04-5-1024x683.jpg 1024w, https:\/\/marcali.plebania.hu\/wp-content\/uploads\/2023\/12\/04-5-300x200.jpg 300w, https:\/\/marcali.plebania.hu\/wp-content\/uploads\/2023\/12\/04-5-768x512.jpg 768w, https:\/\/marcali.plebania.hu\/wp-content\/uploads\/2023\/12\/04-5-1536x1024.jpg 1536w, https:\/\/marcali.plebania.hu\/wp-content\/uploads\/2023\/12\/04-5-2048x1365.jpg 2048w, https:\/\/marcali.plebania.hu\/wp-content\/uploads\/2023\/12\/04-5-405x270.jpg 405w\" sizes=\"auto, (max-width: 1024px) 100vw, 1024px\" \/><\/figure>\n\n\n\n<figure class=\"wp-block-image size-large\"><img loading=\"lazy\" decoding=\"async\" width=\"1024\" height=\"683\" data-id=\"5340\" src=\"https:\/\/marcali.plebania.hu\/wp-content\/uploads\/2023\/12\/12-1-1024x683.jpg\" alt=\"\" class=\"wp-image-5340\" srcset=\"https:\/\/marcali.plebania.hu\/wp-content\/uploads\/2023\/12\/12-1-1024x683.jpg 1024w, https:\/\/marcali.plebania.hu\/wp-content\/uploads\/2023\/12\/12-1-300x200.jpg 300w, https:\/\/marcali.plebania.hu\/wp-content\/uploads\/2023\/12\/12-1-768x512.jpg 768w, https:\/\/marcali.plebania.hu\/wp-content\/uploads\/2023\/12\/12-1-1536x1024.jpg 1536w, https:\/\/marcali.plebania.hu\/wp-content\/uploads\/2023\/12\/12-1-2048x1365.jpg 2048w, https:\/\/marcali.plebania.hu\/wp-content\/uploads\/2023\/12\/12-1-405x270.jpg 405w\" sizes=\"auto, (max-width: 1024px) 100vw, 1024px\" \/><\/figure>\n\n\n\n<figure class=\"wp-block-image size-large\"><img loading=\"lazy\" decoding=\"async\" width=\"1024\" height=\"683\" data-id=\"5342\" src=\"https:\/\/marcali.plebania.hu\/wp-content\/uploads\/2023\/12\/27-4-1024x683.jpg\" alt=\"\" class=\"wp-image-5342\" srcset=\"https:\/\/marcali.plebania.hu\/wp-content\/uploads\/2023\/12\/27-4-1024x683.jpg 1024w, https:\/\/marcali.plebania.hu\/wp-content\/uploads\/2023\/12\/27-4-300x200.jpg 300w, https:\/\/marcali.plebania.hu\/wp-content\/uploads\/2023\/12\/27-4-768x512.jpg 768w, https:\/\/marcali.plebania.hu\/wp-content\/uploads\/2023\/12\/27-4-1536x1024.jpg 1536w, https:\/\/marcali.plebania.hu\/wp-content\/uploads\/2023\/12\/27-4-2048x1365.jpg 2048w, https:\/\/marcali.plebania.hu\/wp-content\/uploads\/2023\/12\/27-4-405x270.jpg 405w\" sizes=\"auto, (max-width: 1024px) 100vw, 1024px\" \/><\/figure>\n\n\n\n<figure class=\"wp-block-image size-large\"><img loading=\"lazy\" decoding=\"async\" width=\"1024\" height=\"683\" data-id=\"5341\" src=\"https:\/\/marcali.plebania.hu\/wp-content\/uploads\/2023\/12\/30-1024x683.jpg\" alt=\"\" class=\"wp-image-5341\" srcset=\"https:\/\/marcali.plebania.hu\/wp-content\/uploads\/2023\/12\/30-1024x683.jpg 1024w, https:\/\/marcali.plebania.hu\/wp-content\/uploads\/2023\/12\/30-300x200.jpg 300w, https:\/\/marcali.plebania.hu\/wp-content\/uploads\/2023\/12\/30-768x512.jpg 768w, https:\/\/marcali.plebania.hu\/wp-content\/uploads\/2023\/12\/30-1536x1024.jpg 1536w, https:\/\/marcali.plebania.hu\/wp-content\/uploads\/2023\/12\/30-2048x1365.jpg 2048w, https:\/\/marcali.plebania.hu\/wp-content\/uploads\/2023\/12\/30-405x270.jpg 405w\" sizes=\"auto, (max-width: 1024px) 100vw, 1024px\" \/><\/figure>\n<\/figure>\n\n\n\n<p> Az \u00fcnneps\u00e9gen a Miksz\u00e1th iskola als\u00f3 tagozatos tanul\u00f3inak pr\u00f3zai-zen\u00e9s-t\u00e1nos m\u0171sora \u2013 a mostani alkalommal is \u2013 igen sok \u00e9rdekl\u0151d\u0151t vonzott. Majd pedig Tomanek Ferenc \u00c1ron pl\u00e9b\u00e1nos besz\u00e9lt a kar\u00e1csonyra val\u00f3 el\u0151k\u00e9sz\u00fclet r\u00e9szek\u00e9nt \u00e1dvent harmadik vas\u00e1rnapj\u00e1r\u00f3l, mik\u00f6zben az iskola egyik di\u00e1kja meggy\u00fajtotta a harmadik, r\u00f3zsasz\u00edn\u0171 \u00e1dventi gyerty\u00e1t \u00e9s helyezte el a k\u00fclt\u00e9ri koszor\u00fan. Az \u00e1dventi \u00fcnneps\u00e9g szentmis\u00e9vel z\u00e1rult a Gy\u00fcm\u00f6lcsolt\u00f3 Boldogasszony Pl\u00e9b\u00e1niatemplomban.<\/p>\n\n\n\n<figure class=\"wp-block-gallery has-nested-images columns-default is-cropped wp-block-gallery-2 is-layout-flex wp-block-gallery-is-layout-flex\">\n<figure class=\"wp-block-image size-large\"><img loading=\"lazy\" decoding=\"async\" width=\"1024\" height=\"683\" data-id=\"5345\" src=\"https:\/\/marcali.plebania.hu\/wp-content\/uploads\/2023\/12\/39-1024x683.jpg\" alt=\"\" class=\"wp-image-5345\" srcset=\"https:\/\/marcali.plebania.hu\/wp-content\/uploads\/2023\/12\/39-1024x683.jpg 1024w, https:\/\/marcali.plebania.hu\/wp-content\/uploads\/2023\/12\/39-300x200.jpg 300w, https:\/\/marcali.plebania.hu\/wp-content\/uploads\/2023\/12\/39-768x512.jpg 768w, https:\/\/marcali.plebania.hu\/wp-content\/uploads\/2023\/12\/39-1536x1024.jpg 1536w, https:\/\/marcali.plebania.hu\/wp-content\/uploads\/2023\/12\/39-2048x1365.jpg 2048w, https:\/\/marcali.plebania.hu\/wp-content\/uploads\/2023\/12\/39-405x270.jpg 405w\" sizes=\"auto, (max-width: 1024px) 100vw, 1024px\" \/><\/figure>\n\n\n\n<figure class=\"wp-block-image size-large\"><img loading=\"lazy\" decoding=\"async\" width=\"1024\" height=\"683\" data-id=\"5346\" src=\"https:\/\/marcali.plebania.hu\/wp-content\/uploads\/2023\/12\/41-1024x683.jpg\" alt=\"\" class=\"wp-image-5346\" srcset=\"https:\/\/marcali.plebania.hu\/wp-content\/uploads\/2023\/12\/41-1024x683.jpg 1024w, https:\/\/marcali.plebania.hu\/wp-content\/uploads\/2023\/12\/41-300x200.jpg 300w, https:\/\/marcali.plebania.hu\/wp-content\/uploads\/2023\/12\/41-768x512.jpg 768w, https:\/\/marcali.plebania.hu\/wp-content\/uploads\/2023\/12\/41-1536x1024.jpg 1536w, https:\/\/marcali.plebania.hu\/wp-content\/uploads\/2023\/12\/41-2048x1365.jpg 2048w, https:\/\/marcali.plebania.hu\/wp-content\/uploads\/2023\/12\/41-405x270.jpg 405w\" sizes=\"auto, (max-width: 1024px) 100vw, 1024px\" \/><\/figure>\n\n\n\n<figure class=\"wp-block-image size-large\"><img loading=\"lazy\" decoding=\"async\" width=\"1024\" height=\"683\" data-id=\"5344\" src=\"https:\/\/marcali.plebania.hu\/wp-content\/uploads\/2023\/12\/42-1-1024x683.jpg\" alt=\"\" class=\"wp-image-5344\" srcset=\"https:\/\/marcali.plebania.hu\/wp-content\/uploads\/2023\/12\/42-1-1024x683.jpg 1024w, https:\/\/marcali.plebania.hu\/wp-content\/uploads\/2023\/12\/42-1-300x200.jpg 300w, https:\/\/marcali.plebania.hu\/wp-content\/uploads\/2023\/12\/42-1-768x512.jpg 768w, https:\/\/marcali.plebania.hu\/wp-content\/uploads\/2023\/12\/42-1-1536x1024.jpg 1536w, https:\/\/marcali.plebania.hu\/wp-content\/uploads\/2023\/12\/42-1-2048x1365.jpg 2048w, https:\/\/marcali.plebania.hu\/wp-content\/uploads\/2023\/12\/42-1-405x270.jpg 405w\" sizes=\"auto, (max-width: 1024px) 100vw, 1024px\" \/><\/figure>\n\n\n\n<figure class=\"wp-block-image size-large\"><img loading=\"lazy\" decoding=\"async\" width=\"1024\" height=\"683\" data-id=\"5347\" src=\"https:\/\/marcali.plebania.hu\/wp-content\/uploads\/2023\/12\/45-1-1024x683.jpg\" alt=\"\" class=\"wp-image-5347\" srcset=\"https:\/\/marcali.plebania.hu\/wp-content\/uploads\/2023\/12\/45-1-1024x683.jpg 1024w, https:\/\/marcali.plebania.hu\/wp-content\/uploads\/2023\/12\/45-1-300x200.jpg 300w, https:\/\/marcali.plebania.hu\/wp-content\/uploads\/2023\/12\/45-1-768x512.jpg 768w, https:\/\/marcali.plebania.hu\/wp-content\/uploads\/2023\/12\/45-1-1536x1024.jpg 1536w, https:\/\/marcali.plebania.hu\/wp-content\/uploads\/2023\/12\/45-1-2048x1365.jpg 2048w, https:\/\/marcali.plebania.hu\/wp-content\/uploads\/2023\/12\/45-1-405x270.jpg 405w\" sizes=\"auto, (max-width: 1024px) 100vw, 1024px\" \/><\/figure>\n<\/figure>\n\n\n\n<p>A k\u00f6vetkez\u0151 gyertyagy\u00fajt\u00e1s egy h\u00e9t m\u00falva, december 23-\u00e1n este a Marcali hittanos tanul\u00f3k m\u0171sor\u00e1val z\u00e1r\u00f3dik.<\/p>\n\n\n\n<figure class=\"wp-block-gallery has-nested-images columns-default is-cropped wp-block-gallery-3 is-layout-flex wp-block-gallery-is-layout-flex\">\n<figure class=\"wp-block-image size-large\"><img loading=\"lazy\" decoding=\"async\" width=\"1024\" height=\"683\" data-id=\"5348\" src=\"https:\/\/marcali.plebania.hu\/wp-content\/uploads\/2023\/12\/48-1-1024x683.jpg\" alt=\"\" class=\"wp-image-5348\" srcset=\"https:\/\/marcali.plebania.hu\/wp-content\/uploads\/2023\/12\/48-1-1024x683.jpg 1024w, https:\/\/marcali.plebania.hu\/wp-content\/uploads\/2023\/12\/48-1-300x200.jpg 300w, https:\/\/marcali.plebania.hu\/wp-content\/uploads\/2023\/12\/48-1-768x512.jpg 768w, https:\/\/marcali.plebania.hu\/wp-content\/uploads\/2023\/12\/48-1-1536x1024.jpg 1536w, https:\/\/marcali.plebania.hu\/wp-content\/uploads\/2023\/12\/48-1-2048x1365.jpg 2048w, https:\/\/marcali.plebania.hu\/wp-content\/uploads\/2023\/12\/48-1-405x270.jpg 405w\" sizes=\"auto, (max-width: 1024px) 100vw, 1024px\" \/><\/figure>\n<\/figure>\n","protected":false},"excerpt":{"rendered":"<p>2023. december 16-\u00e1n, \u00e1dvent harmadik szombatj\u00e1n 17 \u00f3rakor kezd\u0151d\u00f6tt a Miksz\u00e1th iskol\u00e1sok \u00fcnnepi m\u0171sora, mely ut\u00e1n a Gy\u00fcm\u00f6lcsolt\u00f3 Boldogasszony pl\u00e9b\u00e1niatemplom el\u0151tti Boldog II. J\u00e1nos P\u00e1l p\u00e1pa t\u00e9ren l\u00e9v\u0151 k\u00fclt\u00e9ri \u00e1dventi koszor\u00fan meggy\u00fajtott\u00e1k a harmadik gyerty\u00e1t. Az \u00fcnneps\u00e9gen a Miksz\u00e1th iskola als\u00f3 tagozatos tanul\u00f3inak pr\u00f3zai-zen\u00e9s-t\u00e1nos m\u0171sora \u2013 a mostani alkalommal is \u2013 igen sok \u00e9rdekl\u0151d\u0151t vonzott. Majd pedig Tomanek Ferenc \u00c1ron pl\u00e9b\u00e1nos besz\u00e9lt a kar\u00e1csonyra val\u00f3 el\u0151k\u00e9sz\u00fclet r\u00e9szek\u00e9nt \u00e1dvent harmadik vas\u00e1rnapj\u00e1r\u00f3l, mik\u00f6zben az iskola egyik di\u00e1kja meggy\u00fajtotta a harmadik, r\u00f3zsasz\u00edn\u0171 \u00e1dventi&#8230;<\/p>\n<p class=\"read-more\"><a class=\"btn btn-default\" href=\"https:\/\/marcali.plebania.hu\/?p=5335\"> Read More<span class=\"screen-reader-text\">  Read More<\/span><\/a><\/p>\n","protected":false},"author":2,"featured_media":0,"comment_status":"closed","ping_status":"open","sticky":false,"template":"","format":"standard","meta":{"footnotes":""},"categories":[1],"tags":[],"class_list":["post-5335","post","type-post","status-publish","format-standard","hentry","category-egyeb"],"_links":{"self":[{"href":"https:\/\/marcali.plebania.hu\/index.php?rest_route=\/wp\/v2\/posts\/5335","targetHints":{"allow":["GET"]}}],"collection":[{"href":"https:\/\/marcali.plebania.hu\/index.php?rest_route=\/wp\/v2\/posts"}],"about":[{"href":"https:\/\/marcali.plebania.hu\/index.php?rest_route=\/wp\/v2\/types\/post"}],"author":[{"embeddable":true,"href":"https:\/\/marcali.plebania.hu\/index.php?rest_route=\/wp\/v2\/users\/2"}],"replies":[{"embeddable":true,"href":"https:\/\/marcali.plebania.hu\/index.php?rest_route=%2Fwp%2Fv2%2Fcomments&post=5335"}],"version-history":[{"count":1,"href":"https:\/\/marcali.plebania.hu\/index.php?rest_route=\/wp\/v2\/posts\/5335\/revisions"}],"predecessor-version":[{"id":5349,"href":"https:\/\/marcali.plebania.hu\/index.php?rest_route=\/wp\/v2\/posts\/5335\/revisions\/5349"}],"wp:attachment":[{"href":"https:\/\/marcali.plebania.hu\/index.php?rest_route=%2Fwp%2Fv2%2Fmedia&parent=5335"}],"wp:term":[{"taxonomy":"category","embeddable":true,"href":"https:\/\/marcali.plebania.hu\/index.php?rest_route=%2Fwp%2Fv2%2Fcategories&post=5335"},{"taxonomy":"post_tag","embeddable":true,"href":"https:\/\/marcali.plebania.hu\/index.php?rest_route=%2Fwp%2Fv2%2Ftags&post=5335"}],"curies":[{"name":"wp","href":"https:\/\/api.w.org\/{rel}","templated":true}]}}