{"id":5360,"date":"2023-12-22T10:19:51","date_gmt":"2023-12-22T10:19:51","guid":{"rendered":"https:\/\/marcali.plebania.hu\/?p=5360"},"modified":"2023-12-22T10:19:51","modified_gmt":"2023-12-22T10:19:51","slug":"karacsonyi-adomanyokat-juttatott-el-a-raszoruloknak-a-marcali-karitasz-csoport","status":"publish","type":"post","link":"https:\/\/marcali.plebania.hu\/?p=5360","title":{"rendered":"Kar\u00e1csonyi adom\u00e1nyokat juttatott el a r\u00e1szorul\u00f3knak a Marcali Karit\u00e1sz Csoport"},"content":{"rendered":"\n<p>A h\u00e9ten 48 db tart\u00f3s \u00e9lelmiszerb\u0151l \u00e1ll\u00f3 csomagot juttatott el a Marcali Karit\u00e1sz Csoport a helybeli id\u0151sek, betegek, r\u00e1szorul\u00f3k \u00e9s nagycsal\u00e1dosok r\u00e9sz\u00e9re.<\/p>\n\n\n\n<figure class=\"wp-block-gallery has-nested-images columns-default is-cropped wp-block-gallery-1 is-layout-flex wp-block-gallery-is-layout-flex\">\n<figure class=\"wp-block-image size-large\"><img loading=\"lazy\" decoding=\"async\" width=\"1024\" height=\"768\" data-id=\"5365\" src=\"https:\/\/marcali.plebania.hu\/wp-content\/uploads\/2023\/12\/20231217_100230-1024x768.jpg\" alt=\"\" class=\"wp-image-5365\" srcset=\"https:\/\/marcali.plebania.hu\/wp-content\/uploads\/2023\/12\/20231217_100230-1024x768.jpg 1024w, https:\/\/marcali.plebania.hu\/wp-content\/uploads\/2023\/12\/20231217_100230-300x225.jpg 300w, https:\/\/marcali.plebania.hu\/wp-content\/uploads\/2023\/12\/20231217_100230-768x576.jpg 768w, https:\/\/marcali.plebania.hu\/wp-content\/uploads\/2023\/12\/20231217_100230-1536x1152.jpg 1536w, https:\/\/marcali.plebania.hu\/wp-content\/uploads\/2023\/12\/20231217_100230-2048x1536.jpg 2048w, https:\/\/marcali.plebania.hu\/wp-content\/uploads\/2023\/12\/20231217_100230-360x270.jpg 360w\" sizes=\"auto, (max-width: 1024px) 100vw, 1024px\" \/><\/figure>\n\n\n\n<figure class=\"wp-block-image size-large\"><img loading=\"lazy\" decoding=\"async\" width=\"1024\" height=\"768\" data-id=\"5367\" src=\"https:\/\/marcali.plebania.hu\/wp-content\/uploads\/2023\/12\/20231217_100322-1-1024x768.jpg\" alt=\"\" class=\"wp-image-5367\" srcset=\"https:\/\/marcali.plebania.hu\/wp-content\/uploads\/2023\/12\/20231217_100322-1-1024x768.jpg 1024w, https:\/\/marcali.plebania.hu\/wp-content\/uploads\/2023\/12\/20231217_100322-1-300x225.jpg 300w, https:\/\/marcali.plebania.hu\/wp-content\/uploads\/2023\/12\/20231217_100322-1-768x576.jpg 768w, https:\/\/marcali.plebania.hu\/wp-content\/uploads\/2023\/12\/20231217_100322-1-1536x1152.jpg 1536w, https:\/\/marcali.plebania.hu\/wp-content\/uploads\/2023\/12\/20231217_100322-1-2048x1536.jpg 2048w, https:\/\/marcali.plebania.hu\/wp-content\/uploads\/2023\/12\/20231217_100322-1-360x270.jpg 360w\" sizes=\"auto, (max-width: 1024px) 100vw, 1024px\" \/><\/figure>\n\n\n\n<figure class=\"wp-block-image size-large\"><img loading=\"lazy\" decoding=\"async\" width=\"1024\" height=\"768\" data-id=\"5364\" src=\"https:\/\/marcali.plebania.hu\/wp-content\/uploads\/2023\/12\/20231217_100207-1024x768.jpg\" alt=\"\" class=\"wp-image-5364\" srcset=\"https:\/\/marcali.plebania.hu\/wp-content\/uploads\/2023\/12\/20231217_100207-1024x768.jpg 1024w, https:\/\/marcali.plebania.hu\/wp-content\/uploads\/2023\/12\/20231217_100207-300x225.jpg 300w, https:\/\/marcali.plebania.hu\/wp-content\/uploads\/2023\/12\/20231217_100207-768x576.jpg 768w, https:\/\/marcali.plebania.hu\/wp-content\/uploads\/2023\/12\/20231217_100207-1536x1152.jpg 1536w, https:\/\/marcali.plebania.hu\/wp-content\/uploads\/2023\/12\/20231217_100207-2048x1536.jpg 2048w, https:\/\/marcali.plebania.hu\/wp-content\/uploads\/2023\/12\/20231217_100207-360x270.jpg 360w\" sizes=\"auto, (max-width: 1024px) 100vw, 1024px\" \/><\/figure>\n\n\n\n<figure class=\"wp-block-image size-large\"><img loading=\"lazy\" decoding=\"async\" width=\"1024\" height=\"768\" data-id=\"5366\" src=\"https:\/\/marcali.plebania.hu\/wp-content\/uploads\/2023\/12\/20231217_100438-1-1024x768.jpg\" alt=\"\" class=\"wp-image-5366\" srcset=\"https:\/\/marcali.plebania.hu\/wp-content\/uploads\/2023\/12\/20231217_100438-1-1024x768.jpg 1024w, https:\/\/marcali.plebania.hu\/wp-content\/uploads\/2023\/12\/20231217_100438-1-300x225.jpg 300w, https:\/\/marcali.plebania.hu\/wp-content\/uploads\/2023\/12\/20231217_100438-1-768x576.jpg 768w, https:\/\/marcali.plebania.hu\/wp-content\/uploads\/2023\/12\/20231217_100438-1-1536x1152.jpg 1536w, https:\/\/marcali.plebania.hu\/wp-content\/uploads\/2023\/12\/20231217_100438-1-2048x1536.jpg 2048w, https:\/\/marcali.plebania.hu\/wp-content\/uploads\/2023\/12\/20231217_100438-1-360x270.jpg 360w\" sizes=\"auto, (max-width: 1024px) 100vw, 1024px\" \/><\/figure>\n<\/figure>\n\n\n\n<p>A Karit\u00e1sz \u00f6nk\u00e9ntesek a Gy\u00fcm\u00f6lcsolt\u00f3 Boldogasszony Pl\u00e9b\u00e1niatemplomban is osztottak, tov\u00e1bb\u00e1 megl\u00e1togatt\u00e1k az id\u0151sek otthonait, valamint adom\u00e1nyt vittek a GAMESZ k\u00f6zmunk\u00e1sainak is. Ezen k\u00edv\u00fcl azoknak, akik mozg\u00e1sukban korl\u00e1tozottak, vagy id\u0151s-betegek, nekik szint\u00e9n az aktivist\u00e1k juttatt\u00e1k el az egyenk\u00e9nt kb. 8-9 kg-os csomagokat, hogy a kar\u00e1csonyi \u00fcnnepek az \u0150 sz\u00e1mukra is meghittebb\u00e9 v\u00e1ljanak.<\/p>\n\n\n\n<figure class=\"wp-block-gallery has-nested-images columns-default is-cropped wp-block-gallery-2 is-layout-flex wp-block-gallery-is-layout-flex\"><\/figure>\n\n\n\n<p>A konzervekb\u0151l, sz\u00e1razt\u00e9szt\u00e1kb\u00f3l, \u00e9dess\u00e9gekb\u0151l, lisztb\u0151l, cukorb\u00f3l, rizsb\u0151l \u00e9s \u00e9tolajb\u00f3l \u00f6ssze\u00e1ll\u00edtott \u00e9lelmiszercsomagok elk\u00e9sz\u00edt\u00e9se a Szent Erzs\u00e9bet-napi gy\u0171jt\u00e9sb\u0151l, az \u201eEgymilli\u00f3 csillag a szeg\u00e9nyek\u00e9rt\u201d adom\u00e1nygy\u0171jt\u0151 akci\u00f3b\u00f3l, valamint az Industrie Elektrik Kft. \u00e9s a Kaposv\u00e1ri Egyh\u00e1zmegyei Karit\u00e1sz t\u00e1mogat\u00e1s\u00e1b\u00f3l val\u00f3sult meg.<\/p>\n\n\n\n<p>K\u00fcl\u00f6n k\u00f6sz\u00f6net az adom\u00e1nyoz\u00f3knak, \u00e9s a h\u00edveknek, akik n\u00e9lk\u00fcl nem siker\u00fclt volna a r\u00e1szorul\u00f3kon val\u00f3 seg\u00edt\u00e9s ilyen form\u00e1ban.<\/p>\n\n\n\n<p>A Marcali Karit\u00e1sz Csoport minden kedves Adakoz\u00f3nak \u00e9s Adom\u00e1nyozottnak is \u00e1ldott kar\u00e1csonyi \u00fcnnepeket k\u00edv\u00e1n!<\/p>\n","protected":false},"excerpt":{"rendered":"<p>A h\u00e9ten 48 db tart\u00f3s \u00e9lelmiszerb\u0151l \u00e1ll\u00f3 csomagot juttatott el a Marcali Karit\u00e1sz Csoport a helybeli id\u0151sek, betegek, r\u00e1szorul\u00f3k \u00e9s nagycsal\u00e1dosok r\u00e9sz\u00e9re. A Karit\u00e1sz \u00f6nk\u00e9ntesek a Gy\u00fcm\u00f6lcsolt\u00f3 Boldogasszony Pl\u00e9b\u00e1niatemplomban is osztottak, tov\u00e1bb\u00e1 megl\u00e1togatt\u00e1k az id\u0151sek otthonait, valamint adom\u00e1nyt vittek a GAMESZ k\u00f6zmunk\u00e1sainak is. Ezen k\u00edv\u00fcl azoknak, akik mozg\u00e1sukban korl\u00e1tozottak, vagy id\u0151s-betegek, nekik szint\u00e9n az aktivist\u00e1k juttatt\u00e1k el az egyenk\u00e9nt kb. 8-9 kg-os csomagokat, hogy a kar\u00e1csonyi \u00fcnnepek az \u0150 sz\u00e1mukra is meghittebb\u00e9 v\u00e1ljanak. A konzervekb\u0151l, sz\u00e1razt\u00e9szt\u00e1kb\u00f3l, \u00e9dess\u00e9gekb\u0151l, lisztb\u0151l, cukorb\u00f3l, rizsb\u0151l&#8230;<\/p>\n<p class=\"read-more\"><a class=\"btn btn-default\" href=\"https:\/\/marcali.plebania.hu\/?p=5360\"> Read More<span class=\"screen-reader-text\">  Read More<\/span><\/a><\/p>\n","protected":false},"author":2,"featured_media":0,"comment_status":"closed","ping_status":"open","sticky":false,"template":"","format":"standard","meta":{"footnotes":""},"categories":[1],"tags":[],"class_list":["post-5360","post","type-post","status-publish","format-standard","hentry","category-egyeb"],"_links":{"self":[{"href":"https:\/\/marcali.plebania.hu\/index.php?rest_route=\/wp\/v2\/posts\/5360","targetHints":{"allow":["GET"]}}],"collection":[{"href":"https:\/\/marcali.plebania.hu\/index.php?rest_route=\/wp\/v2\/posts"}],"about":[{"href":"https:\/\/marcali.plebania.hu\/index.php?rest_route=\/wp\/v2\/types\/post"}],"author":[{"embeddable":true,"href":"https:\/\/marcali.plebania.hu\/index.php?rest_route=\/wp\/v2\/users\/2"}],"replies":[{"embeddable":true,"href":"https:\/\/marcali.plebania.hu\/index.php?rest_route=%2Fwp%2Fv2%2Fcomments&post=5360"}],"version-history":[{"count":1,"href":"https:\/\/marcali.plebania.hu\/index.php?rest_route=\/wp\/v2\/posts\/5360\/revisions"}],"predecessor-version":[{"id":5368,"href":"https:\/\/marcali.plebania.hu\/index.php?rest_route=\/wp\/v2\/posts\/5360\/revisions\/5368"}],"wp:attachment":[{"href":"https:\/\/marcali.plebania.hu\/index.php?rest_route=%2Fwp%2Fv2%2Fmedia&parent=5360"}],"wp:term":[{"taxonomy":"category","embeddable":true,"href":"https:\/\/marcali.plebania.hu\/index.php?rest_route=%2Fwp%2Fv2%2Fcategories&post=5360"},{"taxonomy":"post_tag","embeddable":true,"href":"https:\/\/marcali.plebania.hu\/index.php?rest_route=%2Fwp%2Fv2%2Ftags&post=5360"}],"curies":[{"name":"wp","href":"https:\/\/api.w.org\/{rel}","templated":true}]}}