{"id":5371,"date":"2023-12-27T16:06:59","date_gmt":"2023-12-27T16:06:59","guid":{"rendered":"https:\/\/marcali.plebania.hu\/?p=5371"},"modified":"2023-12-27T16:06:10","modified_gmt":"2023-12-27T16:06:10","slug":"meggyujtottak-a-2023-as-ev-negyedik-adventi-gyertyajat","status":"publish","type":"post","link":"https:\/\/marcali.plebania.hu\/?p=5371","title":{"rendered":"Meggy\u00fajtott\u00e1k a 2023-as \u00e9v negyedik \u00e1dventi gyerty\u00e1j\u00e1t"},"content":{"rendered":"\n<p>2023. december 23-\u00e1n, \u00e1dvent negyedik szombatj\u00e1n 17 \u00f3rakor kezd\u0151d\u00f6tt a Marcali hittanosok \u00fcnnepi m\u0171sora, mely ut\u00e1n a Gy\u00fcm\u00f6lcsolt\u00f3 Boldogasszony pl\u00e9b\u00e1niatemplom el\u0151tti Boldog II. J\u00e1nos P\u00e1l p\u00e1pa t\u00e9ren l\u00e9v\u0151 k\u00fclt\u00e9ri \u00e1dventi koszor\u00fan meggy\u00fajtott\u00e1k a negyedik gyerty\u00e1t.<\/p>\n\n\n\n<figure class=\"wp-block-gallery has-nested-images columns-default is-cropped wp-block-gallery-1 is-layout-flex wp-block-gallery-is-layout-flex\">\n<figure class=\"wp-block-image size-large\"><img loading=\"lazy\" decoding=\"async\" width=\"1024\" height=\"683\" data-id=\"5374\" src=\"https:\/\/marcali.plebania.hu\/wp-content\/uploads\/2023\/12\/01-5-1024x683.jpg\" alt=\"\" class=\"wp-image-5374\" srcset=\"https:\/\/marcali.plebania.hu\/wp-content\/uploads\/2023\/12\/01-5-1024x683.jpg 1024w, https:\/\/marcali.plebania.hu\/wp-content\/uploads\/2023\/12\/01-5-300x200.jpg 300w, https:\/\/marcali.plebania.hu\/wp-content\/uploads\/2023\/12\/01-5-768x512.jpg 768w, https:\/\/marcali.plebania.hu\/wp-content\/uploads\/2023\/12\/01-5-1536x1024.jpg 1536w, https:\/\/marcali.plebania.hu\/wp-content\/uploads\/2023\/12\/01-5-2048x1365.jpg 2048w, https:\/\/marcali.plebania.hu\/wp-content\/uploads\/2023\/12\/01-5-405x270.jpg 405w\" sizes=\"auto, (max-width: 1024px) 100vw, 1024px\" \/><\/figure>\n\n\n\n<figure class=\"wp-block-image size-large\"><img loading=\"lazy\" decoding=\"async\" width=\"1024\" height=\"683\" data-id=\"5372\" src=\"https:\/\/marcali.plebania.hu\/wp-content\/uploads\/2023\/12\/04-6-1024x683.jpg\" alt=\"\" class=\"wp-image-5372\" srcset=\"https:\/\/marcali.plebania.hu\/wp-content\/uploads\/2023\/12\/04-6-1024x683.jpg 1024w, https:\/\/marcali.plebania.hu\/wp-content\/uploads\/2023\/12\/04-6-300x200.jpg 300w, https:\/\/marcali.plebania.hu\/wp-content\/uploads\/2023\/12\/04-6-768x512.jpg 768w, https:\/\/marcali.plebania.hu\/wp-content\/uploads\/2023\/12\/04-6-1536x1024.jpg 1536w, https:\/\/marcali.plebania.hu\/wp-content\/uploads\/2023\/12\/04-6-2048x1365.jpg 2048w, https:\/\/marcali.plebania.hu\/wp-content\/uploads\/2023\/12\/04-6-405x270.jpg 405w\" sizes=\"auto, (max-width: 1024px) 100vw, 1024px\" \/><\/figure>\n\n\n\n<figure class=\"wp-block-image size-large\"><img loading=\"lazy\" decoding=\"async\" width=\"1024\" height=\"683\" data-id=\"5376\" src=\"https:\/\/marcali.plebania.hu\/wp-content\/uploads\/2023\/12\/22-2-1024x683.jpg\" alt=\"\" class=\"wp-image-5376\" srcset=\"https:\/\/marcali.plebania.hu\/wp-content\/uploads\/2023\/12\/22-2-1024x683.jpg 1024w, https:\/\/marcali.plebania.hu\/wp-content\/uploads\/2023\/12\/22-2-300x200.jpg 300w, https:\/\/marcali.plebania.hu\/wp-content\/uploads\/2023\/12\/22-2-768x512.jpg 768w, https:\/\/marcali.plebania.hu\/wp-content\/uploads\/2023\/12\/22-2-1536x1024.jpg 1536w, https:\/\/marcali.plebania.hu\/wp-content\/uploads\/2023\/12\/22-2-2048x1365.jpg 2048w, https:\/\/marcali.plebania.hu\/wp-content\/uploads\/2023\/12\/22-2-405x270.jpg 405w\" sizes=\"auto, (max-width: 1024px) 100vw, 1024px\" \/><\/figure>\n\n\n\n<figure class=\"wp-block-image size-large\"><img loading=\"lazy\" decoding=\"async\" width=\"1024\" height=\"683\" data-id=\"5377\" src=\"https:\/\/marcali.plebania.hu\/wp-content\/uploads\/2023\/12\/30-1-1024x683.jpg\" alt=\"\" class=\"wp-image-5377\" srcset=\"https:\/\/marcali.plebania.hu\/wp-content\/uploads\/2023\/12\/30-1-1024x683.jpg 1024w, https:\/\/marcali.plebania.hu\/wp-content\/uploads\/2023\/12\/30-1-300x200.jpg 300w, https:\/\/marcali.plebania.hu\/wp-content\/uploads\/2023\/12\/30-1-768x512.jpg 768w, https:\/\/marcali.plebania.hu\/wp-content\/uploads\/2023\/12\/30-1-1536x1024.jpg 1536w, https:\/\/marcali.plebania.hu\/wp-content\/uploads\/2023\/12\/30-1-2048x1365.jpg 2048w, https:\/\/marcali.plebania.hu\/wp-content\/uploads\/2023\/12\/30-1-405x270.jpg 405w\" sizes=\"auto, (max-width: 1024px) 100vw, 1024px\" \/><\/figure>\n<\/figure>\n\n\n\n<p>Az \u00fcnneps\u00e9gen a Marcali katolikus \u00e9s reform\u00e1tus hittanos di\u00e1kok verses-zen\u00e9s m\u0171sora ez\u00fattal is igen sok \u00e9rdekl\u0151d\u0151t vonzott, melyet a templomban tartottak meg. K\u00f6zrem\u0171k\u00f6d\u00f6tt a F\u00e9ny Gyermekei Katolikus Zenekar. A felk\u00e9sz\u00edt\u0151 pedag\u00f3gusok Bojtorn\u00e9 Kir\u00e1ly M\u00e1rta katolikus \u00e9s Kov\u00e1cs T\u00fcnde reform\u00e1tus hitoktat\u00f3k voltak. Az el\u0151ad\u00e1st nagytisztelet\u0171 Fazekas Kriszti\u00e1n \u00c1rp\u00e1d lelkip\u00e1sztor is megtisztelte jelenl\u00e9t\u00e9vel \u00e9s a helyi reform\u00e1tus gy\u00fclekezet k\u00e9pvisel\u0151ivel.<\/p>\n\n\n\n<figure class=\"wp-block-gallery has-nested-images columns-default is-cropped wp-block-gallery-2 is-layout-flex wp-block-gallery-is-layout-flex\">\n<figure class=\"wp-block-image size-large\"><img loading=\"lazy\" decoding=\"async\" width=\"1024\" height=\"683\" data-id=\"5380\" src=\"https:\/\/marcali.plebania.hu\/wp-content\/uploads\/2023\/12\/39-1-1024x683.jpg\" alt=\"\" class=\"wp-image-5380\" srcset=\"https:\/\/marcali.plebania.hu\/wp-content\/uploads\/2023\/12\/39-1-1024x683.jpg 1024w, https:\/\/marcali.plebania.hu\/wp-content\/uploads\/2023\/12\/39-1-300x200.jpg 300w, https:\/\/marcali.plebania.hu\/wp-content\/uploads\/2023\/12\/39-1-768x512.jpg 768w, https:\/\/marcali.plebania.hu\/wp-content\/uploads\/2023\/12\/39-1-1536x1024.jpg 1536w, https:\/\/marcali.plebania.hu\/wp-content\/uploads\/2023\/12\/39-1-2048x1365.jpg 2048w, https:\/\/marcali.plebania.hu\/wp-content\/uploads\/2023\/12\/39-1-405x270.jpg 405w\" sizes=\"auto, (max-width: 1024px) 100vw, 1024px\" \/><\/figure>\n\n\n\n<figure class=\"wp-block-image size-large\"><img loading=\"lazy\" decoding=\"async\" width=\"1024\" height=\"683\" data-id=\"5381\" src=\"https:\/\/marcali.plebania.hu\/wp-content\/uploads\/2023\/12\/41-1-1024x683.jpg\" alt=\"\" class=\"wp-image-5381\" srcset=\"https:\/\/marcali.plebania.hu\/wp-content\/uploads\/2023\/12\/41-1-1024x683.jpg 1024w, https:\/\/marcali.plebania.hu\/wp-content\/uploads\/2023\/12\/41-1-300x200.jpg 300w, https:\/\/marcali.plebania.hu\/wp-content\/uploads\/2023\/12\/41-1-768x512.jpg 768w, https:\/\/marcali.plebania.hu\/wp-content\/uploads\/2023\/12\/41-1-1536x1024.jpg 1536w, https:\/\/marcali.plebania.hu\/wp-content\/uploads\/2023\/12\/41-1-2048x1365.jpg 2048w, https:\/\/marcali.plebania.hu\/wp-content\/uploads\/2023\/12\/41-1-405x270.jpg 405w\" sizes=\"auto, (max-width: 1024px) 100vw, 1024px\" \/><\/figure>\n\n\n\n<figure class=\"wp-block-image size-large\"><img loading=\"lazy\" decoding=\"async\" width=\"1024\" height=\"683\" data-id=\"5382\" src=\"https:\/\/marcali.plebania.hu\/wp-content\/uploads\/2023\/12\/42-2-1024x683.jpg\" alt=\"\" class=\"wp-image-5382\" srcset=\"https:\/\/marcali.plebania.hu\/wp-content\/uploads\/2023\/12\/42-2-1024x683.jpg 1024w, https:\/\/marcali.plebania.hu\/wp-content\/uploads\/2023\/12\/42-2-300x200.jpg 300w, https:\/\/marcali.plebania.hu\/wp-content\/uploads\/2023\/12\/42-2-768x512.jpg 768w, https:\/\/marcali.plebania.hu\/wp-content\/uploads\/2023\/12\/42-2-1536x1024.jpg 1536w, https:\/\/marcali.plebania.hu\/wp-content\/uploads\/2023\/12\/42-2-2048x1365.jpg 2048w, https:\/\/marcali.plebania.hu\/wp-content\/uploads\/2023\/12\/42-2-405x270.jpg 405w\" sizes=\"auto, (max-width: 1024px) 100vw, 1024px\" \/><\/figure>\n\n\n\n<figure class=\"wp-block-image size-large\"><img loading=\"lazy\" decoding=\"async\" width=\"1024\" height=\"683\" data-id=\"5383\" src=\"https:\/\/marcali.plebania.hu\/wp-content\/uploads\/2023\/12\/44-1-1024x683.jpg\" alt=\"\" class=\"wp-image-5383\" srcset=\"https:\/\/marcali.plebania.hu\/wp-content\/uploads\/2023\/12\/44-1-1024x683.jpg 1024w, https:\/\/marcali.plebania.hu\/wp-content\/uploads\/2023\/12\/44-1-300x200.jpg 300w, https:\/\/marcali.plebania.hu\/wp-content\/uploads\/2023\/12\/44-1-768x512.jpg 768w, https:\/\/marcali.plebania.hu\/wp-content\/uploads\/2023\/12\/44-1-1536x1024.jpg 1536w, https:\/\/marcali.plebania.hu\/wp-content\/uploads\/2023\/12\/44-1-2048x1365.jpg 2048w, https:\/\/marcali.plebania.hu\/wp-content\/uploads\/2023\/12\/44-1-405x270.jpg 405w\" sizes=\"auto, (max-width: 1024px) 100vw, 1024px\" \/><\/figure>\n<\/figure>\n\n\n\n<p>A kar\u00e1csonyra val\u00f3 felk\u00e9sz\u00fcl\u00e9s r\u00e9szek\u00e9nt az utols\u00f3, negyedik, lila sz\u00edn\u0171 \u00e1dventi gyerty\u00e1t Tomanek Ferenc \u00c1ron pl\u00e9b\u00e1nos \u2013 a gyerekek \u00e9s a jelenl\u00e9v\u0151k k\u00eds\u00e9ret\u00e9ben \u2013 gy\u00fajtotta meg \u00e9s helyezte el a k\u00fclt\u00e9ri koszor\u00fan.<\/p>\n\n\n\n<figure class=\"wp-block-gallery has-nested-images columns-default is-cropped wp-block-gallery-3 is-layout-flex wp-block-gallery-is-layout-flex\">\n<figure class=\"wp-block-image size-large\"><img loading=\"lazy\" decoding=\"async\" width=\"1024\" height=\"683\" data-id=\"5384\" src=\"https:\/\/marcali.plebania.hu\/wp-content\/uploads\/2023\/12\/45-2-1024x683.jpg\" alt=\"\" class=\"wp-image-5384\" srcset=\"https:\/\/marcali.plebania.hu\/wp-content\/uploads\/2023\/12\/45-2-1024x683.jpg 1024w, https:\/\/marcali.plebania.hu\/wp-content\/uploads\/2023\/12\/45-2-300x200.jpg 300w, https:\/\/marcali.plebania.hu\/wp-content\/uploads\/2023\/12\/45-2-768x512.jpg 768w, https:\/\/marcali.plebania.hu\/wp-content\/uploads\/2023\/12\/45-2-1536x1024.jpg 1536w, https:\/\/marcali.plebania.hu\/wp-content\/uploads\/2023\/12\/45-2-2048x1365.jpg 2048w, https:\/\/marcali.plebania.hu\/wp-content\/uploads\/2023\/12\/45-2-405x270.jpg 405w\" sizes=\"auto, (max-width: 1024px) 100vw, 1024px\" \/><\/figure>\n<\/figure>\n\n\n\n<p>Az \u00e1dventi \u00fcnneps\u00e9g szentmis\u00e9vel z\u00e1rult a Gy\u00fcm\u00f6lcsolt\u00f3 Boldogasszony Pl\u00e9b\u00e1niatemplomban.<\/p>\n\n\n\n<p><\/p>\n","protected":false},"excerpt":{"rendered":"<p>2023. december 23-\u00e1n, \u00e1dvent negyedik szombatj\u00e1n 17 \u00f3rakor kezd\u0151d\u00f6tt a Marcali hittanosok \u00fcnnepi m\u0171sora, mely ut\u00e1n a Gy\u00fcm\u00f6lcsolt\u00f3 Boldogasszony pl\u00e9b\u00e1niatemplom el\u0151tti Boldog II. J\u00e1nos P\u00e1l p\u00e1pa t\u00e9ren l\u00e9v\u0151 k\u00fclt\u00e9ri \u00e1dventi koszor\u00fan meggy\u00fajtott\u00e1k a negyedik gyerty\u00e1t. Az \u00fcnneps\u00e9gen a Marcali katolikus \u00e9s reform\u00e1tus hittanos di\u00e1kok verses-zen\u00e9s m\u0171sora ez\u00fattal is igen sok \u00e9rdekl\u0151d\u0151t vonzott, melyet a templomban tartottak meg. K\u00f6zrem\u0171k\u00f6d\u00f6tt a F\u00e9ny Gyermekei Katolikus Zenekar. A felk\u00e9sz\u00edt\u0151 pedag\u00f3gusok Bojtorn\u00e9 Kir\u00e1ly M\u00e1rta katolikus \u00e9s Kov\u00e1cs T\u00fcnde reform\u00e1tus hitoktat\u00f3k voltak. Az el\u0151ad\u00e1st nagytisztelet\u0171 Fazekas&#8230;<\/p>\n<p class=\"read-more\"><a class=\"btn btn-default\" href=\"https:\/\/marcali.plebania.hu\/?p=5371\"> Read More<span class=\"screen-reader-text\">  Read More<\/span><\/a><\/p>\n","protected":false},"author":2,"featured_media":0,"comment_status":"closed","ping_status":"open","sticky":false,"template":"","format":"standard","meta":{"footnotes":""},"categories":[1],"tags":[],"class_list":["post-5371","post","type-post","status-publish","format-standard","hentry","category-egyeb"],"_links":{"self":[{"href":"https:\/\/marcali.plebania.hu\/index.php?rest_route=\/wp\/v2\/posts\/5371","targetHints":{"allow":["GET"]}}],"collection":[{"href":"https:\/\/marcali.plebania.hu\/index.php?rest_route=\/wp\/v2\/posts"}],"about":[{"href":"https:\/\/marcali.plebania.hu\/index.php?rest_route=\/wp\/v2\/types\/post"}],"author":[{"embeddable":true,"href":"https:\/\/marcali.plebania.hu\/index.php?rest_route=\/wp\/v2\/users\/2"}],"replies":[{"embeddable":true,"href":"https:\/\/marcali.plebania.hu\/index.php?rest_route=%2Fwp%2Fv2%2Fcomments&post=5371"}],"version-history":[{"count":2,"href":"https:\/\/marcali.plebania.hu\/index.php?rest_route=\/wp\/v2\/posts\/5371\/revisions"}],"predecessor-version":[{"id":5407,"href":"https:\/\/marcali.plebania.hu\/index.php?rest_route=\/wp\/v2\/posts\/5371\/revisions\/5407"}],"wp:attachment":[{"href":"https:\/\/marcali.plebania.hu\/index.php?rest_route=%2Fwp%2Fv2%2Fmedia&parent=5371"}],"wp:term":[{"taxonomy":"category","embeddable":true,"href":"https:\/\/marcali.plebania.hu\/index.php?rest_route=%2Fwp%2Fv2%2Fcategories&post=5371"},{"taxonomy":"post_tag","embeddable":true,"href":"https:\/\/marcali.plebania.hu\/index.php?rest_route=%2Fwp%2Fv2%2Ftags&post=5371"}],"curies":[{"name":"wp","href":"https:\/\/api.w.org\/{rel}","templated":true}]}}