{"id":5386,"date":"2023-12-27T15:59:12","date_gmt":"2023-12-27T15:59:12","guid":{"rendered":"https:\/\/marcali.plebania.hu\/?p=5386"},"modified":"2023-12-27T15:59:12","modified_gmt":"2023-12-27T15:59:12","slug":"az-eso-ellenere-2023-ban-is-elkeszult-a-kulteri-betlehem","status":"publish","type":"post","link":"https:\/\/marcali.plebania.hu\/?p=5386","title":{"rendered":"Az es\u0151 ellen\u00e9re 2023-ban is elk\u00e9sz\u00fclt a k\u00fclt\u00e9ri betlehem"},"content":{"rendered":"\n<p>2023. december 23-\u00e1n, szombaton d\u00e9lel\u0151tt, 17. alkalommal k\u00e9sz\u00fcltek el a k\u00fclt\u00e9ri betlehem-\u00e9p\u00edt\u00e9si munk\u00e1latai a Gy\u00fcm\u00f6lcsolt\u00f3 Boldogasszony Pl\u00e9b\u00e1niatemplom \u00e9szaki oldal\u00e1n a Marcali R\u00f3mai Katolikus Egyh\u00e1zk\u00f6zs\u00e9g \u00f6sszefog\u00e1s\u00e1val.<\/p>\n\n\n\n<figure class=\"wp-block-gallery has-nested-images columns-default is-cropped wp-block-gallery-1 is-layout-flex wp-block-gallery-is-layout-flex\">\n<figure class=\"wp-block-image size-large\"><img loading=\"lazy\" decoding=\"async\" width=\"1024\" height=\"768\" data-id=\"5390\" src=\"https:\/\/marcali.plebania.hu\/wp-content\/uploads\/2023\/12\/01-6-1024x768.jpg\" alt=\"\" class=\"wp-image-5390\" srcset=\"https:\/\/marcali.plebania.hu\/wp-content\/uploads\/2023\/12\/01-6-1024x768.jpg 1024w, https:\/\/marcali.plebania.hu\/wp-content\/uploads\/2023\/12\/01-6-300x225.jpg 300w, https:\/\/marcali.plebania.hu\/wp-content\/uploads\/2023\/12\/01-6-768x576.jpg 768w, https:\/\/marcali.plebania.hu\/wp-content\/uploads\/2023\/12\/01-6-1536x1152.jpg 1536w, https:\/\/marcali.plebania.hu\/wp-content\/uploads\/2023\/12\/01-6-2048x1536.jpg 2048w, https:\/\/marcali.plebania.hu\/wp-content\/uploads\/2023\/12\/01-6-360x270.jpg 360w\" sizes=\"auto, (max-width: 1024px) 100vw, 1024px\" \/><\/figure>\n\n\n\n<figure class=\"wp-block-image size-large\"><img loading=\"lazy\" decoding=\"async\" width=\"1024\" height=\"768\" data-id=\"5388\" src=\"https:\/\/marcali.plebania.hu\/wp-content\/uploads\/2023\/12\/02-7-1024x768.jpg\" alt=\"\" class=\"wp-image-5388\" srcset=\"https:\/\/marcali.plebania.hu\/wp-content\/uploads\/2023\/12\/02-7-1024x768.jpg 1024w, https:\/\/marcali.plebania.hu\/wp-content\/uploads\/2023\/12\/02-7-300x225.jpg 300w, https:\/\/marcali.plebania.hu\/wp-content\/uploads\/2023\/12\/02-7-768x576.jpg 768w, https:\/\/marcali.plebania.hu\/wp-content\/uploads\/2023\/12\/02-7-1536x1152.jpg 1536w, https:\/\/marcali.plebania.hu\/wp-content\/uploads\/2023\/12\/02-7-2048x1536.jpg 2048w, https:\/\/marcali.plebania.hu\/wp-content\/uploads\/2023\/12\/02-7-360x270.jpg 360w\" sizes=\"auto, (max-width: 1024px) 100vw, 1024px\" \/><\/figure>\n\n\n\n<figure class=\"wp-block-image size-large\"><img loading=\"lazy\" decoding=\"async\" width=\"1024\" height=\"768\" data-id=\"5387\" src=\"https:\/\/marcali.plebania.hu\/wp-content\/uploads\/2023\/12\/03-7-1024x768.jpg\" alt=\"\" class=\"wp-image-5387\" srcset=\"https:\/\/marcali.plebania.hu\/wp-content\/uploads\/2023\/12\/03-7-1024x768.jpg 1024w, https:\/\/marcali.plebania.hu\/wp-content\/uploads\/2023\/12\/03-7-300x225.jpg 300w, https:\/\/marcali.plebania.hu\/wp-content\/uploads\/2023\/12\/03-7-768x576.jpg 768w, https:\/\/marcali.plebania.hu\/wp-content\/uploads\/2023\/12\/03-7-1536x1152.jpg 1536w, https:\/\/marcali.plebania.hu\/wp-content\/uploads\/2023\/12\/03-7-2048x1536.jpg 2048w, https:\/\/marcali.plebania.hu\/wp-content\/uploads\/2023\/12\/03-7-360x270.jpg 360w\" sizes=\"auto, (max-width: 1024px) 100vw, 1024px\" \/><\/figure>\n\n\n\n<figure class=\"wp-block-image size-large\"><img loading=\"lazy\" decoding=\"async\" width=\"1024\" height=\"768\" data-id=\"5391\" src=\"https:\/\/marcali.plebania.hu\/wp-content\/uploads\/2023\/12\/08-2-1024x768.jpg\" alt=\"\" class=\"wp-image-5391\" srcset=\"https:\/\/marcali.plebania.hu\/wp-content\/uploads\/2023\/12\/08-2-1024x768.jpg 1024w, https:\/\/marcali.plebania.hu\/wp-content\/uploads\/2023\/12\/08-2-300x225.jpg 300w, https:\/\/marcali.plebania.hu\/wp-content\/uploads\/2023\/12\/08-2-768x576.jpg 768w, https:\/\/marcali.plebania.hu\/wp-content\/uploads\/2023\/12\/08-2-1536x1152.jpg 1536w, https:\/\/marcali.plebania.hu\/wp-content\/uploads\/2023\/12\/08-2-2048x1536.jpg 2048w, https:\/\/marcali.plebania.hu\/wp-content\/uploads\/2023\/12\/08-2-360x270.jpg 360w\" sizes=\"auto, (max-width: 1024px) 100vw, 1024px\" \/><\/figure>\n<\/figure>\n\n\n\n<p>Az els\u0151 \u00fctemben S\u00e1gv\u00e1ri R\u00f3bert \u00e1csmester \u00e9s csapata \u2013 az el\u0151z\u0151 nap d\u00e9lel\u0151ttj\u00e9n \u2013 rutinos gyorsas\u00e1ggal \u00e1ll\u00edtotta \u00f6ssze az ak\u00e1cfa-v\u00e1zszerkezetet. Majd szombat d\u00e9lel\u0151tt, 9 \u00f3r\u00e1t\u00f3l folyat\u00f3dott a betlehem d\u00edsz\u00edt\u00e9se feny\u0151\u00e1gakkal \u00e9s kukoricasz\u00e1rakkal; valamint berendez\u00e9se a Szent Csal\u00e1ddal, a p\u00e1sztorokkal \u00e9s a napkeleti b\u00f6lcsekkel (a h\u00e1rom kir\u00e1lyokkal), tov\u00e1bb\u00e1 az \u00e1llat figur\u00e1kkal. Ezt a munkafolyamatot az id\u00e9n is Gelencs\u00e9r R\u00f3bert vil\u00e1gi eln\u00f6k, Kir\u00e1ly Jen\u0151 templomatya \u00e9s T\u00f3th P\u00e9ter ir\u00e1ny\u00edtott\u00e1k. Az \u00e9p\u00edt\u0151csapatban id\u0151sek \u00e9s fiatalok is voltak, akik m\u00e1r ismert\u00e9k a k\u00fcl\u00f6nb\u00f6z\u0151 munkaf\u00e1zisokat, \u00edgy nem okozott gondot az \u00e9p\u00edt\u00e9s.<\/p>\n\n\n\n<figure class=\"wp-block-gallery has-nested-images columns-default is-cropped wp-block-gallery-2 is-layout-flex wp-block-gallery-is-layout-flex\">\n<figure class=\"wp-block-image size-large\"><img loading=\"lazy\" decoding=\"async\" width=\"1024\" height=\"683\" data-id=\"5395\" src=\"https:\/\/marcali.plebania.hu\/wp-content\/uploads\/2023\/12\/16-2-1024x683.jpg\" alt=\"\" class=\"wp-image-5395\" srcset=\"https:\/\/marcali.plebania.hu\/wp-content\/uploads\/2023\/12\/16-2-1024x683.jpg 1024w, https:\/\/marcali.plebania.hu\/wp-content\/uploads\/2023\/12\/16-2-300x200.jpg 300w, https:\/\/marcali.plebania.hu\/wp-content\/uploads\/2023\/12\/16-2-768x512.jpg 768w, https:\/\/marcali.plebania.hu\/wp-content\/uploads\/2023\/12\/16-2-1536x1024.jpg 1536w, https:\/\/marcali.plebania.hu\/wp-content\/uploads\/2023\/12\/16-2-2048x1365.jpg 2048w, https:\/\/marcali.plebania.hu\/wp-content\/uploads\/2023\/12\/16-2-405x270.jpg 405w\" sizes=\"auto, (max-width: 1024px) 100vw, 1024px\" \/><\/figure>\n\n\n\n<figure class=\"wp-block-image size-large\"><img loading=\"lazy\" decoding=\"async\" width=\"1024\" height=\"683\" data-id=\"5394\" src=\"https:\/\/marcali.plebania.hu\/wp-content\/uploads\/2023\/12\/18-2-1024x683.jpg\" alt=\"\" class=\"wp-image-5394\" srcset=\"https:\/\/marcali.plebania.hu\/wp-content\/uploads\/2023\/12\/18-2-1024x683.jpg 1024w, https:\/\/marcali.plebania.hu\/wp-content\/uploads\/2023\/12\/18-2-300x200.jpg 300w, https:\/\/marcali.plebania.hu\/wp-content\/uploads\/2023\/12\/18-2-768x512.jpg 768w, https:\/\/marcali.plebania.hu\/wp-content\/uploads\/2023\/12\/18-2-1536x1024.jpg 1536w, https:\/\/marcali.plebania.hu\/wp-content\/uploads\/2023\/12\/18-2-2048x1365.jpg 2048w, https:\/\/marcali.plebania.hu\/wp-content\/uploads\/2023\/12\/18-2-405x270.jpg 405w\" sizes=\"auto, (max-width: 1024px) 100vw, 1024px\" \/><\/figure>\n\n\n\n<figure class=\"wp-block-image size-large\"><img loading=\"lazy\" decoding=\"async\" width=\"1024\" height=\"683\" data-id=\"5397\" src=\"https:\/\/marcali.plebania.hu\/wp-content\/uploads\/2023\/12\/29-2-1024x683.jpg\" alt=\"\" class=\"wp-image-5397\" srcset=\"https:\/\/marcali.plebania.hu\/wp-content\/uploads\/2023\/12\/29-2-1024x683.jpg 1024w, https:\/\/marcali.plebania.hu\/wp-content\/uploads\/2023\/12\/29-2-300x200.jpg 300w, https:\/\/marcali.plebania.hu\/wp-content\/uploads\/2023\/12\/29-2-768x512.jpg 768w, https:\/\/marcali.plebania.hu\/wp-content\/uploads\/2023\/12\/29-2-1536x1024.jpg 1536w, https:\/\/marcali.plebania.hu\/wp-content\/uploads\/2023\/12\/29-2-2048x1365.jpg 2048w, https:\/\/marcali.plebania.hu\/wp-content\/uploads\/2023\/12\/29-2-405x270.jpg 405w\" sizes=\"auto, (max-width: 1024px) 100vw, 1024px\" \/><\/figure>\n\n\n\n<figure class=\"wp-block-image size-large\"><img loading=\"lazy\" decoding=\"async\" width=\"1024\" height=\"683\" data-id=\"5396\" src=\"https:\/\/marcali.plebania.hu\/wp-content\/uploads\/2023\/12\/20-3-1024x683.jpg\" alt=\"\" class=\"wp-image-5396\" srcset=\"https:\/\/marcali.plebania.hu\/wp-content\/uploads\/2023\/12\/20-3-1024x683.jpg 1024w, https:\/\/marcali.plebania.hu\/wp-content\/uploads\/2023\/12\/20-3-300x200.jpg 300w, https:\/\/marcali.plebania.hu\/wp-content\/uploads\/2023\/12\/20-3-768x512.jpg 768w, https:\/\/marcali.plebania.hu\/wp-content\/uploads\/2023\/12\/20-3-1536x1024.jpg 1536w, https:\/\/marcali.plebania.hu\/wp-content\/uploads\/2023\/12\/20-3-2048x1365.jpg 2048w, https:\/\/marcali.plebania.hu\/wp-content\/uploads\/2023\/12\/20-3-405x270.jpg 405w\" sizes=\"auto, (max-width: 1024px) 100vw, 1024px\" \/><\/figure>\n<\/figure>\n\n\n\n<p> K\u00f6zben a templomban is hely\u00fckre ker\u00fcltek a feny\u0151f\u00e1k, ahol a takar\u00edt\u00e1sban az imak\u00f6ri tagok k\u00f6z\u00fcl ketten seg\u00e9dkeztek. Az \u00e1csmunk\u00e1kban \u00f6sszesen 5 f\u0151, az \u00f6ssze\u00e1ll\u00edt\u00e1sban pedig 18 szem\u00e9ly vett r\u00e9szt.<\/p>\n\n\n\n<figure class=\"wp-block-image size-large\"><img loading=\"lazy\" decoding=\"async\" width=\"1024\" height=\"683\" src=\"https:\/\/marcali.plebania.hu\/wp-content\/uploads\/2023\/12\/36-2-1024x683.jpg\" alt=\"\" class=\"wp-image-5400\" srcset=\"https:\/\/marcali.plebania.hu\/wp-content\/uploads\/2023\/12\/36-2-1024x683.jpg 1024w, https:\/\/marcali.plebania.hu\/wp-content\/uploads\/2023\/12\/36-2-300x200.jpg 300w, https:\/\/marcali.plebania.hu\/wp-content\/uploads\/2023\/12\/36-2-768x512.jpg 768w, https:\/\/marcali.plebania.hu\/wp-content\/uploads\/2023\/12\/36-2-1536x1024.jpg 1536w, https:\/\/marcali.plebania.hu\/wp-content\/uploads\/2023\/12\/36-2-2048x1365.jpg 2048w, https:\/\/marcali.plebania.hu\/wp-content\/uploads\/2023\/12\/36-2-405x270.jpg 405w\" sizes=\"auto, (max-width: 1024px) 100vw, 1024px\" \/><\/figure>\n\n\n\n<figure class=\"wp-block-gallery has-nested-images columns-default is-cropped wp-block-gallery-3 is-layout-flex wp-block-gallery-is-layout-flex\">\n<figure class=\"wp-block-image size-large\"><img loading=\"lazy\" decoding=\"async\" width=\"1024\" height=\"683\" data-id=\"5402\" src=\"https:\/\/marcali.plebania.hu\/wp-content\/uploads\/2023\/12\/34-1024x683.jpg\" alt=\"\" class=\"wp-image-5402\" srcset=\"https:\/\/marcali.plebania.hu\/wp-content\/uploads\/2023\/12\/34-1024x683.jpg 1024w, https:\/\/marcali.plebania.hu\/wp-content\/uploads\/2023\/12\/34-300x200.jpg 300w, https:\/\/marcali.plebania.hu\/wp-content\/uploads\/2023\/12\/34-768x512.jpg 768w, https:\/\/marcali.plebania.hu\/wp-content\/uploads\/2023\/12\/34-1536x1024.jpg 1536w, https:\/\/marcali.plebania.hu\/wp-content\/uploads\/2023\/12\/34-2048x1365.jpg 2048w, https:\/\/marcali.plebania.hu\/wp-content\/uploads\/2023\/12\/34-405x270.jpg 405w\" sizes=\"auto, (max-width: 1024px) 100vw, 1024px\" \/><\/figure>\n\n\n\n<figure class=\"wp-block-image size-large\"><img loading=\"lazy\" decoding=\"async\" width=\"1024\" height=\"683\" data-id=\"5398\" src=\"https:\/\/marcali.plebania.hu\/wp-content\/uploads\/2023\/12\/39-2-1024x683.jpg\" alt=\"\" class=\"wp-image-5398\" srcset=\"https:\/\/marcali.plebania.hu\/wp-content\/uploads\/2023\/12\/39-2-1024x683.jpg 1024w, https:\/\/marcali.plebania.hu\/wp-content\/uploads\/2023\/12\/39-2-300x200.jpg 300w, https:\/\/marcali.plebania.hu\/wp-content\/uploads\/2023\/12\/39-2-768x512.jpg 768w, https:\/\/marcali.plebania.hu\/wp-content\/uploads\/2023\/12\/39-2-1536x1024.jpg 1536w, https:\/\/marcali.plebania.hu\/wp-content\/uploads\/2023\/12\/39-2-2048x1365.jpg 2048w, https:\/\/marcali.plebania.hu\/wp-content\/uploads\/2023\/12\/39-2-405x270.jpg 405w\" sizes=\"auto, (max-width: 1024px) 100vw, 1024px\" \/><\/figure>\n\n\n\n<figure class=\"wp-block-image size-large\"><img loading=\"lazy\" decoding=\"async\" width=\"1024\" height=\"683\" data-id=\"5403\" src=\"https:\/\/marcali.plebania.hu\/wp-content\/uploads\/2023\/12\/47-1024x683.jpg\" alt=\"\" class=\"wp-image-5403\" srcset=\"https:\/\/marcali.plebania.hu\/wp-content\/uploads\/2023\/12\/47-1024x683.jpg 1024w, https:\/\/marcali.plebania.hu\/wp-content\/uploads\/2023\/12\/47-300x200.jpg 300w, https:\/\/marcali.plebania.hu\/wp-content\/uploads\/2023\/12\/47-768x512.jpg 768w, https:\/\/marcali.plebania.hu\/wp-content\/uploads\/2023\/12\/47-1536x1024.jpg 1536w, https:\/\/marcali.plebania.hu\/wp-content\/uploads\/2023\/12\/47-2048x1365.jpg 2048w, https:\/\/marcali.plebania.hu\/wp-content\/uploads\/2023\/12\/47-405x270.jpg 405w\" sizes=\"auto, (max-width: 1024px) 100vw, 1024px\" \/><\/figure>\n<\/figure>\n\n\n\n<p>A szabadt\u00e9ri betlehem 2024. janu\u00e1r elej\u00e9ig, V\u00edzkeresztig lesz l\u00e1togathat\u00f3 \u00e9jjel \u00e9s nappal is.<\/p>\n\n\n\n<figure class=\"wp-block-gallery has-nested-images columns-default is-cropped wp-block-gallery-4 is-layout-flex wp-block-gallery-is-layout-flex\">\n<figure class=\"wp-block-image size-large\"><img loading=\"lazy\" decoding=\"async\" width=\"1024\" height=\"683\" data-id=\"5404\" src=\"https:\/\/marcali.plebania.hu\/wp-content\/uploads\/2023\/12\/46-1024x683.jpg\" alt=\"\" class=\"wp-image-5404\" srcset=\"https:\/\/marcali.plebania.hu\/wp-content\/uploads\/2023\/12\/46-1024x683.jpg 1024w, https:\/\/marcali.plebania.hu\/wp-content\/uploads\/2023\/12\/46-300x200.jpg 300w, https:\/\/marcali.plebania.hu\/wp-content\/uploads\/2023\/12\/46-768x512.jpg 768w, https:\/\/marcali.plebania.hu\/wp-content\/uploads\/2023\/12\/46-1536x1024.jpg 1536w, https:\/\/marcali.plebania.hu\/wp-content\/uploads\/2023\/12\/46-2048x1365.jpg 2048w, https:\/\/marcali.plebania.hu\/wp-content\/uploads\/2023\/12\/46-405x270.jpg 405w\" sizes=\"auto, (max-width: 1024px) 100vw, 1024px\" \/><\/figure>\n<\/figure>\n\n\n\n<p>A R\u00f3mai Katolikus Egyh\u00e1zk\u00f6zs\u00e9g nev\u00e9ben Tomanek Ferenc pl\u00e9b\u00e1nos minden seg\u00edt\u0151nek \u00e9s a feny\u0151f\u00e1k adom\u00e1nyoz\u00f3inak is megk\u00f6sz\u00f6ni a k\u00f6zrem\u0171k\u00f6d\u00e9s\u00e9t, illetve nagylelk\u0171 felaj\u00e1nl\u00e1s\u00e1t. A v\u00e1ros lakoss\u00e1g\u00e1nak \u00e9s a betlehem-l\u00e1togat\u00f3knak pedig \u00e1ldott, boldog, b\u00e9k\u00e9s kar\u00e1csonyi \u00fcnnepeket k\u00edv\u00e1n az \u00e9p\u00edt\u0151k nev\u00e9ben is!<\/p>\n\n\n\n<figure class=\"wp-block-gallery has-nested-images columns-default is-cropped wp-block-gallery-5 is-layout-flex wp-block-gallery-is-layout-flex\">\n<figure class=\"wp-block-image size-large\"><img loading=\"lazy\" decoding=\"async\" width=\"1024\" height=\"683\" data-id=\"5405\" src=\"https:\/\/marcali.plebania.hu\/wp-content\/uploads\/2023\/12\/49-1024x683.jpg\" alt=\"\" class=\"wp-image-5405\" srcset=\"https:\/\/marcali.plebania.hu\/wp-content\/uploads\/2023\/12\/49-1024x683.jpg 1024w, https:\/\/marcali.plebania.hu\/wp-content\/uploads\/2023\/12\/49-300x200.jpg 300w, https:\/\/marcali.plebania.hu\/wp-content\/uploads\/2023\/12\/49-768x512.jpg 768w, https:\/\/marcali.plebania.hu\/wp-content\/uploads\/2023\/12\/49-1536x1024.jpg 1536w, https:\/\/marcali.plebania.hu\/wp-content\/uploads\/2023\/12\/49-2048x1365.jpg 2048w, https:\/\/marcali.plebania.hu\/wp-content\/uploads\/2023\/12\/49-405x270.jpg 405w\" sizes=\"auto, (max-width: 1024px) 100vw, 1024px\" \/><\/figure>\n<\/figure>\n","protected":false},"excerpt":{"rendered":"<p>2023. december 23-\u00e1n, szombaton d\u00e9lel\u0151tt, 17. alkalommal k\u00e9sz\u00fcltek el a k\u00fclt\u00e9ri betlehem-\u00e9p\u00edt\u00e9si munk\u00e1latai a Gy\u00fcm\u00f6lcsolt\u00f3 Boldogasszony Pl\u00e9b\u00e1niatemplom \u00e9szaki oldal\u00e1n a Marcali R\u00f3mai Katolikus Egyh\u00e1zk\u00f6zs\u00e9g \u00f6sszefog\u00e1s\u00e1val. Az els\u0151 \u00fctemben S\u00e1gv\u00e1ri R\u00f3bert \u00e1csmester \u00e9s csapata \u2013 az el\u0151z\u0151 nap d\u00e9lel\u0151ttj\u00e9n \u2013 rutinos gyorsas\u00e1ggal \u00e1ll\u00edtotta \u00f6ssze az ak\u00e1cfa-v\u00e1zszerkezetet. Majd szombat d\u00e9lel\u0151tt, 9 \u00f3r\u00e1t\u00f3l folyat\u00f3dott a betlehem d\u00edsz\u00edt\u00e9se feny\u0151\u00e1gakkal \u00e9s kukoricasz\u00e1rakkal; valamint berendez\u00e9se a Szent Csal\u00e1ddal, a p\u00e1sztorokkal \u00e9s a napkeleti b\u00f6lcsekkel (a h\u00e1rom kir\u00e1lyokkal), tov\u00e1bb\u00e1 az \u00e1llat figur\u00e1kkal. Ezt a munkafolyamatot az id\u00e9n&#8230;<\/p>\n<p class=\"read-more\"><a class=\"btn btn-default\" href=\"https:\/\/marcali.plebania.hu\/?p=5386\"> Read More<span class=\"screen-reader-text\">  Read More<\/span><\/a><\/p>\n","protected":false},"author":2,"featured_media":0,"comment_status":"closed","ping_status":"open","sticky":false,"template":"","format":"standard","meta":{"footnotes":""},"categories":[1],"tags":[],"class_list":["post-5386","post","type-post","status-publish","format-standard","hentry","category-egyeb"],"_links":{"self":[{"href":"https:\/\/marcali.plebania.hu\/index.php?rest_route=\/wp\/v2\/posts\/5386","targetHints":{"allow":["GET"]}}],"collection":[{"href":"https:\/\/marcali.plebania.hu\/index.php?rest_route=\/wp\/v2\/posts"}],"about":[{"href":"https:\/\/marcali.plebania.hu\/index.php?rest_route=\/wp\/v2\/types\/post"}],"author":[{"embeddable":true,"href":"https:\/\/marcali.plebania.hu\/index.php?rest_route=\/wp\/v2\/users\/2"}],"replies":[{"embeddable":true,"href":"https:\/\/marcali.plebania.hu\/index.php?rest_route=%2Fwp%2Fv2%2Fcomments&post=5386"}],"version-history":[{"count":1,"href":"https:\/\/marcali.plebania.hu\/index.php?rest_route=\/wp\/v2\/posts\/5386\/revisions"}],"predecessor-version":[{"id":5406,"href":"https:\/\/marcali.plebania.hu\/index.php?rest_route=\/wp\/v2\/posts\/5386\/revisions\/5406"}],"wp:attachment":[{"href":"https:\/\/marcali.plebania.hu\/index.php?rest_route=%2Fwp%2Fv2%2Fmedia&parent=5386"}],"wp:term":[{"taxonomy":"category","embeddable":true,"href":"https:\/\/marcali.plebania.hu\/index.php?rest_route=%2Fwp%2Fv2%2Fcategories&post=5386"},{"taxonomy":"post_tag","embeddable":true,"href":"https:\/\/marcali.plebania.hu\/index.php?rest_route=%2Fwp%2Fv2%2Ftags&post=5386"}],"curies":[{"name":"wp","href":"https:\/\/api.w.org\/{rel}","templated":true}]}}