{"id":540,"date":"2018-12-24T20:07:31","date_gmt":"2018-12-24T20:07:31","guid":{"rendered":"https:\/\/marcali.plebania.hu\/?p=540"},"modified":"2018-12-24T20:07:31","modified_gmt":"2018-12-24T20:07:31","slug":"meggyujtottak-a-4-adventi-gyertyat","status":"publish","type":"post","link":"https:\/\/marcali.plebania.hu\/?p=540","title":{"rendered":"Meggy\u00fajtott\u00e1k a 4. \u00e1dventi gyerty\u00e1t"},"content":{"rendered":"<p>2018. december 22-\u00e9n, szombaton este 17 \u00f3rakor a Gy\u00fcm\u00f6lcsolt\u00f3 Boldogasszony pl\u00e9b\u00e1niatemplom el\u0151tti t\u00e9ren \u00e1ll\u00f3 k\u00fclt\u00e9ri \u00e1dventi koszor\u00fan meggy\u00fajtott\u00e1k a negyedik gyerty\u00e1t is.<\/p>\n<p><img loading=\"lazy\" decoding=\"async\" class=\"alignnone size-medium wp-image-541\" src=\"https:\/\/marcali.plebania.hu\/wp-content\/uploads\/2018\/12\/06-1-300x200.jpg\" alt=\"\" width=\"300\" height=\"200\" srcset=\"https:\/\/marcali.plebania.hu\/wp-content\/uploads\/2018\/12\/06-1-300x200.jpg 300w, https:\/\/marcali.plebania.hu\/wp-content\/uploads\/2018\/12\/06-1-768x512.jpg 768w, https:\/\/marcali.plebania.hu\/wp-content\/uploads\/2018\/12\/06-1-1024x683.jpg 1024w, https:\/\/marcali.plebania.hu\/wp-content\/uploads\/2018\/12\/06-1-405x270.jpg 405w\" sizes=\"auto, (max-width: 300px) 100vw, 300px\" \/>\u00a0<img loading=\"lazy\" decoding=\"async\" class=\"alignnone size-medium wp-image-542\" src=\"https:\/\/marcali.plebania.hu\/wp-content\/uploads\/2018\/12\/10-300x200.jpg\" alt=\"\" width=\"300\" height=\"200\" srcset=\"https:\/\/marcali.plebania.hu\/wp-content\/uploads\/2018\/12\/10-300x200.jpg 300w, https:\/\/marcali.plebania.hu\/wp-content\/uploads\/2018\/12\/10-768x512.jpg 768w, https:\/\/marcali.plebania.hu\/wp-content\/uploads\/2018\/12\/10-1024x683.jpg 1024w, https:\/\/marcali.plebania.hu\/wp-content\/uploads\/2018\/12\/10-405x270.jpg 405w\" sizes=\"auto, (max-width: 300px) 100vw, 300px\" \/> <img loading=\"lazy\" decoding=\"async\" class=\"alignnone size-medium wp-image-543\" src=\"https:\/\/marcali.plebania.hu\/wp-content\/uploads\/2018\/12\/11-1-300x200.jpg\" alt=\"\" width=\"300\" height=\"200\" srcset=\"https:\/\/marcali.plebania.hu\/wp-content\/uploads\/2018\/12\/11-1-300x200.jpg 300w, https:\/\/marcali.plebania.hu\/wp-content\/uploads\/2018\/12\/11-1-768x512.jpg 768w, https:\/\/marcali.plebania.hu\/wp-content\/uploads\/2018\/12\/11-1-1024x683.jpg 1024w, https:\/\/marcali.plebania.hu\/wp-content\/uploads\/2018\/12\/11-1-405x270.jpg 405w\" sizes=\"auto, (max-width: 300px) 100vw, 300px\" \/>\u00a0<img loading=\"lazy\" decoding=\"async\" class=\"alignnone size-medium wp-image-544\" src=\"https:\/\/marcali.plebania.hu\/wp-content\/uploads\/2018\/12\/15-300x200.jpg\" alt=\"\" width=\"300\" height=\"200\" srcset=\"https:\/\/marcali.plebania.hu\/wp-content\/uploads\/2018\/12\/15-300x200.jpg 300w, https:\/\/marcali.plebania.hu\/wp-content\/uploads\/2018\/12\/15-768x512.jpg 768w, https:\/\/marcali.plebania.hu\/wp-content\/uploads\/2018\/12\/15-1024x683.jpg 1024w, https:\/\/marcali.plebania.hu\/wp-content\/uploads\/2018\/12\/15-405x270.jpg 405w\" sizes=\"auto, (max-width: 300px) 100vw, 300px\" \/> <img loading=\"lazy\" decoding=\"async\" class=\"alignnone size-medium wp-image-545\" src=\"https:\/\/marcali.plebania.hu\/wp-content\/uploads\/2018\/12\/29-300x200.jpg\" alt=\"\" width=\"300\" height=\"200\" srcset=\"https:\/\/marcali.plebania.hu\/wp-content\/uploads\/2018\/12\/29-300x200.jpg 300w, https:\/\/marcali.plebania.hu\/wp-content\/uploads\/2018\/12\/29-768x512.jpg 768w, https:\/\/marcali.plebania.hu\/wp-content\/uploads\/2018\/12\/29-1024x683.jpg 1024w, https:\/\/marcali.plebania.hu\/wp-content\/uploads\/2018\/12\/29-405x270.jpg 405w\" sizes=\"auto, (max-width: 300px) 100vw, 300px\" \/>\u00a0<img loading=\"lazy\" decoding=\"async\" class=\"alignnone size-medium wp-image-546\" src=\"https:\/\/marcali.plebania.hu\/wp-content\/uploads\/2018\/12\/32-300x200.jpg\" alt=\"\" width=\"300\" height=\"200\" srcset=\"https:\/\/marcali.plebania.hu\/wp-content\/uploads\/2018\/12\/32-300x200.jpg 300w, https:\/\/marcali.plebania.hu\/wp-content\/uploads\/2018\/12\/32-768x512.jpg 768w, https:\/\/marcali.plebania.hu\/wp-content\/uploads\/2018\/12\/32-1024x683.jpg 1024w, https:\/\/marcali.plebania.hu\/wp-content\/uploads\/2018\/12\/32-405x270.jpg 405w\" sizes=\"auto, (max-width: 300px) 100vw, 300px\" \/><\/p>\n<p>A megjelenteket Kiss Iv\u00e1n c. pr\u00e9post, esperes-pl\u00e9b\u00e1nos k\u00f6sz\u00f6nt\u00f6tte, majd bevezet\u0151je ut\u00e1n a marcali hittanos di\u00e1kok \u00fcnnepi zen\u00e9s-verses \u00f6ssze\u00e1ll\u00edt\u00e1sa k\u00f6vetkezett. V\u00e9g\u00fcl a negyedik, lila sz\u00edn\u0171 gyerty\u00e1t a m\u0171sorban k\u00f6zrem\u0171k\u00f6d\u0151 di\u00e1kok gy\u00fajtott\u00e1k meg, Szil\u00e1gyi Istv\u00e1n, a Noszlopy G\u00e1sp\u00e1r \u00c1ltal\u00e1nos \u00e9s Alapfok\u00fa M\u0171v\u00e9szeti Iskola f\u0151igazgat\u00f3ja \u00e9s Iv\u00e1n atya k\u00eds\u00e9ret\u00e9ben.<\/p>\n<p><img loading=\"lazy\" decoding=\"async\" class=\"alignnone size-medium wp-image-547\" src=\"https:\/\/marcali.plebania.hu\/wp-content\/uploads\/2018\/12\/36-300x200.jpg\" alt=\"\" width=\"300\" height=\"200\" srcset=\"https:\/\/marcali.plebania.hu\/wp-content\/uploads\/2018\/12\/36-300x200.jpg 300w, https:\/\/marcali.plebania.hu\/wp-content\/uploads\/2018\/12\/36-768x512.jpg 768w, https:\/\/marcali.plebania.hu\/wp-content\/uploads\/2018\/12\/36-1024x683.jpg 1024w, https:\/\/marcali.plebania.hu\/wp-content\/uploads\/2018\/12\/36-405x270.jpg 405w\" sizes=\"auto, (max-width: 300px) 100vw, 300px\" \/>\u00a0<img loading=\"lazy\" decoding=\"async\" class=\"alignnone size-medium wp-image-548\" src=\"https:\/\/marcali.plebania.hu\/wp-content\/uploads\/2018\/12\/40-300x200.jpg\" alt=\"\" width=\"300\" height=\"200\" srcset=\"https:\/\/marcali.plebania.hu\/wp-content\/uploads\/2018\/12\/40-300x200.jpg 300w, https:\/\/marcali.plebania.hu\/wp-content\/uploads\/2018\/12\/40-768x512.jpg 768w, https:\/\/marcali.plebania.hu\/wp-content\/uploads\/2018\/12\/40-1024x683.jpg 1024w, https:\/\/marcali.plebania.hu\/wp-content\/uploads\/2018\/12\/40-405x270.jpg 405w\" sizes=\"auto, (max-width: 300px) 100vw, 300px\" \/><img loading=\"lazy\" decoding=\"async\" class=\"alignnone size-medium wp-image-549\" src=\"https:\/\/marcali.plebania.hu\/wp-content\/uploads\/2018\/12\/41-300x200.jpg\" alt=\"\" width=\"300\" height=\"200\" srcset=\"https:\/\/marcali.plebania.hu\/wp-content\/uploads\/2018\/12\/41-300x200.jpg 300w, https:\/\/marcali.plebania.hu\/wp-content\/uploads\/2018\/12\/41-768x512.jpg 768w, https:\/\/marcali.plebania.hu\/wp-content\/uploads\/2018\/12\/41-1024x683.jpg 1024w, https:\/\/marcali.plebania.hu\/wp-content\/uploads\/2018\/12\/41-405x270.jpg 405w\" sizes=\"auto, (max-width: 300px) 100vw, 300px\" \/> <img loading=\"lazy\" decoding=\"async\" class=\"alignnone size-medium wp-image-550\" src=\"https:\/\/marcali.plebania.hu\/wp-content\/uploads\/2018\/12\/42-300x200.jpg\" alt=\"\" width=\"300\" height=\"200\" srcset=\"https:\/\/marcali.plebania.hu\/wp-content\/uploads\/2018\/12\/42-300x200.jpg 300w, https:\/\/marcali.plebania.hu\/wp-content\/uploads\/2018\/12\/42-768x512.jpg 768w, https:\/\/marcali.plebania.hu\/wp-content\/uploads\/2018\/12\/42-1024x683.jpg 1024w, https:\/\/marcali.plebania.hu\/wp-content\/uploads\/2018\/12\/42-405x270.jpg 405w\" sizes=\"auto, (max-width: 300px) 100vw, 300px\" \/><\/p>\n","protected":false},"excerpt":{"rendered":"<p>2018. december 22-\u00e9n, szombaton este 17 \u00f3rakor a Gy\u00fcm\u00f6lcsolt\u00f3 Boldogasszony pl\u00e9b\u00e1niatemplom el\u0151tti t\u00e9ren \u00e1ll\u00f3 k\u00fclt\u00e9ri \u00e1dventi koszor\u00fan meggy\u00fajtott\u00e1k a negyedik gyerty\u00e1t is. \u00a0 \u00a0 \u00a0 A megjelenteket Kiss Iv\u00e1n c. pr\u00e9post, esperes-pl\u00e9b\u00e1nos k\u00f6sz\u00f6nt\u00f6tte, majd bevezet\u0151je ut\u00e1n a marcali hittanos di\u00e1kok \u00fcnnepi zen\u00e9s-verses \u00f6ssze\u00e1ll\u00edt\u00e1sa k\u00f6vetkezett. V\u00e9g\u00fcl a negyedik, lila sz\u00edn\u0171 gyerty\u00e1t a m\u0171sorban k\u00f6zrem\u0171k\u00f6d\u0151 di\u00e1kok gy\u00fajtott\u00e1k meg, Szil\u00e1gyi Istv\u00e1n, a Noszlopy G\u00e1sp\u00e1r \u00c1ltal\u00e1nos \u00e9s Alapfok\u00fa M\u0171v\u00e9szeti Iskola f\u0151igazgat\u00f3ja \u00e9s Iv\u00e1n atya k\u00eds\u00e9ret\u00e9ben. \u00a0<\/p>\n","protected":false},"author":2,"featured_media":0,"comment_status":"closed","ping_status":"open","sticky":false,"template":"","format":"standard","meta":{"footnotes":""},"categories":[1],"tags":[],"class_list":["post-540","post","type-post","status-publish","format-standard","hentry","category-egyeb"],"_links":{"self":[{"href":"https:\/\/marcali.plebania.hu\/index.php?rest_route=\/wp\/v2\/posts\/540","targetHints":{"allow":["GET"]}}],"collection":[{"href":"https:\/\/marcali.plebania.hu\/index.php?rest_route=\/wp\/v2\/posts"}],"about":[{"href":"https:\/\/marcali.plebania.hu\/index.php?rest_route=\/wp\/v2\/types\/post"}],"author":[{"embeddable":true,"href":"https:\/\/marcali.plebania.hu\/index.php?rest_route=\/wp\/v2\/users\/2"}],"replies":[{"embeddable":true,"href":"https:\/\/marcali.plebania.hu\/index.php?rest_route=%2Fwp%2Fv2%2Fcomments&post=540"}],"version-history":[{"count":1,"href":"https:\/\/marcali.plebania.hu\/index.php?rest_route=\/wp\/v2\/posts\/540\/revisions"}],"predecessor-version":[{"id":551,"href":"https:\/\/marcali.plebania.hu\/index.php?rest_route=\/wp\/v2\/posts\/540\/revisions\/551"}],"wp:attachment":[{"href":"https:\/\/marcali.plebania.hu\/index.php?rest_route=%2Fwp%2Fv2%2Fmedia&parent=540"}],"wp:term":[{"taxonomy":"category","embeddable":true,"href":"https:\/\/marcali.plebania.hu\/index.php?rest_route=%2Fwp%2Fv2%2Fcategories&post=540"},{"taxonomy":"post_tag","embeddable":true,"href":"https:\/\/marcali.plebania.hu\/index.php?rest_route=%2Fwp%2Fv2%2Ftags&post=540"}],"curies":[{"name":"wp","href":"https:\/\/api.w.org\/{rel}","templated":true}]}}