{"id":5408,"date":"2023-12-27T16:05:54","date_gmt":"2023-12-27T16:05:54","guid":{"rendered":"https:\/\/marcali.plebania.hu\/?p=5408"},"modified":"2023-12-27T16:05:54","modified_gmt":"2023-12-27T16:05:54","slug":"adventi-zenes-ahitat-a-plebaniatemplomban","status":"publish","type":"post","link":"https:\/\/marcali.plebania.hu\/?p=5408","title":{"rendered":"\u00c1dventi zen\u00e9s \u00e1h\u00edtat a pl\u00e9b\u00e1niatemplomban"},"content":{"rendered":"\n<p>2023. december 23-\u00e1n, szombaton d\u00e9lut\u00e1n \u2013 a kar\u00e1csonyra val\u00f3 el\u0151k\u00e9sz\u00fclet r\u00e9szek\u00e9nt \u2013 tartott\u00e1k meg a F\u00e9ny Gyermekei Katolikus Zenekar hagyom\u00e1nyos zen\u00e9s \u00e1h\u00edtat\u00e1t a Gy\u00fcm\u00f6lcsolt\u00f3 Boldogasszony Pl\u00e9b\u00e1niatemplomban.<\/p>\n\n\n\n<figure class=\"wp-block-gallery has-nested-images columns-default is-cropped wp-block-gallery-1 is-layout-flex wp-block-gallery-is-layout-flex\">\n<figure class=\"wp-block-image size-large\"><img loading=\"lazy\" decoding=\"async\" width=\"1024\" height=\"683\" data-id=\"5412\" src=\"https:\/\/marcali.plebania.hu\/wp-content\/uploads\/2023\/12\/02-8-1024x683.jpg\" alt=\"\" class=\"wp-image-5412\" srcset=\"https:\/\/marcali.plebania.hu\/wp-content\/uploads\/2023\/12\/02-8-1024x683.jpg 1024w, https:\/\/marcali.plebania.hu\/wp-content\/uploads\/2023\/12\/02-8-300x200.jpg 300w, https:\/\/marcali.plebania.hu\/wp-content\/uploads\/2023\/12\/02-8-768x512.jpg 768w, https:\/\/marcali.plebania.hu\/wp-content\/uploads\/2023\/12\/02-8-1536x1024.jpg 1536w, https:\/\/marcali.plebania.hu\/wp-content\/uploads\/2023\/12\/02-8-2048x1365.jpg 2048w, https:\/\/marcali.plebania.hu\/wp-content\/uploads\/2023\/12\/02-8-405x270.jpg 405w\" sizes=\"auto, (max-width: 1024px) 100vw, 1024px\" \/><\/figure>\n\n\n\n<figure class=\"wp-block-image size-large\"><img loading=\"lazy\" decoding=\"async\" width=\"1024\" height=\"683\" data-id=\"5409\" src=\"https:\/\/marcali.plebania.hu\/wp-content\/uploads\/2023\/12\/03-8-1024x683.jpg\" alt=\"\" class=\"wp-image-5409\" srcset=\"https:\/\/marcali.plebania.hu\/wp-content\/uploads\/2023\/12\/03-8-1024x683.jpg 1024w, https:\/\/marcali.plebania.hu\/wp-content\/uploads\/2023\/12\/03-8-300x200.jpg 300w, https:\/\/marcali.plebania.hu\/wp-content\/uploads\/2023\/12\/03-8-768x512.jpg 768w, https:\/\/marcali.plebania.hu\/wp-content\/uploads\/2023\/12\/03-8-1536x1024.jpg 1536w, https:\/\/marcali.plebania.hu\/wp-content\/uploads\/2023\/12\/03-8-2048x1365.jpg 2048w, https:\/\/marcali.plebania.hu\/wp-content\/uploads\/2023\/12\/03-8-405x270.jpg 405w\" sizes=\"auto, (max-width: 1024px) 100vw, 1024px\" \/><\/figure>\n\n\n\n<figure class=\"wp-block-image size-large\"><img loading=\"lazy\" decoding=\"async\" width=\"1024\" height=\"683\" data-id=\"5411\" src=\"https:\/\/marcali.plebania.hu\/wp-content\/uploads\/2023\/12\/04-8-1024x683.jpg\" alt=\"\" class=\"wp-image-5411\" srcset=\"https:\/\/marcali.plebania.hu\/wp-content\/uploads\/2023\/12\/04-8-1024x683.jpg 1024w, https:\/\/marcali.plebania.hu\/wp-content\/uploads\/2023\/12\/04-8-300x200.jpg 300w, https:\/\/marcali.plebania.hu\/wp-content\/uploads\/2023\/12\/04-8-768x512.jpg 768w, https:\/\/marcali.plebania.hu\/wp-content\/uploads\/2023\/12\/04-8-1536x1024.jpg 1536w, https:\/\/marcali.plebania.hu\/wp-content\/uploads\/2023\/12\/04-8-2048x1365.jpg 2048w, https:\/\/marcali.plebania.hu\/wp-content\/uploads\/2023\/12\/04-8-405x270.jpg 405w\" sizes=\"auto, (max-width: 1024px) 100vw, 1024px\" \/><\/figure>\n\n\n\n<figure class=\"wp-block-image size-large\"><img loading=\"lazy\" decoding=\"async\" width=\"1024\" height=\"683\" data-id=\"5410\" src=\"https:\/\/marcali.plebania.hu\/wp-content\/uploads\/2023\/12\/01-7-1024x683.jpg\" alt=\"\" class=\"wp-image-5410\" srcset=\"https:\/\/marcali.plebania.hu\/wp-content\/uploads\/2023\/12\/01-7-1024x683.jpg 1024w, https:\/\/marcali.plebania.hu\/wp-content\/uploads\/2023\/12\/01-7-300x200.jpg 300w, https:\/\/marcali.plebania.hu\/wp-content\/uploads\/2023\/12\/01-7-768x512.jpg 768w, https:\/\/marcali.plebania.hu\/wp-content\/uploads\/2023\/12\/01-7-1536x1024.jpg 1536w, https:\/\/marcali.plebania.hu\/wp-content\/uploads\/2023\/12\/01-7-2048x1365.jpg 2048w, https:\/\/marcali.plebania.hu\/wp-content\/uploads\/2023\/12\/01-7-405x270.jpg 405w\" sizes=\"auto, (max-width: 1024px) 100vw, 1024px\" \/><\/figure>\n<\/figure>\n\n\n\n<p> A S\u00e1gv\u00e1ri R\u00f3bert vezette egy\u00fcttes 15.30 \u00f3r\u00e1t\u00f3l \u201eJ\u00f6jj, \u00e9gi rem\u00e9ny!\u201d c\u00edmmel ismert \u00e9s kev\u00e9sb\u00e9 ismert git\u00e1ros \u00e9nekekkel l\u00e9pett fel, mik\u00f6zben \u2013 az \u00fcnnepre val\u00f3 r\u00e1hangol\u00f3d\u00e1s r\u00e9szek\u00e9nt \u2013 k\u00fcl\u00f6nf\u00e9le elm\u00e9lked\u00e9sek is elhangzottak.<\/p>\n\n\n\n<figure class=\"wp-block-gallery has-nested-images columns-default is-cropped wp-block-gallery-2 is-layout-flex wp-block-gallery-is-layout-flex\">\n<figure class=\"wp-block-image size-large\"><img loading=\"lazy\" decoding=\"async\" width=\"1024\" height=\"683\" data-id=\"5416\" src=\"https:\/\/marcali.plebania.hu\/wp-content\/uploads\/2023\/12\/06-2-1024x683.jpg\" alt=\"\" class=\"wp-image-5416\" srcset=\"https:\/\/marcali.plebania.hu\/wp-content\/uploads\/2023\/12\/06-2-1024x683.jpg 1024w, https:\/\/marcali.plebania.hu\/wp-content\/uploads\/2023\/12\/06-2-300x200.jpg 300w, https:\/\/marcali.plebania.hu\/wp-content\/uploads\/2023\/12\/06-2-768x512.jpg 768w, https:\/\/marcali.plebania.hu\/wp-content\/uploads\/2023\/12\/06-2-1536x1024.jpg 1536w, https:\/\/marcali.plebania.hu\/wp-content\/uploads\/2023\/12\/06-2-2048x1365.jpg 2048w, https:\/\/marcali.plebania.hu\/wp-content\/uploads\/2023\/12\/06-2-405x270.jpg 405w\" sizes=\"auto, (max-width: 1024px) 100vw, 1024px\" \/><\/figure>\n\n\n\n<figure class=\"wp-block-image size-large\"><img loading=\"lazy\" decoding=\"async\" width=\"1024\" height=\"683\" data-id=\"5417\" src=\"https:\/\/marcali.plebania.hu\/wp-content\/uploads\/2023\/12\/10-2-1024x683.jpg\" alt=\"\" class=\"wp-image-5417\" srcset=\"https:\/\/marcali.plebania.hu\/wp-content\/uploads\/2023\/12\/10-2-1024x683.jpg 1024w, https:\/\/marcali.plebania.hu\/wp-content\/uploads\/2023\/12\/10-2-300x200.jpg 300w, https:\/\/marcali.plebania.hu\/wp-content\/uploads\/2023\/12\/10-2-768x512.jpg 768w, https:\/\/marcali.plebania.hu\/wp-content\/uploads\/2023\/12\/10-2-1536x1024.jpg 1536w, https:\/\/marcali.plebania.hu\/wp-content\/uploads\/2023\/12\/10-2-2048x1365.jpg 2048w, https:\/\/marcali.plebania.hu\/wp-content\/uploads\/2023\/12\/10-2-405x270.jpg 405w\" sizes=\"auto, (max-width: 1024px) 100vw, 1024px\" \/><\/figure>\n\n\n\n<figure class=\"wp-block-image size-large\"><img loading=\"lazy\" decoding=\"async\" width=\"1024\" height=\"683\" data-id=\"5414\" src=\"https:\/\/marcali.plebania.hu\/wp-content\/uploads\/2023\/12\/05-3-1024x683.jpg\" alt=\"\" class=\"wp-image-5414\" srcset=\"https:\/\/marcali.plebania.hu\/wp-content\/uploads\/2023\/12\/05-3-1024x683.jpg 1024w, https:\/\/marcali.plebania.hu\/wp-content\/uploads\/2023\/12\/05-3-300x200.jpg 300w, https:\/\/marcali.plebania.hu\/wp-content\/uploads\/2023\/12\/05-3-768x512.jpg 768w, https:\/\/marcali.plebania.hu\/wp-content\/uploads\/2023\/12\/05-3-1536x1024.jpg 1536w, https:\/\/marcali.plebania.hu\/wp-content\/uploads\/2023\/12\/05-3-2048x1365.jpg 2048w, https:\/\/marcali.plebania.hu\/wp-content\/uploads\/2023\/12\/05-3-405x270.jpg 405w\" sizes=\"auto, (max-width: 1024px) 100vw, 1024px\" \/><\/figure>\n\n\n\n<figure class=\"wp-block-image size-large\"><img loading=\"lazy\" decoding=\"async\" width=\"1024\" height=\"683\" data-id=\"5418\" src=\"https:\/\/marcali.plebania.hu\/wp-content\/uploads\/2023\/12\/22-3-1024x683.jpg\" alt=\"\" class=\"wp-image-5418\" srcset=\"https:\/\/marcali.plebania.hu\/wp-content\/uploads\/2023\/12\/22-3-1024x683.jpg 1024w, https:\/\/marcali.plebania.hu\/wp-content\/uploads\/2023\/12\/22-3-300x200.jpg 300w, https:\/\/marcali.plebania.hu\/wp-content\/uploads\/2023\/12\/22-3-768x512.jpg 768w, https:\/\/marcali.plebania.hu\/wp-content\/uploads\/2023\/12\/22-3-1536x1024.jpg 1536w, https:\/\/marcali.plebania.hu\/wp-content\/uploads\/2023\/12\/22-3-2048x1365.jpg 2048w, https:\/\/marcali.plebania.hu\/wp-content\/uploads\/2023\/12\/22-3-405x270.jpg 405w\" sizes=\"auto, (max-width: 1024px) 100vw, 1024px\" \/><\/figure>\n<\/figure>\n","protected":false},"excerpt":{"rendered":"<p>2023. december 23-\u00e1n, szombaton d\u00e9lut\u00e1n \u2013 a kar\u00e1csonyra val\u00f3 el\u0151k\u00e9sz\u00fclet r\u00e9szek\u00e9nt \u2013 tartott\u00e1k meg a F\u00e9ny Gyermekei Katolikus Zenekar hagyom\u00e1nyos zen\u00e9s \u00e1h\u00edtat\u00e1t a Gy\u00fcm\u00f6lcsolt\u00f3 Boldogasszony Pl\u00e9b\u00e1niatemplomban. A S\u00e1gv\u00e1ri R\u00f3bert vezette egy\u00fcttes 15.30 \u00f3r\u00e1t\u00f3l \u201eJ\u00f6jj, \u00e9gi rem\u00e9ny!\u201d c\u00edmmel ismert \u00e9s kev\u00e9sb\u00e9 ismert git\u00e1ros \u00e9nekekkel l\u00e9pett fel, mik\u00f6zben \u2013 az \u00fcnnepre val\u00f3 r\u00e1hangol\u00f3d\u00e1s r\u00e9szek\u00e9nt \u2013 k\u00fcl\u00f6nf\u00e9le elm\u00e9lked\u00e9sek is elhangzottak.<\/p>\n","protected":false},"author":2,"featured_media":0,"comment_status":"closed","ping_status":"open","sticky":false,"template":"","format":"standard","meta":{"footnotes":""},"categories":[1],"tags":[],"class_list":["post-5408","post","type-post","status-publish","format-standard","hentry","category-egyeb"],"_links":{"self":[{"href":"https:\/\/marcali.plebania.hu\/index.php?rest_route=\/wp\/v2\/posts\/5408","targetHints":{"allow":["GET"]}}],"collection":[{"href":"https:\/\/marcali.plebania.hu\/index.php?rest_route=\/wp\/v2\/posts"}],"about":[{"href":"https:\/\/marcali.plebania.hu\/index.php?rest_route=\/wp\/v2\/types\/post"}],"author":[{"embeddable":true,"href":"https:\/\/marcali.plebania.hu\/index.php?rest_route=\/wp\/v2\/users\/2"}],"replies":[{"embeddable":true,"href":"https:\/\/marcali.plebania.hu\/index.php?rest_route=%2Fwp%2Fv2%2Fcomments&post=5408"}],"version-history":[{"count":1,"href":"https:\/\/marcali.plebania.hu\/index.php?rest_route=\/wp\/v2\/posts\/5408\/revisions"}],"predecessor-version":[{"id":5419,"href":"https:\/\/marcali.plebania.hu\/index.php?rest_route=\/wp\/v2\/posts\/5408\/revisions\/5419"}],"wp:attachment":[{"href":"https:\/\/marcali.plebania.hu\/index.php?rest_route=%2Fwp%2Fv2%2Fmedia&parent=5408"}],"wp:term":[{"taxonomy":"category","embeddable":true,"href":"https:\/\/marcali.plebania.hu\/index.php?rest_route=%2Fwp%2Fv2%2Fcategories&post=5408"},{"taxonomy":"post_tag","embeddable":true,"href":"https:\/\/marcali.plebania.hu\/index.php?rest_route=%2Fwp%2Fv2%2Ftags&post=5408"}],"curies":[{"name":"wp","href":"https:\/\/api.w.org\/{rel}","templated":true}]}}