{"id":5420,"date":"2023-12-27T16:09:16","date_gmt":"2023-12-27T16:09:16","guid":{"rendered":"https:\/\/marcali.plebania.hu\/?p=5420"},"modified":"2023-12-29T10:29:41","modified_gmt":"2023-12-29T10:29:41","slug":"hirdetesek-2023-december-24","status":"publish","type":"post","link":"https:\/\/marcali.plebania.hu\/?p=5420","title":{"rendered":"Hirdet\u00e9sek 2023. december 24."},"content":{"rendered":"\n<p><strong><u><a href=\"https:\/\/igenaptar.katolikus.hu\/2024\/nap\/index.php?holnap=2023-12-24\" target=\"_blank\" rel=\"noreferrer noopener\">Advent IV. vas\u00e1rnapja<\/a><\/u><\/strong><\/p>\n\n\n\n<ol class=\"wp-block-list\" start=\"1\">\n<li>H\u00e1l\u00e1san <strong>k\u00f6sz\u00f6nj\u00fck a seg\u00edts\u00e9get a kar\u00e1csonyi k\u00e9sz\u00fcletben<\/strong>: az adventi koszor\u00fak, a feny\u0151f\u00e1k \u00e9s a k\u00fclt\u00e9ri betlehem fel\u00e1ll\u00edt\u00e1s\u00e1t, a d\u00edsz\u00edt\u00e9st \u00e9s az ahhoz val\u00f3 anyagi hozz\u00e1j\u00e1rul\u00e1st. K\u00f6sz\u00f6nj\u00fck a felaj\u00e1nlott feny\u0151f\u00e1kat: Bartha Tibor v\u00e1llalkoz\u00f3-feny\u0151fa termel\u0151nek, Szente B\u00e1lint fakitermel\u0151nek, B\u00fcki J\u00f3zsefn\u00e9nek \u00e9s Gelencs\u00e9r R\u00f3bert vil\u00e1gi eln\u00f6knek. K\u00f6sz\u00f6nj\u00fck az adventi lelki napon \u00e9s a rorate mis\u00e9ken val\u00f3 r\u00e9szv\u00e9telt, a kar\u00e1csonyi m\u0171sorokra val\u00f3 felk\u00e9sz\u00fcl\u00e9st \u00e9s az el\u0151ad\u00e1sokat, a karit\u00e1sz csoportnak a kar\u00e1csonyi csomagok elk\u00e9sz\u00edt\u00e9s\u00e9t, valamint a k\u00f6z\u00f6s l\u00e1togat\u00e1st \u00e9s im\u00e1ds\u00e1got az otthonokban.<\/li>\n\n\n\n<li>A <strong>kar\u00e1csonyi miserend<\/strong>: 24-\u00e9n 17 \u00f3rakor kezd\u0151dik a p\u00e1sztorj\u00e1t\u00e9k a Boldog Gizella-templomban, majd a szentmise, a pl\u00e9b\u00e1niatemplomban az \u00e9jf\u00e9li mise el\u0151tt 23:15-kor kezd\u0151dik a kar\u00e1csonyi m\u0171sor. Kar\u00e1csony napj\u00e1n 9-kor a pl\u00e9b\u00e1niatemplomban, 11-kor Gomb\u00e1n, 17 \u00f3rakor Biz\u00e9n lesz kar\u00e1csonyi mise. Kedden 9-kor \u00fcnnepl\u00fcnk szentmis\u00e9t a pl\u00e9b\u00e1niatemplomban, melyet bormeg\u00e1ld\u00e1s k\u00f6vet.<\/li>\n\n\n\n<li>A h\u00e9ten m\u00e9g lehet jelentkezni az <strong>\u00daj Ember katolikus hetilap <\/strong>el\u0151fizet\u00e9s\u00e9re a sekresty\u00e9ben \u00e9s az irod\u00e1n.<\/li>\n\n\n\n<li>K\u00e9rj\u00fck a <strong>hittanosok<\/strong>at, a szentmise ut\u00e1n keress\u00e9k meg a hitoktat\u00f3t, hogy megkaphass\u00e1k az adventi meglepet\u00e9s utols\u00f3 r\u00e9sz\u00e9t is.<\/li>\n\n\n\n<li>K\u00f6sz\u00f6nj\u00fck az eddigi felaj\u00e1nl\u00e1sokat a pl\u00e9b\u00e1niatemplom <strong>hangos\u00edt\u00e1s<\/strong>\u00e1nak <strong>korszer\u0171s\u00edt\u00e9s\u00e9<\/strong>re.<\/li>\n\n\n\n<li>Szerd\u00e1n igeliturgia lesz a templomban.<\/li>\n\n\n\n<li>Szombaton 19 \u00f3rakor kezd\u0151dik a <strong>DDRF Symphonic Band koncert<\/strong>je a pl\u00e9b\u00e1niatemplomban.<\/li>\n\n\n\n<li>J\u00f6v\u0151 vas\u00e1rnap, Szent Csal\u00e1d vas\u00e1rnapj\u00e1n, a 9 \u00f3rai szentmise ut\u00e1n a jelenl\u00e9v\u0151 csal\u00e1dok k\u00fcl\u00f6n \u00e1ld\u00e1sban r\u00e9szes\u00fclhetnek. Szeretettel h\u00edvjuk erre a csal\u00e1dokat.<\/li>\n\n\n\n<li>K\u00f6z\u00f6s <strong>\u00e9v v\u00e9gi h\u00e1laad\u00f3 szents\u00e9gim\u00e1d\u00e1s<\/strong>ra h\u00edvunk mindenkit j\u00f6v\u0151 vas\u00e1rnap 16:15-t\u0151l a pl\u00e9b\u00e1niatemplomba, a polg\u00e1ri \u00e9v utols\u00f3 szentmis\u00e9je el\u0151tt.<\/li>\n<\/ol>\n\n\n\n<p><\/p>\n","protected":false},"excerpt":{"rendered":"<p>Advent IV. vas\u00e1rnapja<\/p>\n","protected":false},"author":2,"featured_media":0,"comment_status":"closed","ping_status":"open","sticky":false,"template":"","format":"standard","meta":{"footnotes":""},"categories":[1],"tags":[],"class_list":["post-5420","post","type-post","status-publish","format-standard","hentry","category-egyeb"],"_links":{"self":[{"href":"https:\/\/marcali.plebania.hu\/index.php?rest_route=\/wp\/v2\/posts\/5420","targetHints":{"allow":["GET"]}}],"collection":[{"href":"https:\/\/marcali.plebania.hu\/index.php?rest_route=\/wp\/v2\/posts"}],"about":[{"href":"https:\/\/marcali.plebania.hu\/index.php?rest_route=\/wp\/v2\/types\/post"}],"author":[{"embeddable":true,"href":"https:\/\/marcali.plebania.hu\/index.php?rest_route=\/wp\/v2\/users\/2"}],"replies":[{"embeddable":true,"href":"https:\/\/marcali.plebania.hu\/index.php?rest_route=%2Fwp%2Fv2%2Fcomments&post=5420"}],"version-history":[{"count":3,"href":"https:\/\/marcali.plebania.hu\/index.php?rest_route=\/wp\/v2\/posts\/5420\/revisions"}],"predecessor-version":[{"id":5481,"href":"https:\/\/marcali.plebania.hu\/index.php?rest_route=\/wp\/v2\/posts\/5420\/revisions\/5481"}],"wp:attachment":[{"href":"https:\/\/marcali.plebania.hu\/index.php?rest_route=%2Fwp%2Fv2%2Fmedia&parent=5420"}],"wp:term":[{"taxonomy":"category","embeddable":true,"href":"https:\/\/marcali.plebania.hu\/index.php?rest_route=%2Fwp%2Fv2%2Fcategories&post=5420"},{"taxonomy":"post_tag","embeddable":true,"href":"https:\/\/marcali.plebania.hu\/index.php?rest_route=%2Fwp%2Fv2%2Ftags&post=5420"}],"curies":[{"name":"wp","href":"https:\/\/api.w.org\/{rel}","templated":true}]}}