{"id":5422,"date":"2023-12-27T16:16:58","date_gmt":"2023-12-27T16:16:58","guid":{"rendered":"https:\/\/marcali.plebania.hu\/?p=5422"},"modified":"2023-12-27T16:16:58","modified_gmt":"2023-12-27T16:16:58","slug":"karacsonyi-unnepi-musor-es-szentmise-a-boldog-gizella-templomban","status":"publish","type":"post","link":"https:\/\/marcali.plebania.hu\/?p=5422","title":{"rendered":"Kar\u00e1csonyi \u00fcnnepi m\u0171sor \u00e9s szentmise a Boldog Gizella templomban"},"content":{"rendered":"\n<p>2023. december 24-\u00e9n, vas\u00e1rnap, 17 \u00f3rakor kar\u00e1csonyi m\u0171sorral \u00e9s szentmis\u00e9vel vette kezdet\u00e9t az \u00fcnneps\u00e9g a Boldog Gizella templomban.<\/p>\n\n\n\n<figure class=\"wp-block-gallery has-nested-images columns-default is-cropped wp-block-gallery-1 is-layout-flex wp-block-gallery-is-layout-flex\">\n<figure class=\"wp-block-image size-large\"><img loading=\"lazy\" decoding=\"async\" width=\"1024\" height=\"683\" data-id=\"5424\" src=\"https:\/\/marcali.plebania.hu\/wp-content\/uploads\/2023\/12\/01-8-1024x683.jpg\" alt=\"\" class=\"wp-image-5424\" srcset=\"https:\/\/marcali.plebania.hu\/wp-content\/uploads\/2023\/12\/01-8-1024x683.jpg 1024w, https:\/\/marcali.plebania.hu\/wp-content\/uploads\/2023\/12\/01-8-300x200.jpg 300w, https:\/\/marcali.plebania.hu\/wp-content\/uploads\/2023\/12\/01-8-768x512.jpg 768w, https:\/\/marcali.plebania.hu\/wp-content\/uploads\/2023\/12\/01-8-1536x1024.jpg 1536w, https:\/\/marcali.plebania.hu\/wp-content\/uploads\/2023\/12\/01-8-2048x1365.jpg 2048w, https:\/\/marcali.plebania.hu\/wp-content\/uploads\/2023\/12\/01-8-405x270.jpg 405w\" sizes=\"auto, (max-width: 1024px) 100vw, 1024px\" \/><\/figure>\n\n\n\n<figure class=\"wp-block-image size-large\"><img loading=\"lazy\" decoding=\"async\" width=\"1024\" height=\"683\" data-id=\"5423\" src=\"https:\/\/marcali.plebania.hu\/wp-content\/uploads\/2023\/12\/02-9-1024x683.jpg\" alt=\"\" class=\"wp-image-5423\" srcset=\"https:\/\/marcali.plebania.hu\/wp-content\/uploads\/2023\/12\/02-9-1024x683.jpg 1024w, https:\/\/marcali.plebania.hu\/wp-content\/uploads\/2023\/12\/02-9-300x200.jpg 300w, https:\/\/marcali.plebania.hu\/wp-content\/uploads\/2023\/12\/02-9-768x512.jpg 768w, https:\/\/marcali.plebania.hu\/wp-content\/uploads\/2023\/12\/02-9-1536x1024.jpg 1536w, https:\/\/marcali.plebania.hu\/wp-content\/uploads\/2023\/12\/02-9-2048x1365.jpg 2048w, https:\/\/marcali.plebania.hu\/wp-content\/uploads\/2023\/12\/02-9-405x270.jpg 405w\" sizes=\"auto, (max-width: 1024px) 100vw, 1024px\" \/><\/figure>\n\n\n\n<figure class=\"wp-block-image size-large\"><img loading=\"lazy\" decoding=\"async\" width=\"1024\" height=\"683\" data-id=\"5427\" src=\"https:\/\/marcali.plebania.hu\/wp-content\/uploads\/2023\/12\/24-1-1024x683.jpg\" alt=\"\" class=\"wp-image-5427\" srcset=\"https:\/\/marcali.plebania.hu\/wp-content\/uploads\/2023\/12\/24-1-1024x683.jpg 1024w, https:\/\/marcali.plebania.hu\/wp-content\/uploads\/2023\/12\/24-1-300x200.jpg 300w, https:\/\/marcali.plebania.hu\/wp-content\/uploads\/2023\/12\/24-1-768x512.jpg 768w, https:\/\/marcali.plebania.hu\/wp-content\/uploads\/2023\/12\/24-1-1536x1024.jpg 1536w, https:\/\/marcali.plebania.hu\/wp-content\/uploads\/2023\/12\/24-1-2048x1365.jpg 2048w, https:\/\/marcali.plebania.hu\/wp-content\/uploads\/2023\/12\/24-1-405x270.jpg 405w\" sizes=\"auto, (max-width: 1024px) 100vw, 1024px\" \/><\/figure>\n\n\n\n<figure class=\"wp-block-image size-large\"><img loading=\"lazy\" decoding=\"async\" width=\"1024\" height=\"683\" data-id=\"5425\" src=\"https:\/\/marcali.plebania.hu\/wp-content\/uploads\/2023\/12\/03-9-1024x683.jpg\" alt=\"\" class=\"wp-image-5425\" srcset=\"https:\/\/marcali.plebania.hu\/wp-content\/uploads\/2023\/12\/03-9-1024x683.jpg 1024w, https:\/\/marcali.plebania.hu\/wp-content\/uploads\/2023\/12\/03-9-300x200.jpg 300w, https:\/\/marcali.plebania.hu\/wp-content\/uploads\/2023\/12\/03-9-768x512.jpg 768w, https:\/\/marcali.plebania.hu\/wp-content\/uploads\/2023\/12\/03-9-1536x1024.jpg 1536w, https:\/\/marcali.plebania.hu\/wp-content\/uploads\/2023\/12\/03-9-2048x1365.jpg 2048w, https:\/\/marcali.plebania.hu\/wp-content\/uploads\/2023\/12\/03-9-405x270.jpg 405w\" sizes=\"auto, (max-width: 1024px) 100vw, 1024px\" \/><\/figure>\n<\/figure>\n\n\n\n<p>Mivel az idei esztend\u0151ben \u00e1dvent 4. vas\u00e1rnapja \u00e9s Szenteste egy napra esik, ez\u00e9rt hozt\u00e1k el\u0151re az istentiszteletet a Berzsenyi lak\u00f3telepi templomban.<\/p>\n\n\n\n<figure class=\"wp-block-gallery has-nested-images columns-default is-cropped wp-block-gallery-2 is-layout-flex wp-block-gallery-is-layout-flex\">\n<figure class=\"wp-block-image size-large\"><img loading=\"lazy\" decoding=\"async\" width=\"1024\" height=\"683\" data-id=\"5432\" src=\"https:\/\/marcali.plebania.hu\/wp-content\/uploads\/2023\/12\/06-3-1024x683.jpg\" alt=\"\" class=\"wp-image-5432\" srcset=\"https:\/\/marcali.plebania.hu\/wp-content\/uploads\/2023\/12\/06-3-1024x683.jpg 1024w, https:\/\/marcali.plebania.hu\/wp-content\/uploads\/2023\/12\/06-3-300x200.jpg 300w, https:\/\/marcali.plebania.hu\/wp-content\/uploads\/2023\/12\/06-3-768x512.jpg 768w, https:\/\/marcali.plebania.hu\/wp-content\/uploads\/2023\/12\/06-3-1536x1024.jpg 1536w, https:\/\/marcali.plebania.hu\/wp-content\/uploads\/2023\/12\/06-3-2048x1365.jpg 2048w, https:\/\/marcali.plebania.hu\/wp-content\/uploads\/2023\/12\/06-3-405x270.jpg 405w\" sizes=\"auto, (max-width: 1024px) 100vw, 1024px\" \/><\/figure>\n\n\n\n<figure class=\"wp-block-image size-large\"><img loading=\"lazy\" decoding=\"async\" width=\"1024\" height=\"683\" data-id=\"5430\" src=\"https:\/\/marcali.plebania.hu\/wp-content\/uploads\/2023\/12\/11-3-1024x683.jpg\" alt=\"\" class=\"wp-image-5430\" srcset=\"https:\/\/marcali.plebania.hu\/wp-content\/uploads\/2023\/12\/11-3-1024x683.jpg 1024w, https:\/\/marcali.plebania.hu\/wp-content\/uploads\/2023\/12\/11-3-300x200.jpg 300w, https:\/\/marcali.plebania.hu\/wp-content\/uploads\/2023\/12\/11-3-768x512.jpg 768w, https:\/\/marcali.plebania.hu\/wp-content\/uploads\/2023\/12\/11-3-1536x1024.jpg 1536w, https:\/\/marcali.plebania.hu\/wp-content\/uploads\/2023\/12\/11-3-2048x1365.jpg 2048w, https:\/\/marcali.plebania.hu\/wp-content\/uploads\/2023\/12\/11-3-405x270.jpg 405w\" sizes=\"auto, (max-width: 1024px) 100vw, 1024px\" \/><\/figure>\n\n\n\n<figure class=\"wp-block-image size-large\"><img loading=\"lazy\" decoding=\"async\" width=\"1024\" height=\"683\" data-id=\"5433\" src=\"https:\/\/marcali.plebania.hu\/wp-content\/uploads\/2023\/12\/20-4-1024x683.jpg\" alt=\"\" class=\"wp-image-5433\" srcset=\"https:\/\/marcali.plebania.hu\/wp-content\/uploads\/2023\/12\/20-4-1024x683.jpg 1024w, https:\/\/marcali.plebania.hu\/wp-content\/uploads\/2023\/12\/20-4-300x200.jpg 300w, https:\/\/marcali.plebania.hu\/wp-content\/uploads\/2023\/12\/20-4-768x512.jpg 768w, https:\/\/marcali.plebania.hu\/wp-content\/uploads\/2023\/12\/20-4-1536x1024.jpg 1536w, https:\/\/marcali.plebania.hu\/wp-content\/uploads\/2023\/12\/20-4-2048x1365.jpg 2048w, https:\/\/marcali.plebania.hu\/wp-content\/uploads\/2023\/12\/20-4-405x270.jpg 405w\" sizes=\"auto, (max-width: 1024px) 100vw, 1024px\" \/><\/figure>\n\n\n\n<figure class=\"wp-block-image size-large\"><img loading=\"lazy\" decoding=\"async\" width=\"1024\" height=\"683\" data-id=\"5428\" src=\"https:\/\/marcali.plebania.hu\/wp-content\/uploads\/2023\/12\/12-2-1024x683.jpg\" alt=\"\" class=\"wp-image-5428\" srcset=\"https:\/\/marcali.plebania.hu\/wp-content\/uploads\/2023\/12\/12-2-1024x683.jpg 1024w, https:\/\/marcali.plebania.hu\/wp-content\/uploads\/2023\/12\/12-2-300x200.jpg 300w, https:\/\/marcali.plebania.hu\/wp-content\/uploads\/2023\/12\/12-2-768x512.jpg 768w, https:\/\/marcali.plebania.hu\/wp-content\/uploads\/2023\/12\/12-2-1536x1024.jpg 1536w, https:\/\/marcali.plebania.hu\/wp-content\/uploads\/2023\/12\/12-2-2048x1365.jpg 2048w, https:\/\/marcali.plebania.hu\/wp-content\/uploads\/2023\/12\/12-2-405x270.jpg 405w\" sizes=\"auto, (max-width: 1024px) 100vw, 1024px\" \/><\/figure>\n<\/figure>\n\n\n\n<p>A sz\u00e9pen \u00f6ssze\u00e1ll\u00edtott kar\u00e1csonyi verses-zen\u00e9s m\u0171sorban hittanos di\u00e1kok \u00e9s Balogh B\u00e1lint k\u00e1ntor orgon\u00e1val m\u0171k\u00f6d\u00f6tt k\u00f6zre. A p\u00e1sztorj\u00e1t\u00e9k felk\u00e9sz\u00edt\u0151 pedag\u00f3gusa Pozsonyin\u00e9 Kiss M\u00e1ria hitoktat\u00f3n\u0151 volt.<\/p>\n\n\n\n<figure class=\"wp-block-gallery has-nested-images columns-default is-cropped wp-block-gallery-3 is-layout-flex wp-block-gallery-is-layout-flex\">\n<figure class=\"wp-block-image size-large\"><img loading=\"lazy\" decoding=\"async\" width=\"1024\" height=\"683\" data-id=\"5434\" src=\"https:\/\/marcali.plebania.hu\/wp-content\/uploads\/2023\/12\/32-1024x683.jpg\" alt=\"\" class=\"wp-image-5434\" srcset=\"https:\/\/marcali.plebania.hu\/wp-content\/uploads\/2023\/12\/32-1024x683.jpg 1024w, https:\/\/marcali.plebania.hu\/wp-content\/uploads\/2023\/12\/32-300x200.jpg 300w, https:\/\/marcali.plebania.hu\/wp-content\/uploads\/2023\/12\/32-768x512.jpg 768w, https:\/\/marcali.plebania.hu\/wp-content\/uploads\/2023\/12\/32-1536x1024.jpg 1536w, https:\/\/marcali.plebania.hu\/wp-content\/uploads\/2023\/12\/32-2048x1365.jpg 2048w, https:\/\/marcali.plebania.hu\/wp-content\/uploads\/2023\/12\/32-405x270.jpg 405w\" sizes=\"auto, (max-width: 1024px) 100vw, 1024px\" \/><\/figure>\n<\/figure>\n\n\n\n<p>Majd ezt k\u00f6vet\u0151en f\u00e9l \u00f3r\u00e1val k\u00e9s\u0151bb kezd\u0151d\u00f6tt az \u00fcnnepi szentmise, melyet Tomanek Ferenc \u00c1ron pl\u00e9b\u00e1nos celebr\u00e1lt. Szentbesz\u00e9d\u00e9ben a kar\u00e1csonyi \u00f6r\u00f6mh\u00edr \u00fczenet\u00e9t, a Megv\u00e1lt\u00f3 sz\u00fclet\u00e9s\u00e9t, \u00e9s a szeretet fontoss\u00e1g\u00e1t hangs\u00falyozta ki a sz\u00e9p sz\u00e1mban megjelent h\u00edveknek.<\/p>\n\n\n\n<figure class=\"wp-block-gallery has-nested-images columns-default is-cropped wp-block-gallery-4 is-layout-flex wp-block-gallery-is-layout-flex\">\n<figure class=\"wp-block-image size-large\"><img loading=\"lazy\" decoding=\"async\" width=\"1024\" height=\"683\" data-id=\"5435\" src=\"https:\/\/marcali.plebania.hu\/wp-content\/uploads\/2023\/12\/49-1-1024x683.jpg\" alt=\"\" class=\"wp-image-5435\" srcset=\"https:\/\/marcali.plebania.hu\/wp-content\/uploads\/2023\/12\/49-1-1024x683.jpg 1024w, https:\/\/marcali.plebania.hu\/wp-content\/uploads\/2023\/12\/49-1-300x200.jpg 300w, https:\/\/marcali.plebania.hu\/wp-content\/uploads\/2023\/12\/49-1-768x512.jpg 768w, https:\/\/marcali.plebania.hu\/wp-content\/uploads\/2023\/12\/49-1-1536x1024.jpg 1536w, https:\/\/marcali.plebania.hu\/wp-content\/uploads\/2023\/12\/49-1-2048x1365.jpg 2048w, https:\/\/marcali.plebania.hu\/wp-content\/uploads\/2023\/12\/49-1-405x270.jpg 405w\" sizes=\"auto, (max-width: 1024px) 100vw, 1024px\" \/><\/figure>\n\n\n\n<figure class=\"wp-block-image size-large\"><img loading=\"lazy\" decoding=\"async\" width=\"1024\" height=\"683\" data-id=\"5436\" src=\"https:\/\/marcali.plebania.hu\/wp-content\/uploads\/2023\/12\/50-1024x683.jpg\" alt=\"\" class=\"wp-image-5436\" srcset=\"https:\/\/marcali.plebania.hu\/wp-content\/uploads\/2023\/12\/50-1024x683.jpg 1024w, https:\/\/marcali.plebania.hu\/wp-content\/uploads\/2023\/12\/50-300x200.jpg 300w, https:\/\/marcali.plebania.hu\/wp-content\/uploads\/2023\/12\/50-768x512.jpg 768w, https:\/\/marcali.plebania.hu\/wp-content\/uploads\/2023\/12\/50-1536x1024.jpg 1536w, https:\/\/marcali.plebania.hu\/wp-content\/uploads\/2023\/12\/50-2048x1365.jpg 2048w, https:\/\/marcali.plebania.hu\/wp-content\/uploads\/2023\/12\/50-405x270.jpg 405w\" sizes=\"auto, (max-width: 1024px) 100vw, 1024px\" \/><\/figure>\n\n\n\n<figure class=\"wp-block-image size-large\"><img loading=\"lazy\" decoding=\"async\" width=\"1024\" height=\"683\" data-id=\"5440\" src=\"https:\/\/marcali.plebania.hu\/wp-content\/uploads\/2023\/12\/51-1024x683.jpg\" alt=\"\" class=\"wp-image-5440\" srcset=\"https:\/\/marcali.plebania.hu\/wp-content\/uploads\/2023\/12\/51-1024x683.jpg 1024w, https:\/\/marcali.plebania.hu\/wp-content\/uploads\/2023\/12\/51-300x200.jpg 300w, https:\/\/marcali.plebania.hu\/wp-content\/uploads\/2023\/12\/51-768x512.jpg 768w, https:\/\/marcali.plebania.hu\/wp-content\/uploads\/2023\/12\/51-1536x1024.jpg 1536w, https:\/\/marcali.plebania.hu\/wp-content\/uploads\/2023\/12\/51-2048x1365.jpg 2048w, https:\/\/marcali.plebania.hu\/wp-content\/uploads\/2023\/12\/51-405x270.jpg 405w\" sizes=\"auto, (max-width: 1024px) 100vw, 1024px\" \/><\/figure>\n\n\n\n<figure class=\"wp-block-image size-large\"><img loading=\"lazy\" decoding=\"async\" width=\"1024\" height=\"683\" data-id=\"5439\" src=\"https:\/\/marcali.plebania.hu\/wp-content\/uploads\/2023\/12\/52-1024x683.jpg\" alt=\"\" class=\"wp-image-5439\" srcset=\"https:\/\/marcali.plebania.hu\/wp-content\/uploads\/2023\/12\/52-1024x683.jpg 1024w, https:\/\/marcali.plebania.hu\/wp-content\/uploads\/2023\/12\/52-300x200.jpg 300w, https:\/\/marcali.plebania.hu\/wp-content\/uploads\/2023\/12\/52-768x512.jpg 768w, https:\/\/marcali.plebania.hu\/wp-content\/uploads\/2023\/12\/52-1536x1024.jpg 1536w, https:\/\/marcali.plebania.hu\/wp-content\/uploads\/2023\/12\/52-2048x1365.jpg 2048w, https:\/\/marcali.plebania.hu\/wp-content\/uploads\/2023\/12\/52-405x270.jpg 405w\" sizes=\"auto, (max-width: 1024px) 100vw, 1024px\" \/><\/figure>\n<\/figure>\n","protected":false},"excerpt":{"rendered":"<p>2023. december 24-\u00e9n, vas\u00e1rnap, 17 \u00f3rakor kar\u00e1csonyi m\u0171sorral \u00e9s szentmis\u00e9vel vette kezdet\u00e9t az \u00fcnneps\u00e9g a Boldog Gizella templomban. Mivel az idei esztend\u0151ben \u00e1dvent 4. vas\u00e1rnapja \u00e9s Szenteste egy napra esik, ez\u00e9rt hozt\u00e1k el\u0151re az istentiszteletet a Berzsenyi lak\u00f3telepi templomban. A sz\u00e9pen \u00f6ssze\u00e1ll\u00edtott kar\u00e1csonyi verses-zen\u00e9s m\u0171sorban hittanos di\u00e1kok \u00e9s Balogh B\u00e1lint k\u00e1ntor orgon\u00e1val m\u0171k\u00f6d\u00f6tt k\u00f6zre. A p\u00e1sztorj\u00e1t\u00e9k felk\u00e9sz\u00edt\u0151 pedag\u00f3gusa Pozsonyin\u00e9 Kiss M\u00e1ria hitoktat\u00f3n\u0151 volt. Majd ezt k\u00f6vet\u0151en f\u00e9l \u00f3r\u00e1val k\u00e9s\u0151bb kezd\u0151d\u00f6tt az \u00fcnnepi szentmise, melyet Tomanek Ferenc \u00c1ron pl\u00e9b\u00e1nos celebr\u00e1lt. Szentbesz\u00e9d\u00e9ben&#8230;<\/p>\n<p class=\"read-more\"><a class=\"btn btn-default\" href=\"https:\/\/marcali.plebania.hu\/?p=5422\"> Read More<span class=\"screen-reader-text\">  Read More<\/span><\/a><\/p>\n","protected":false},"author":2,"featured_media":0,"comment_status":"closed","ping_status":"open","sticky":false,"template":"","format":"standard","meta":{"footnotes":""},"categories":[1],"tags":[],"class_list":["post-5422","post","type-post","status-publish","format-standard","hentry","category-egyeb"],"_links":{"self":[{"href":"https:\/\/marcali.plebania.hu\/index.php?rest_route=\/wp\/v2\/posts\/5422","targetHints":{"allow":["GET"]}}],"collection":[{"href":"https:\/\/marcali.plebania.hu\/index.php?rest_route=\/wp\/v2\/posts"}],"about":[{"href":"https:\/\/marcali.plebania.hu\/index.php?rest_route=\/wp\/v2\/types\/post"}],"author":[{"embeddable":true,"href":"https:\/\/marcali.plebania.hu\/index.php?rest_route=\/wp\/v2\/users\/2"}],"replies":[{"embeddable":true,"href":"https:\/\/marcali.plebania.hu\/index.php?rest_route=%2Fwp%2Fv2%2Fcomments&post=5422"}],"version-history":[{"count":1,"href":"https:\/\/marcali.plebania.hu\/index.php?rest_route=\/wp\/v2\/posts\/5422\/revisions"}],"predecessor-version":[{"id":5441,"href":"https:\/\/marcali.plebania.hu\/index.php?rest_route=\/wp\/v2\/posts\/5422\/revisions\/5441"}],"wp:attachment":[{"href":"https:\/\/marcali.plebania.hu\/index.php?rest_route=%2Fwp%2Fv2%2Fmedia&parent=5422"}],"wp:term":[{"taxonomy":"category","embeddable":true,"href":"https:\/\/marcali.plebania.hu\/index.php?rest_route=%2Fwp%2Fv2%2Fcategories&post=5422"},{"taxonomy":"post_tag","embeddable":true,"href":"https:\/\/marcali.plebania.hu\/index.php?rest_route=%2Fwp%2Fv2%2Ftags&post=5422"}],"curies":[{"name":"wp","href":"https:\/\/api.w.org\/{rel}","templated":true}]}}