{"id":5483,"date":"2024-01-05T11:04:05","date_gmt":"2024-01-05T11:04:05","guid":{"rendered":"https:\/\/marcali.plebania.hu\/?p=5483"},"modified":"2024-01-05T11:04:05","modified_gmt":"2024-01-05T11:04:05","slug":"hirdetesek-2023-december-31","status":"publish","type":"post","link":"https:\/\/marcali.plebania.hu\/?p=5483","title":{"rendered":"Hirdet\u00e9sek 2023. december 31."},"content":{"rendered":"\n<p><strong><a href=\"https:\/\/igenaptar.katolikus.hu\/2024\/nap\/index.php?holnap=2023-12-31\" target=\"_blank\" rel=\"noreferrer noopener\"><u>Szent Csal\u00e1d vas\u00e1rnapja<\/u><\/a><\/strong><\/p>\n\n\n\n<ol class=\"wp-block-list\" start=\"1\">\n<li>Ma, Szent Csal\u00e1d vas\u00e1rnapj\u00e1n, a 9 \u00f3rai szentmise ut\u00e1n a jelenl\u00e9v\u0151 <strong>csal\u00e1dok<\/strong> k\u00fcl\u00f6n <strong>\u00e1ld\u00e1s<\/strong>ban r\u00e9szes\u00fclhetnek. Szeretettel h\u00edvjuk erre a csal\u00e1dokat.<\/li>\n\n\n\n<li>K\u00f6z\u00f6s <strong>\u00e9v v\u00e9gi h\u00e1laad\u00f3 szents\u00e9gim\u00e1d\u00e1s<\/strong>ra h\u00edvunk mindenkit ma (dec. 31.) 16:15-t\u0151l a pl\u00e9b\u00e1niatemplomba, a polg\u00e1ri \u00e9v utols\u00f3 szentmis\u00e9je el\u0151tt.<\/li>\n\n\n\n<li><strong>Janu\u00e1r 1-je<\/strong> Sz\u0171z M\u00e1ria istenanyas\u00e1g\u00e1nak f\u0151\u00fcnnepe, mely a vas\u00e1rnappal egyen\u00e9rt\u00e9k\u0171, parancsolt \u00fcnnep\u00fcnk. Ezen a napon 10 \u00f3rakor lesz szentmise a pl\u00e9b\u00e1niatemplomban, 17 \u00f3rakor pedig a Boldog Gizella-templomban.<\/li>\n\n\n\n<li><strong>Janu\u00e1r 6-a<\/strong> Urunk megjelen\u00e9s\u00e9nek f\u0151\u00fcnnepe, szint\u00e9n parancsolt \u00fcnnep egyh\u00e1zunkban. A szentmis\u00e9n val\u00f3 r\u00e9szv\u00e9tel &#8211; a vas\u00e1rnapokhoz hasonl\u00f3an &#8211; V\u00edzkereszt meg\u00fcnnepl\u00e9s\u00e9hez is hozz\u00e1tartozik, az Istennel \u00e9s egym\u00e1ssal val\u00f3 k\u00f6z\u00f6ss\u00e9g\u00fcnk meg\u00e9l\u00e9sek\u00e9nt, kiv\u00e9ve, ha csak s\u00falyos okb\u00f3l ennek nem tudunk eleget tenni. A p\u00e9nteki 17 \u00f3rai el\u0151esti mise (a pl\u00e9b\u00e1niatemplomban) m\u00e1r ezen \u00fcnnephez tartozik.<\/li>\n\n\n\n<li><strong>K\u00f6sz\u00f6nj\u00fck a pl\u00e9b\u00e1nia \u00e9let\u00e9ben val\u00f3 r\u00e9szv\u00e9telt<\/strong> az elm\u00falt \u00e9vben: jelenl\u00e9tet, im\u00e1ds\u00e1got, szolg\u00e1latot, k\u00f6z\u00f6ss\u00e9g\u00e9rt v\u00e9gzett munk\u00e1t \u00e9s minden anyagi hozz\u00e1j\u00e1rul\u00e1st (egyh\u00e1zi hozz\u00e1j\u00e1rul\u00e1st, persely- \u00e9s egy\u00e9b adom\u00e1nyt), melyek lehet\u0151v\u00e9 teszik a pl\u00e9b\u00e1nia m\u0171k\u00f6d\u00e9s\u00e9t \u00e9s karitat\u00edv tev\u00e9kenys\u00e9g\u00e9t, az istentiszteleti \u00e9s k\u00f6z\u00f6ss\u00e9gi terek fenntart\u00e1s\u00e1t. K\u00f6sz\u00f6nj\u00fck az eddigi felaj\u00e1nl\u00e1sokat a pl\u00e9b\u00e1niatemplom hangos\u00edt\u00e1s\u00e1nak korszer\u0171s\u00edt\u00e9s\u00e9re. Boldog \u00faj \u00e9vet k\u00edv\u00e1nunk.<\/li>\n<\/ol>\n","protected":false},"excerpt":{"rendered":"<p>Szent Csal\u00e1d vas\u00e1rnapja<\/p>\n","protected":false},"author":2,"featured_media":0,"comment_status":"closed","ping_status":"open","sticky":false,"template":"","format":"standard","meta":{"footnotes":""},"categories":[1],"tags":[],"class_list":["post-5483","post","type-post","status-publish","format-standard","hentry","category-egyeb"],"_links":{"self":[{"href":"https:\/\/marcali.plebania.hu\/index.php?rest_route=\/wp\/v2\/posts\/5483","targetHints":{"allow":["GET"]}}],"collection":[{"href":"https:\/\/marcali.plebania.hu\/index.php?rest_route=\/wp\/v2\/posts"}],"about":[{"href":"https:\/\/marcali.plebania.hu\/index.php?rest_route=\/wp\/v2\/types\/post"}],"author":[{"embeddable":true,"href":"https:\/\/marcali.plebania.hu\/index.php?rest_route=\/wp\/v2\/users\/2"}],"replies":[{"embeddable":true,"href":"https:\/\/marcali.plebania.hu\/index.php?rest_route=%2Fwp%2Fv2%2Fcomments&post=5483"}],"version-history":[{"count":1,"href":"https:\/\/marcali.plebania.hu\/index.php?rest_route=\/wp\/v2\/posts\/5483\/revisions"}],"predecessor-version":[{"id":5484,"href":"https:\/\/marcali.plebania.hu\/index.php?rest_route=\/wp\/v2\/posts\/5483\/revisions\/5484"}],"wp:attachment":[{"href":"https:\/\/marcali.plebania.hu\/index.php?rest_route=%2Fwp%2Fv2%2Fmedia&parent=5483"}],"wp:term":[{"taxonomy":"category","embeddable":true,"href":"https:\/\/marcali.plebania.hu\/index.php?rest_route=%2Fwp%2Fv2%2Fcategories&post=5483"},{"taxonomy":"post_tag","embeddable":true,"href":"https:\/\/marcali.plebania.hu\/index.php?rest_route=%2Fwp%2Fv2%2Ftags&post=5483"}],"curies":[{"name":"wp","href":"https:\/\/api.w.org\/{rel}","templated":true}]}}