{"id":5501,"date":"2024-01-06T23:58:38","date_gmt":"2024-01-06T23:58:38","guid":{"rendered":"https:\/\/marcali.plebania.hu\/?p=5501"},"modified":"2024-01-07T00:03:27","modified_gmt":"2024-01-07T00:03:27","slug":"hirdetesek-2024-januar-7","status":"publish","type":"post","link":"https:\/\/marcali.plebania.hu\/?p=5501","title":{"rendered":"Hirdet\u00e9sek 2024. janu\u00e1r 7."},"content":{"rendered":"\n<p><\/p>\n\n\n\n<p><strong><a href=\"https:\/\/igenaptar.katolikus.hu\/2024\/nap\/index.php?holnap=2024-01-07\" target=\"_blank\" rel=\"noreferrer noopener\"><u>Urunk megkeresztelked\u00e9se<\/u><\/a><\/strong><\/p>\n\n\n\n<ol class=\"wp-block-list\" start=\"1\">\n<li>A <strong>karit\u00e1sz csoport<\/strong> tagjainak <strong>megbesz\u00e9l\u00e9se<\/strong> a cs\u00fct\u00f6rt\u00f6k esti szentmise ut\u00e1n (kb. 17:30-kor) kezd\u0151dik a pl\u00e9b\u00e1ni\u00e1n.<\/li>\n\n\n\n<li>A <strong>fatimai ima\u00f3ra<\/strong> p\u00e9nteken 16 \u00f3rakor kezd\u0151dik a pl\u00e9b\u00e1niatemplomban.<\/li>\n\n\n\n<li>A kar\u00e1csonyi \u00fcnnepk\u00f6r \u00f6r\u00f6mh\u00edre, hogy \u201eaz Ige testt\u00e9 lett, \u00e9s k\u00f6z\u00f6tt\u00fcnk lakott\u201d (Jn 1,14). Ilyenkor kicsit \u201eotthonosabban\u201d gondolhatunk Istenre: az \u0151 hajl\u00e9ka ak\u00e1r a mi\u00e9nk is lehet. Az ilyenkor szok\u00e1sos szentelm\u00e9ny sor\u00e1n, a <strong>h\u00e1z meg\u00e1ld\u00e1sa<\/strong>kor k\u00f6z\u00f6sen im\u00e1dkozunk Istenhez az er\u00e9nyes otthoni \u00e9let\u00e9rt \u00e9s a gonoszt\u00f3l val\u00f3 oltalom\u00e9rt, majd meghintj\u00fck a h\u00e1z ak\u00e1r \u00f6sszes helyis\u00e9g\u00e9t szenteltv\u00edzzel, hiszen Isten bet\u00f6lti a csal\u00e1di hajl\u00e9kot, a k\u00f6z\u00f6s \u00e9letet; semmi nem idegen sz\u00e1m\u00e1ra bel\u0151le. Aki szeretn\u00e9 otthona meg\u00e1ld\u00e1s\u00e1t k\u00e9rni, hagyja meg nev\u00e9t, c\u00edm\u00e9t, el\u00e9rhet\u0151s\u00e9g\u00e9t az <a href=\"mailto: marcaliplebania@gmail.com\">irod\u00e1ban<\/a> vagy a sekresty\u00e9ben. Az otthon \u00e9s a benne lak\u00f3k meg\u00e1ld\u00e1s\u00e1nak nincs k\u00f6lts\u00e9ge \u00e9s minden \u00e9vben lehet k\u00e9rni. (Az \u00e1ld\u00e1sr\u00f3l b\u0151vebben <em><a href=\"https:\/\/www.magyarkurir.hu\/hirek\/bekesseg-e-haznak-fehervary-jako-osb-hazszenteles-hagyomanyarol-135957\" target=\"_blank\" rel=\"noreferrer noopener\"><u>ide kattintva<\/u><\/a><\/em> lehet olvasni.)<\/li>\n\n\n\n<li>Urunk megkeresztelked\u00e9s\u00e9nek \u00fcnnep\u00e9vel z\u00e1rul a kar\u00e1csonyi id\u0151 \u00e9s megkezd\u0151dik a nagyb\u00f6jtig tart\u00f3 \u00e9vk\u00f6zi id\u0151. Szombaton (jan. 13.) 9 \u00f3r\u00e1t\u00f3l seg\u00edts\u00e9get k\u00e9r\u00fcnk <strong>a feny\u0151f\u00e1k \u00e9s a k\u00fclt\u00e9ri betlehem bont\u00e1s\u00e1<\/strong>ban. K\u00f6sz\u00f6nj\u00fck el\u0151re is.<\/li>\n\n\n\n<li>Az <strong>iroda<\/strong> vezet\u00e9kes telefonsz\u00e1ma a j\u00f6v\u0151 h\u00e9ten m\u00e9g el\u00e9rhet\u0151 lesz, de ut\u00e1na csak a mobilsz\u00e1m marad (06 30 487 7541).<\/li>\n<\/ol>\n","protected":false},"excerpt":{"rendered":"<p>Urunk megkeresztelked\u00e9se<\/p>\n","protected":false},"author":1,"featured_media":0,"comment_status":"closed","ping_status":"open","sticky":false,"template":"","format":"standard","meta":{"footnotes":""},"categories":[1],"tags":[],"class_list":["post-5501","post","type-post","status-publish","format-standard","hentry","category-egyeb"],"_links":{"self":[{"href":"https:\/\/marcali.plebania.hu\/index.php?rest_route=\/wp\/v2\/posts\/5501","targetHints":{"allow":["GET"]}}],"collection":[{"href":"https:\/\/marcali.plebania.hu\/index.php?rest_route=\/wp\/v2\/posts"}],"about":[{"href":"https:\/\/marcali.plebania.hu\/index.php?rest_route=\/wp\/v2\/types\/post"}],"author":[{"embeddable":true,"href":"https:\/\/marcali.plebania.hu\/index.php?rest_route=\/wp\/v2\/users\/1"}],"replies":[{"embeddable":true,"href":"https:\/\/marcali.plebania.hu\/index.php?rest_route=%2Fwp%2Fv2%2Fcomments&post=5501"}],"version-history":[{"count":3,"href":"https:\/\/marcali.plebania.hu\/index.php?rest_route=\/wp\/v2\/posts\/5501\/revisions"}],"predecessor-version":[{"id":5504,"href":"https:\/\/marcali.plebania.hu\/index.php?rest_route=\/wp\/v2\/posts\/5501\/revisions\/5504"}],"wp:attachment":[{"href":"https:\/\/marcali.plebania.hu\/index.php?rest_route=%2Fwp%2Fv2%2Fmedia&parent=5501"}],"wp:term":[{"taxonomy":"category","embeddable":true,"href":"https:\/\/marcali.plebania.hu\/index.php?rest_route=%2Fwp%2Fv2%2Fcategories&post=5501"},{"taxonomy":"post_tag","embeddable":true,"href":"https:\/\/marcali.plebania.hu\/index.php?rest_route=%2Fwp%2Fv2%2Ftags&post=5501"}],"curies":[{"name":"wp","href":"https:\/\/api.w.org\/{rel}","templated":true}]}}