{"id":5512,"date":"2024-01-15T13:37:50","date_gmt":"2024-01-15T13:37:50","guid":{"rendered":"https:\/\/marcali.plebania.hu\/?p=5512"},"modified":"2024-01-15T13:37:50","modified_gmt":"2024-01-15T13:37:50","slug":"hirdetesek-2024-januar-14-en","status":"publish","type":"post","link":"https:\/\/marcali.plebania.hu\/?p=5512","title":{"rendered":"Hirdet\u00e9sek 2024. janu\u00e1r 14-\u00e9n"},"content":{"rendered":"\n<p><strong><a href=\"https:\/\/igenaptar.katolikus.hu\/2024\/nap\/index.php?holnap=2024-01-14\" target=\"_blank\" rel=\"noreferrer noopener\"><u>\u00c9vk\u00f6zi 2. vas\u00e1rnap<\/u><\/a><\/strong><\/p>\n\n\n\n<ol class=\"wp-block-list\" start=\"1\">\n<li>K\u00f6sz\u00f6nj\u00fck a seg\u00edts\u00e9get a <strong>feny\u0151f\u00e1k \u00e9s a k\u00fclt\u00e9ri betlehem bont\u00e1s\u00e1<\/strong>ban.<\/li>\n\n\n\n<li><strong>Iv\u00e1n atya temet\u00e9se<\/strong> janu\u00e1r 23-\u00e1n 10 \u00f3rakor kezd\u0151dik a gy\u00e1szmis\u00e9vel a pl\u00e9b\u00e1niatemplomban, ut\u00e1na a Boldog Gizella-templom altemplom\u00e1ban helyezz\u00fck \u00f6r\u00f6k nyugalomra. K\u00e9rj\u00fck, ha valaki szeretne vir\u00e1got hozni, azt ne a pl\u00e9b\u00e1niatemplomban, hanem a Boldog Gizella-templomban helyezze el.<\/li>\n\n\n\n<li>A <strong>R\u00f3zsaf\u00fcz\u00e9r-t\u00e1rsulat<\/strong> <strong>ima\u00f3r\u00e1t hirdet <\/strong>a szombat esti szentmise ut\u00e1n (jan. 20. 18:00) \u00e9s mindenkit h\u00edv a k\u00f6z\u00f6s im\u00e1ds\u00e1gra <strong>Iv\u00e1n aty\u00e1\u00e9rt<\/strong>.<\/li>\n\n\n\n<li>A <strong>k\u00e9pvisel\u0151-test\u00fclet<\/strong> kedden 17:45-kor kezdi \u00fcl\u00e9s\u00e9t a pl\u00e9b\u00e1ni\u00e1n.<\/li>\n\n\n\n<li>Szeretettel h\u00edvjuk a <strong>F\u00e9rfi-k\u00f6r<\/strong> tagjait \u00e9s az \u00e9rdekl\u0151d\u0151ket tal\u00e1lkoz\u00e1sra, besz\u00e9lget\u00e9sre szerd\u00e1n 17:45-t\u0151l a pl\u00e9b\u00e1ni\u00e1ra. A <strong>szents\u00e9gekre k\u00e9sz\u00fcl\u0151 \u00e9s a hit\u00fcnk ir\u00e1nt \u00e9rdekl\u0151d\u0151 feln\u0151ttek<\/strong>et is h\u00edvjuk \u00e9s v\u00e1rjuk, cs\u00fct\u00f6rt\u00f6k\u00f6n 17:45-t\u0151l a pl\u00e9b\u00e1ni\u00e1ra. Mindk\u00e9t csoport k\u00e9thetente tart tal\u00e1lkoz\u00f3t.<\/li>\n\n\n\n<li>A janu\u00e1r 21-t\u0151l 28-ig tart\u00f3 nemzetk\u00f6zi <strong>\u00f6kumenikus imah\u00e9t<\/strong> keret\u00e9ben j\u00f6v\u0151 vas\u00e1rnap (jan. 21.) 17 \u00f3rakor k\u00f6z\u00f6sen im\u00e1dkozunk a kereszt\u00e9nyek egys\u00e9g\u00e9\u00e9rt a reform\u00e1tus templomban. Szeretettel h\u00edvunk mindenkit a tal\u00e1lkoz\u00e1sra \u00e9s k\u00f6z\u00f6s im\u00e1dkoz\u00e1sra. Aznap este <strong>nem lesz szentmise a Boldog Gizella-templomban<\/strong>.<\/li>\n\n\n\n<li>Aki szeretn\u00e9 <strong>otthon<\/strong>a <strong>meg\u00e1ld\u00e1s\u00e1<\/strong>t k\u00e9rni, hagyja meg nev\u00e9t, c\u00edm\u00e9t, el\u00e9rhet\u0151s\u00e9g\u00e9t az irod\u00e1ban vagy a sekresty\u00e9ben. Az otthon \u00e9s a benne lak\u00f3k meg\u00e1ld\u00e1s\u00e1nak nincs k\u00f6lts\u00e9ge \u00e9s minden \u00e9vben lehet k\u00e9rni. (Az \u00e1ld\u00e1sr\u00f3l b\u0151vebben <em><a href=\"https:\/\/www.magyarkurir.hu\/hirek\/bekesseg-e-haznak-fehervary-jako-osb-hazszenteles-hagyomanyarol-135957\" target=\"_blank\" rel=\"noreferrer noopener\"><u>ide kattintva<\/u><\/a><\/em> lehet olvasni.)<\/li>\n<\/ol>\n\n\n\n<p><\/p>\n","protected":false},"excerpt":{"rendered":"<p>\u00c9vk\u00f6zi 2. vas\u00e1rnap<\/p>\n","protected":false},"author":2,"featured_media":0,"comment_status":"closed","ping_status":"open","sticky":false,"template":"","format":"standard","meta":{"footnotes":""},"categories":[1],"tags":[],"class_list":["post-5512","post","type-post","status-publish","format-standard","hentry","category-egyeb"],"_links":{"self":[{"href":"https:\/\/marcali.plebania.hu\/index.php?rest_route=\/wp\/v2\/posts\/5512","targetHints":{"allow":["GET"]}}],"collection":[{"href":"https:\/\/marcali.plebania.hu\/index.php?rest_route=\/wp\/v2\/posts"}],"about":[{"href":"https:\/\/marcali.plebania.hu\/index.php?rest_route=\/wp\/v2\/types\/post"}],"author":[{"embeddable":true,"href":"https:\/\/marcali.plebania.hu\/index.php?rest_route=\/wp\/v2\/users\/2"}],"replies":[{"embeddable":true,"href":"https:\/\/marcali.plebania.hu\/index.php?rest_route=%2Fwp%2Fv2%2Fcomments&post=5512"}],"version-history":[{"count":1,"href":"https:\/\/marcali.plebania.hu\/index.php?rest_route=\/wp\/v2\/posts\/5512\/revisions"}],"predecessor-version":[{"id":5513,"href":"https:\/\/marcali.plebania.hu\/index.php?rest_route=\/wp\/v2\/posts\/5512\/revisions\/5513"}],"wp:attachment":[{"href":"https:\/\/marcali.plebania.hu\/index.php?rest_route=%2Fwp%2Fv2%2Fmedia&parent=5512"}],"wp:term":[{"taxonomy":"category","embeddable":true,"href":"https:\/\/marcali.plebania.hu\/index.php?rest_route=%2Fwp%2Fv2%2Fcategories&post=5512"},{"taxonomy":"post_tag","embeddable":true,"href":"https:\/\/marcali.plebania.hu\/index.php?rest_route=%2Fwp%2Fv2%2Ftags&post=5512"}],"curies":[{"name":"wp","href":"https:\/\/api.w.org\/{rel}","templated":true}]}}