{"id":552,"date":"2018-12-28T21:22:14","date_gmt":"2018-12-28T21:22:14","guid":{"rendered":"https:\/\/marcali.plebania.hu\/?p=552"},"modified":"2018-12-28T21:22:14","modified_gmt":"2018-12-28T21:22:14","slug":"hirdetesek-2018-12-30","status":"publish","type":"post","link":"https:\/\/marcali.plebania.hu\/?p=552","title":{"rendered":"Hirdet\u00e9sek, 2018. 12. 30."},"content":{"rendered":"<ol>\n<li>Ma Szent Csal\u00e1d vas\u00e1rnapja van.<\/li>\n<li>Janu\u00e1r 1-\u00e9n a marcaliak fogadalmi \u00d6r\u00f6k\u00f6s R\u00f3zsaf\u00fcz\u00e9rt v\u00e9geznek a hirdet\u0151t\u00e1bl\u00e1n kif\u00fcggesztett rend szerint.<\/li>\n<li>H\u00e9tf\u0151n, Szilveszter est\u00e9j\u00e9n 16.30-kor a k\u00f6z\u00f6ss\u00e9gek h\u00e1laad\u00e1sa, 17 \u00f3rakor h\u00e1laad\u00f3 szentmise lelkip\u00e1sztori besz\u00e1mol\u00f3val. Ezut\u00e1n szeretettel v\u00e1rjuk az Egyh\u00e1zk\u00f6zs\u00e9g K\u00e9pvisel\u0151 Test\u00fclet\u00e9nek \u00e9s a k\u00f6z\u00f6ss\u00e9gek tagjait egy r\u00f6vid fogad\u00e1sra az X-h\u00e1zba.<\/li>\n<li>Kedden, \u00faj\u00e9v napj\u00e1n 10 \u00f3rakor a pl\u00e9b\u00e1niatemplomban, 17 \u00f3rakor a B. Gizella templomban lesz a szentmise. Parancsolt \u00fcnnep!<\/li>\n<li>J\u00f6v\u0151 vas\u00e1rnap V\u00edzkereszt \u00fcnnepe, a v\u00edz meg\u00e1ld\u00e1s a 9 \u00f3r\u00e1s szentmis\u00e9n lesz.<\/li>\n<li>A k\u00f6vetkez\u0151 \u00e9vben az egyh\u00e1zi ad\u00f3 \u00f6sszege nem v\u00e1ltozik (keres\u0151 szem\u00e9lyenk\u00e9nt: 4.000- Ft\/f\u0151). A st\u00f3lad\u00edjat az MKPK. orsz\u00e1gosan megemelte. (10 \u00e9ve volt utolj\u00e1ra emel\u00e9s!) Az \u00e9nekes szentmise 2.000- Ft-ra emelkedik.<\/li>\n<\/ol>\n","protected":false},"excerpt":{"rendered":"<p>Ma Szent Csal\u00e1d vas\u00e1rnapja van. Janu\u00e1r 1-\u00e9n a marcaliak fogadalmi \u00d6r\u00f6k\u00f6s R\u00f3zsaf\u00fcz\u00e9rt v\u00e9geznek a hirdet\u0151t\u00e1bl\u00e1n kif\u00fcggesztett rend szerint. H\u00e9tf\u0151n, Szilveszter est\u00e9j\u00e9n 16.30-kor a k\u00f6z\u00f6ss\u00e9gek h\u00e1laad\u00e1sa, 17 \u00f3rakor h\u00e1laad\u00f3 szentmise lelkip\u00e1sztori besz\u00e1mol\u00f3val. Ezut\u00e1n szeretettel v\u00e1rjuk az Egyh\u00e1zk\u00f6zs\u00e9g K\u00e9pvisel\u0151 Test\u00fclet\u00e9nek \u00e9s a k\u00f6z\u00f6ss\u00e9gek tagjait egy r\u00f6vid fogad\u00e1sra az X-h\u00e1zba. Kedden, \u00faj\u00e9v napj\u00e1n 10 \u00f3rakor a pl\u00e9b\u00e1niatemplomban, 17 \u00f3rakor a B. Gizella templomban lesz a szentmise. Parancsolt \u00fcnnep! J\u00f6v\u0151 vas\u00e1rnap V\u00edzkereszt \u00fcnnepe, a v\u00edz meg\u00e1ld\u00e1s a 9 \u00f3r\u00e1s szentmis\u00e9n lesz. A k\u00f6vetkez\u0151 \u00e9vben&#8230;<\/p>\n<p class=\"read-more\"><a class=\"btn btn-default\" href=\"https:\/\/marcali.plebania.hu\/?p=552\"> Read More<span class=\"screen-reader-text\">  Read More<\/span><\/a><\/p>\n","protected":false},"author":2,"featured_media":0,"comment_status":"closed","ping_status":"open","sticky":false,"template":"","format":"standard","meta":{"footnotes":""},"categories":[1],"tags":[],"class_list":["post-552","post","type-post","status-publish","format-standard","hentry","category-egyeb"],"_links":{"self":[{"href":"https:\/\/marcali.plebania.hu\/index.php?rest_route=\/wp\/v2\/posts\/552","targetHints":{"allow":["GET"]}}],"collection":[{"href":"https:\/\/marcali.plebania.hu\/index.php?rest_route=\/wp\/v2\/posts"}],"about":[{"href":"https:\/\/marcali.plebania.hu\/index.php?rest_route=\/wp\/v2\/types\/post"}],"author":[{"embeddable":true,"href":"https:\/\/marcali.plebania.hu\/index.php?rest_route=\/wp\/v2\/users\/2"}],"replies":[{"embeddable":true,"href":"https:\/\/marcali.plebania.hu\/index.php?rest_route=%2Fwp%2Fv2%2Fcomments&post=552"}],"version-history":[{"count":1,"href":"https:\/\/marcali.plebania.hu\/index.php?rest_route=\/wp\/v2\/posts\/552\/revisions"}],"predecessor-version":[{"id":553,"href":"https:\/\/marcali.plebania.hu\/index.php?rest_route=\/wp\/v2\/posts\/552\/revisions\/553"}],"wp:attachment":[{"href":"https:\/\/marcali.plebania.hu\/index.php?rest_route=%2Fwp%2Fv2%2Fmedia&parent=552"}],"wp:term":[{"taxonomy":"category","embeddable":true,"href":"https:\/\/marcali.plebania.hu\/index.php?rest_route=%2Fwp%2Fv2%2Fcategories&post=552"},{"taxonomy":"post_tag","embeddable":true,"href":"https:\/\/marcali.plebania.hu\/index.php?rest_route=%2Fwp%2Fv2%2Ftags&post=552"}],"curies":[{"name":"wp","href":"https:\/\/api.w.org\/{rel}","templated":true}]}}