{"id":5523,"date":"2024-01-18T09:02:45","date_gmt":"2024-01-18T09:02:45","guid":{"rendered":"https:\/\/marcali.plebania.hu\/?p=5523"},"modified":"2024-01-18T09:02:45","modified_gmt":"2024-01-18T09:02:45","slug":"a-doni-attores-81-evfordulojan-marcaliban-is-megemlekezest-tartottak","status":"publish","type":"post","link":"https:\/\/marcali.plebania.hu\/?p=5523","title":{"rendered":"A doni \u00e1tt\u00f6r\u00e9s 81. \u00e9vfordul\u00f3j\u00e1n Marcaliban is megeml\u00e9kez\u00e9st tartottak"},"content":{"rendered":"\n<p>2024. janu\u00e1r 13-\u00e1n, szombaton 17 \u00f3rakor a Gy\u00fcm\u00f6lcsolt\u00f3 Boldogasszony Pl\u00e9b\u00e1niatemplomban \u00fcnnepi szentmis\u00e9vel kezd\u0151d\u00f6tt a doni \u00e1tt\u00f6r\u00e9s 81. \u00e9vfordul\u00f3ja alkalm\u00e1b\u00f3l szervezett megeml\u00e9kez\u00e9s a magyar, a somogyi, a marcali \u00e9s k\u00f6rny\u00e9kbeli h\u0151s\u00f6kr\u0151l, valamint az \u00e1ldozatokr\u00f3l.<\/p>\n\n\n\n<figure class=\"wp-block-gallery has-nested-images columns-default is-cropped wp-block-gallery-1 is-layout-flex wp-block-gallery-is-layout-flex\">\n<figure class=\"wp-block-image size-large\"><img loading=\"lazy\" decoding=\"async\" width=\"1024\" height=\"683\" data-id=\"5525\" src=\"https:\/\/marcali.plebania.hu\/wp-content\/uploads\/2024\/01\/01-1-1024x683.jpg\" alt=\"\" class=\"wp-image-5525\" srcset=\"https:\/\/marcali.plebania.hu\/wp-content\/uploads\/2024\/01\/01-1-1024x683.jpg 1024w, https:\/\/marcali.plebania.hu\/wp-content\/uploads\/2024\/01\/01-1-300x200.jpg 300w, https:\/\/marcali.plebania.hu\/wp-content\/uploads\/2024\/01\/01-1-768x512.jpg 768w, https:\/\/marcali.plebania.hu\/wp-content\/uploads\/2024\/01\/01-1-1536x1024.jpg 1536w, https:\/\/marcali.plebania.hu\/wp-content\/uploads\/2024\/01\/01-1-2048x1365.jpg 2048w, https:\/\/marcali.plebania.hu\/wp-content\/uploads\/2024\/01\/01-1-405x270.jpg 405w\" sizes=\"auto, (max-width: 1024px) 100vw, 1024px\" \/><\/figure>\n\n\n\n<figure class=\"wp-block-image size-large\"><img loading=\"lazy\" decoding=\"async\" width=\"1024\" height=\"683\" data-id=\"5527\" src=\"https:\/\/marcali.plebania.hu\/wp-content\/uploads\/2024\/01\/03-1-1024x683.jpg\" alt=\"\" class=\"wp-image-5527\" srcset=\"https:\/\/marcali.plebania.hu\/wp-content\/uploads\/2024\/01\/03-1-1024x683.jpg 1024w, https:\/\/marcali.plebania.hu\/wp-content\/uploads\/2024\/01\/03-1-300x200.jpg 300w, https:\/\/marcali.plebania.hu\/wp-content\/uploads\/2024\/01\/03-1-768x512.jpg 768w, https:\/\/marcali.plebania.hu\/wp-content\/uploads\/2024\/01\/03-1-1536x1024.jpg 1536w, https:\/\/marcali.plebania.hu\/wp-content\/uploads\/2024\/01\/03-1-2048x1365.jpg 2048w, https:\/\/marcali.plebania.hu\/wp-content\/uploads\/2024\/01\/03-1-405x270.jpg 405w\" sizes=\"auto, (max-width: 1024px) 100vw, 1024px\" \/><\/figure>\n\n\n\n<figure class=\"wp-block-image size-large\"><img loading=\"lazy\" decoding=\"async\" width=\"1024\" height=\"683\" data-id=\"5526\" src=\"https:\/\/marcali.plebania.hu\/wp-content\/uploads\/2024\/01\/04-1-1024x683.jpg\" alt=\"\" class=\"wp-image-5526\" srcset=\"https:\/\/marcali.plebania.hu\/wp-content\/uploads\/2024\/01\/04-1-1024x683.jpg 1024w, https:\/\/marcali.plebania.hu\/wp-content\/uploads\/2024\/01\/04-1-300x200.jpg 300w, https:\/\/marcali.plebania.hu\/wp-content\/uploads\/2024\/01\/04-1-768x512.jpg 768w, https:\/\/marcali.plebania.hu\/wp-content\/uploads\/2024\/01\/04-1-1536x1024.jpg 1536w, https:\/\/marcali.plebania.hu\/wp-content\/uploads\/2024\/01\/04-1-2048x1365.jpg 2048w, https:\/\/marcali.plebania.hu\/wp-content\/uploads\/2024\/01\/04-1-405x270.jpg 405w\" sizes=\"auto, (max-width: 1024px) 100vw, 1024px\" \/><\/figure>\n\n\n\n<figure class=\"wp-block-image size-large\"><img loading=\"lazy\" decoding=\"async\" width=\"1024\" height=\"683\" data-id=\"5528\" src=\"https:\/\/marcali.plebania.hu\/wp-content\/uploads\/2024\/01\/05-1024x683.jpg\" alt=\"\" class=\"wp-image-5528\" srcset=\"https:\/\/marcali.plebania.hu\/wp-content\/uploads\/2024\/01\/05-1024x683.jpg 1024w, https:\/\/marcali.plebania.hu\/wp-content\/uploads\/2024\/01\/05-300x200.jpg 300w, https:\/\/marcali.plebania.hu\/wp-content\/uploads\/2024\/01\/05-768x512.jpg 768w, https:\/\/marcali.plebania.hu\/wp-content\/uploads\/2024\/01\/05-1536x1024.jpg 1536w, https:\/\/marcali.plebania.hu\/wp-content\/uploads\/2024\/01\/05-2048x1365.jpg 2048w, https:\/\/marcali.plebania.hu\/wp-content\/uploads\/2024\/01\/05-405x270.jpg 405w\" sizes=\"auto, (max-width: 1024px) 100vw, 1024px\" \/><\/figure>\n<\/figure>\n\n\n\n<p>Az istentiszteletet Tomanek Ferenc \u00c1ron marcali pl\u00e9b\u00e1nos celebr\u00e1lta \u00e9s a jelenl\u00e9v\u0151kkel egy\u00fctt im\u00e1dkozott az \u00e1ldozatok\u00e9rt. Orgon\u00e1n Balogh B\u00e1lint k\u00e1ntor m\u0171k\u00f6d\u00f6tt k\u00f6zre. Ezt k\u00f6vet\u0151en a r\u00e9sztvev\u0151k m\u00e9csesekkel a Boldog II. J\u00e1nos P\u00e1l p\u00e1pa t\u00e9ren, a R\u00f3mai Katolikus Pl\u00e9b\u00e1niahivatal el\u0151tti m\u00e1sodik vil\u00e1gh\u00e1bor\u00fas eml\u00e9km\u0171h\u00f6z vonultak ki, ahol a K\u00c9SZ Marcali Csoportj\u00e1nak eln\u00f6ke k\u00f6sz\u00f6nt\u00f6tte a megjelenteket. Majd pedig Nagy Csaba hadikr\u00f3nik\u00e1s, a v\u00e1ros m\u00e1sodik vil\u00e1gh\u00e1bor\u00fas kutat\u00f3ja tartott megeml\u00e9kez\u0151 besz\u00e9det. Az el\u0151ad\u00f3 az eml\u00e9kez\u00e9s \u00e9s eml\u00e9keztet\u00e9s fontoss\u00e1g\u00e1t hangs\u00falyozta, mik\u00f6zben felid\u00e9zte a trag\u00e9di\u00e1t t\u00fal\u00e9lt egykori katona visszaeml\u00e9kez\u00e9s\u00e9t \u00e9s \u00e9lm\u00e9ny\u00e9t a doni harcokr\u00f3l. Az \u00e1ldozatokra Isten irgalm\u00e1t k\u00e9rte, hogy \u00f6r\u00f6k nyugodalmat nyerjenek. Figyelmeztetett arra is, hogy sohase ism\u00e9tl\u0151dj\u00f6n meg egy ilyen, a magyars\u00e1got s\u00fajt\u00f3 trag\u00e9dia.<\/p>\n\n\n\n<figure class=\"wp-block-gallery has-nested-images columns-default is-cropped wp-block-gallery-2 is-layout-flex wp-block-gallery-is-layout-flex\">\n<figure class=\"wp-block-image size-large\"><img loading=\"lazy\" decoding=\"async\" width=\"1024\" height=\"683\" data-id=\"5532\" src=\"https:\/\/marcali.plebania.hu\/wp-content\/uploads\/2024\/01\/06-1024x683.jpg\" alt=\"\" class=\"wp-image-5532\" srcset=\"https:\/\/marcali.plebania.hu\/wp-content\/uploads\/2024\/01\/06-1024x683.jpg 1024w, https:\/\/marcali.plebania.hu\/wp-content\/uploads\/2024\/01\/06-300x200.jpg 300w, https:\/\/marcali.plebania.hu\/wp-content\/uploads\/2024\/01\/06-768x512.jpg 768w, https:\/\/marcali.plebania.hu\/wp-content\/uploads\/2024\/01\/06-1536x1024.jpg 1536w, https:\/\/marcali.plebania.hu\/wp-content\/uploads\/2024\/01\/06-2048x1365.jpg 2048w, https:\/\/marcali.plebania.hu\/wp-content\/uploads\/2024\/01\/06-405x270.jpg 405w\" sizes=\"auto, (max-width: 1024px) 100vw, 1024px\" \/><\/figure>\n\n\n\n<figure class=\"wp-block-image size-large\"><img loading=\"lazy\" decoding=\"async\" width=\"1024\" height=\"683\" data-id=\"5531\" src=\"https:\/\/marcali.plebania.hu\/wp-content\/uploads\/2024\/01\/09-1-1024x683.jpg\" alt=\"\" class=\"wp-image-5531\" srcset=\"https:\/\/marcali.plebania.hu\/wp-content\/uploads\/2024\/01\/09-1-1024x683.jpg 1024w, https:\/\/marcali.plebania.hu\/wp-content\/uploads\/2024\/01\/09-1-300x200.jpg 300w, https:\/\/marcali.plebania.hu\/wp-content\/uploads\/2024\/01\/09-1-768x512.jpg 768w, https:\/\/marcali.plebania.hu\/wp-content\/uploads\/2024\/01\/09-1-1536x1024.jpg 1536w, https:\/\/marcali.plebania.hu\/wp-content\/uploads\/2024\/01\/09-1-2048x1365.jpg 2048w, https:\/\/marcali.plebania.hu\/wp-content\/uploads\/2024\/01\/09-1-405x270.jpg 405w\" sizes=\"auto, (max-width: 1024px) 100vw, 1024px\" \/><\/figure>\n\n\n\n<figure class=\"wp-block-image size-large\"><img loading=\"lazy\" decoding=\"async\" width=\"1024\" height=\"683\" data-id=\"5533\" src=\"https:\/\/marcali.plebania.hu\/wp-content\/uploads\/2024\/01\/10-1024x683.jpg\" alt=\"\" class=\"wp-image-5533\" srcset=\"https:\/\/marcali.plebania.hu\/wp-content\/uploads\/2024\/01\/10-1024x683.jpg 1024w, https:\/\/marcali.plebania.hu\/wp-content\/uploads\/2024\/01\/10-300x200.jpg 300w, https:\/\/marcali.plebania.hu\/wp-content\/uploads\/2024\/01\/10-768x512.jpg 768w, https:\/\/marcali.plebania.hu\/wp-content\/uploads\/2024\/01\/10-1536x1024.jpg 1536w, https:\/\/marcali.plebania.hu\/wp-content\/uploads\/2024\/01\/10-2048x1365.jpg 2048w, https:\/\/marcali.plebania.hu\/wp-content\/uploads\/2024\/01\/10-405x270.jpg 405w\" sizes=\"auto, (max-width: 1024px) 100vw, 1024px\" \/><\/figure>\n\n\n\n<figure class=\"wp-block-image size-large\"><img loading=\"lazy\" decoding=\"async\" width=\"1024\" height=\"683\" data-id=\"5534\" src=\"https:\/\/marcali.plebania.hu\/wp-content\/uploads\/2024\/01\/16-1024x683.jpg\" alt=\"\" class=\"wp-image-5534\" srcset=\"https:\/\/marcali.plebania.hu\/wp-content\/uploads\/2024\/01\/16-1024x683.jpg 1024w, https:\/\/marcali.plebania.hu\/wp-content\/uploads\/2024\/01\/16-300x200.jpg 300w, https:\/\/marcali.plebania.hu\/wp-content\/uploads\/2024\/01\/16-768x512.jpg 768w, https:\/\/marcali.plebania.hu\/wp-content\/uploads\/2024\/01\/16-1536x1024.jpg 1536w, https:\/\/marcali.plebania.hu\/wp-content\/uploads\/2024\/01\/16-2048x1365.jpg 2048w, https:\/\/marcali.plebania.hu\/wp-content\/uploads\/2024\/01\/16-405x270.jpg 405w\" sizes=\"auto, (max-width: 1024px) 100vw, 1024px\" \/><\/figure>\n<\/figure>\n\n\n\n<p>Ezut\u00e1n a jelenl\u00e9v\u0151k az eml\u00e9km\u0171 talapzat\u00e1n\u00e1l elhelyezt\u00e9k a m\u00e9cseseket \u00e9s fejet hajtottak a h\u0151s\u00f6k, valamint az \u00e1ldozatok eml\u00e9ke el\u0151tt. P\u00e9lda \u00e9rt\u00e9k\u0171, hogy \u2013 a feln\u0151ttek mellett \u2013 m\u00e1r gyermekek \u00e9s fiatalok is r\u00e9szt vettek a 81 \u00e9vvel ezel\u0151tt bek\u00f6vetkezett trag\u00e9di\u00e1ra val\u00f3 megeml\u00e9kez\u00e9sen.<\/p>\n\n\n\n<p>A rendezv\u00e9nyt megtisztelte jelenl\u00e9t\u00e9vel Huszti G\u00e1bor, a Somogy V\u00e1rmegyei K\u00f6zgy\u0171l\u00e9s aleln\u00f6ke; Miszi Zsuzsanna, \u00e9s Moln\u00e1r \u00c1gnes Anna \u00f6nkorm\u00e1nyzati k\u00e9pvisel\u0151k, Tomanek Ferenc \u00c1ron pl\u00e9b\u00e1nos, Kir\u00e1ly Jen\u0151 templomatya, akik szint\u00e9n m\u00e9cseseket gy\u00fajtottak \u00e9s fejet hajtottak a marcali \u00e1ldozatok eml\u00e9ke el\u0151tt.<\/p>\n\n\n\n<figure class=\"wp-block-gallery has-nested-images columns-default is-cropped wp-block-gallery-3 is-layout-flex wp-block-gallery-is-layout-flex\">\n<figure class=\"wp-block-image size-large\"><img loading=\"lazy\" decoding=\"async\" width=\"1024\" height=\"683\" data-id=\"5539\" src=\"https:\/\/marcali.plebania.hu\/wp-content\/uploads\/2024\/01\/23-2-1024x683.jpg\" alt=\"\" class=\"wp-image-5539\" srcset=\"https:\/\/marcali.plebania.hu\/wp-content\/uploads\/2024\/01\/23-2-1024x683.jpg 1024w, https:\/\/marcali.plebania.hu\/wp-content\/uploads\/2024\/01\/23-2-300x200.jpg 300w, https:\/\/marcali.plebania.hu\/wp-content\/uploads\/2024\/01\/23-2-768x512.jpg 768w, https:\/\/marcali.plebania.hu\/wp-content\/uploads\/2024\/01\/23-2-1536x1024.jpg 1536w, https:\/\/marcali.plebania.hu\/wp-content\/uploads\/2024\/01\/23-2-2048x1365.jpg 2048w, https:\/\/marcali.plebania.hu\/wp-content\/uploads\/2024\/01\/23-2-405x270.jpg 405w\" sizes=\"auto, (max-width: 1024px) 100vw, 1024px\" \/><\/figure>\n\n\n\n<figure class=\"wp-block-image size-large\"><img loading=\"lazy\" decoding=\"async\" width=\"1024\" height=\"683\" data-id=\"5542\" src=\"https:\/\/marcali.plebania.hu\/wp-content\/uploads\/2024\/01\/30-1024x683.jpg\" alt=\"\" class=\"wp-image-5542\" srcset=\"https:\/\/marcali.plebania.hu\/wp-content\/uploads\/2024\/01\/30-1024x683.jpg 1024w, https:\/\/marcali.plebania.hu\/wp-content\/uploads\/2024\/01\/30-300x200.jpg 300w, https:\/\/marcali.plebania.hu\/wp-content\/uploads\/2024\/01\/30-768x512.jpg 768w, https:\/\/marcali.plebania.hu\/wp-content\/uploads\/2024\/01\/30-1536x1024.jpg 1536w, https:\/\/marcali.plebania.hu\/wp-content\/uploads\/2024\/01\/30-2048x1365.jpg 2048w, https:\/\/marcali.plebania.hu\/wp-content\/uploads\/2024\/01\/30-405x270.jpg 405w\" sizes=\"auto, (max-width: 1024px) 100vw, 1024px\" \/><\/figure>\n\n\n\n<figure class=\"wp-block-image size-large\"><img loading=\"lazy\" decoding=\"async\" width=\"1024\" height=\"683\" data-id=\"5537\" src=\"https:\/\/marcali.plebania.hu\/wp-content\/uploads\/2024\/01\/25-1024x683.jpg\" alt=\"\" class=\"wp-image-5537\" srcset=\"https:\/\/marcali.plebania.hu\/wp-content\/uploads\/2024\/01\/25-1024x683.jpg 1024w, https:\/\/marcali.plebania.hu\/wp-content\/uploads\/2024\/01\/25-300x200.jpg 300w, https:\/\/marcali.plebania.hu\/wp-content\/uploads\/2024\/01\/25-768x512.jpg 768w, https:\/\/marcali.plebania.hu\/wp-content\/uploads\/2024\/01\/25-1536x1024.jpg 1536w, https:\/\/marcali.plebania.hu\/wp-content\/uploads\/2024\/01\/25-2048x1365.jpg 2048w, https:\/\/marcali.plebania.hu\/wp-content\/uploads\/2024\/01\/25-405x270.jpg 405w\" sizes=\"auto, (max-width: 1024px) 100vw, 1024px\" \/><\/figure>\n\n\n\n<figure class=\"wp-block-image size-large\"><img loading=\"lazy\" decoding=\"async\" width=\"1024\" height=\"683\" data-id=\"5540\" src=\"https:\/\/marcali.plebania.hu\/wp-content\/uploads\/2024\/01\/34-1024x683.jpg\" alt=\"\" class=\"wp-image-5540\" srcset=\"https:\/\/marcali.plebania.hu\/wp-content\/uploads\/2024\/01\/34-1024x683.jpg 1024w, https:\/\/marcali.plebania.hu\/wp-content\/uploads\/2024\/01\/34-300x200.jpg 300w, https:\/\/marcali.plebania.hu\/wp-content\/uploads\/2024\/01\/34-768x512.jpg 768w, https:\/\/marcali.plebania.hu\/wp-content\/uploads\/2024\/01\/34-1536x1024.jpg 1536w, https:\/\/marcali.plebania.hu\/wp-content\/uploads\/2024\/01\/34-2048x1365.jpg 2048w, https:\/\/marcali.plebania.hu\/wp-content\/uploads\/2024\/01\/34-405x270.jpg 405w\" sizes=\"auto, (max-width: 1024px) 100vw, 1024px\" \/><\/figure>\n<\/figure>\n\n\n\n<p>A helyi civil szervezetek r\u00e9sz\u00e9r\u0151l pedig az eln\u00f6k\u00f6k: Husz\u00e1r G\u00e9za nyug\u00e1llom\u00e1ny\u00fa \u0151rnagy, a Honv\u00e9d Nyug\u00e1llom\u00e1ny\u00faak Klubja; Szaka Zsolt, a Marcali \u00e9s K\u00f6rny\u00e9ke Hagyom\u00e1ny\u0151rz\u0151 Ipartest\u00fclet; Pomozi Istv\u00e1nn\u00e9, a Marcali Sz\u00e9passzonyok \u00e9s a Fi\u00fak Hagyom\u00e1ny\u0151rz\u0151 Egyes\u00fcletet (MASZ\u00c9P); tov\u00e1bb\u00e1 Kiss K\u00e1lm\u00e1n \u00e9s Horv\u00e1th Zsolt L\u00e1szl\u00f3 titk\u00e1r, a Kereszt\u00e9ny \u00c9rtelmis\u00e9giek Sz\u00f6vets\u00e9ge (K\u00c9SZ) Marcali Csoportja k\u00e9pviselet\u00e9ben tisztelegtek \u00e9s helyezt\u00e9k el m\u00e9cseseiket a r\u00e9sztvev\u0151 tagt\u00e1rsaikkal egy\u00fctt. Tisztelet a h\u0151s\u00f6knek \u00e9s az \u00e1ldozatoknak!<\/p>\n\n\n\n<p>Az eml\u00e9k\u00fcnneps\u00e9get a Marcali \u00e9s K\u00f6rny\u00e9ke Hagyom\u00e1ny\u0151rz\u0151 Ipartest\u00fclet, valamint a K\u00c9SZ Marcali Csoportja k\u00f6z\u00f6sen szervezte a Nemzeti Egy\u00fcttm\u0171k\u00f6d\u00e9si Alap (NEA) t\u00e1mogat\u00e1s\u00e1val.<\/p>\n\n\n\n<p>\u00cdrta \u00e9s fot\u00f3k: K\u00c9SZ Marcali Csoport\/Kiss K\u00e1lm\u00e1n<\/p>\n","protected":false},"excerpt":{"rendered":"<p>2024. janu\u00e1r 13-\u00e1n, szombaton 17 \u00f3rakor a Gy\u00fcm\u00f6lcsolt\u00f3 Boldogasszony Pl\u00e9b\u00e1niatemplomban \u00fcnnepi szentmis\u00e9vel kezd\u0151d\u00f6tt a doni \u00e1tt\u00f6r\u00e9s 81. \u00e9vfordul\u00f3ja alkalm\u00e1b\u00f3l szervezett megeml\u00e9kez\u00e9s a magyar, a somogyi, a marcali \u00e9s k\u00f6rny\u00e9kbeli h\u0151s\u00f6kr\u0151l, valamint az \u00e1ldozatokr\u00f3l. Az istentiszteletet Tomanek Ferenc \u00c1ron marcali pl\u00e9b\u00e1nos celebr\u00e1lta \u00e9s a jelenl\u00e9v\u0151kkel egy\u00fctt im\u00e1dkozott az \u00e1ldozatok\u00e9rt. Orgon\u00e1n Balogh B\u00e1lint k\u00e1ntor m\u0171k\u00f6d\u00f6tt k\u00f6zre. Ezt k\u00f6vet\u0151en a r\u00e9sztvev\u0151k m\u00e9csesekkel a Boldog II. J\u00e1nos P\u00e1l p\u00e1pa t\u00e9ren, a R\u00f3mai Katolikus Pl\u00e9b\u00e1niahivatal el\u0151tti m\u00e1sodik vil\u00e1gh\u00e1bor\u00fas eml\u00e9km\u0171h\u00f6z vonultak ki, ahol a K\u00c9SZ Marcali&#8230;<\/p>\n<p class=\"read-more\"><a class=\"btn btn-default\" href=\"https:\/\/marcali.plebania.hu\/?p=5523\"> Read More<span class=\"screen-reader-text\">  Read More<\/span><\/a><\/p>\n","protected":false},"author":2,"featured_media":0,"comment_status":"closed","ping_status":"open","sticky":false,"template":"","format":"standard","meta":{"footnotes":""},"categories":[1],"tags":[],"class_list":["post-5523","post","type-post","status-publish","format-standard","hentry","category-egyeb"],"_links":{"self":[{"href":"https:\/\/marcali.plebania.hu\/index.php?rest_route=\/wp\/v2\/posts\/5523","targetHints":{"allow":["GET"]}}],"collection":[{"href":"https:\/\/marcali.plebania.hu\/index.php?rest_route=\/wp\/v2\/posts"}],"about":[{"href":"https:\/\/marcali.plebania.hu\/index.php?rest_route=\/wp\/v2\/types\/post"}],"author":[{"embeddable":true,"href":"https:\/\/marcali.plebania.hu\/index.php?rest_route=\/wp\/v2\/users\/2"}],"replies":[{"embeddable":true,"href":"https:\/\/marcali.plebania.hu\/index.php?rest_route=%2Fwp%2Fv2%2Fcomments&post=5523"}],"version-history":[{"count":1,"href":"https:\/\/marcali.plebania.hu\/index.php?rest_route=\/wp\/v2\/posts\/5523\/revisions"}],"predecessor-version":[{"id":5543,"href":"https:\/\/marcali.plebania.hu\/index.php?rest_route=\/wp\/v2\/posts\/5523\/revisions\/5543"}],"wp:attachment":[{"href":"https:\/\/marcali.plebania.hu\/index.php?rest_route=%2Fwp%2Fv2%2Fmedia&parent=5523"}],"wp:term":[{"taxonomy":"category","embeddable":true,"href":"https:\/\/marcali.plebania.hu\/index.php?rest_route=%2Fwp%2Fv2%2Fcategories&post=5523"},{"taxonomy":"post_tag","embeddable":true,"href":"https:\/\/marcali.plebania.hu\/index.php?rest_route=%2Fwp%2Fv2%2Ftags&post=5523"}],"curies":[{"name":"wp","href":"https:\/\/api.w.org\/{rel}","templated":true}]}}