{"id":554,"date":"2018-12-28T20:47:55","date_gmt":"2018-12-28T20:47:55","guid":{"rendered":"https:\/\/marcali.plebania.hu\/?p=554"},"modified":"2018-12-28T20:47:55","modified_gmt":"2018-12-28T20:47:55","slug":"pasztorjatek-es-ejjeli-szentmise-a-boldog-gizella-templomban","status":"publish","type":"post","link":"https:\/\/marcali.plebania.hu\/?p=554","title":{"rendered":"P\u00e1sztorj\u00e1t\u00e9k \u00e9s \u00e9jjeli szentmise a Boldog Gizella templomban"},"content":{"rendered":"<p>Szenteste 10 \u00f3rakor p\u00e1sztorj\u00e1t\u00e9k kezd\u0151d\u00f6tt a Boldog Gizella templomban. Nem a hagyom\u00e1nyos \u00e9rtelemben vett p\u00e1sztorj\u00e1t\u00e9k volt, hanem Tolsztoj egy kis mes\u00e9j\u00e9t dolgozt\u00e1k fel a hittanosok : Panov ap\u00f3 kar\u00e1csony\u00e1t.<\/p>\n<p><img loading=\"lazy\" decoding=\"async\" class=\"aligncenter wp-image-555 size-large\" src=\"https:\/\/marcali.plebania.hu\/wp-content\/uploads\/2018\/12\/Boldog_Gizella_048-1024x678.jpg\" alt=\"\" width=\"640\" height=\"424\" srcset=\"https:\/\/marcali.plebania.hu\/wp-content\/uploads\/2018\/12\/Boldog_Gizella_048.jpg 1024w, https:\/\/marcali.plebania.hu\/wp-content\/uploads\/2018\/12\/Boldog_Gizella_048-300x199.jpg 300w, https:\/\/marcali.plebania.hu\/wp-content\/uploads\/2018\/12\/Boldog_Gizella_048-768x509.jpg 768w, https:\/\/marcali.plebania.hu\/wp-content\/uploads\/2018\/12\/Boldog_Gizella_048-408x270.jpg 408w\" sizes=\"auto, (max-width: 640px) 100vw, 640px\" \/><\/p>\n<p>&#8222;R\u00e9ges-r\u00e9gen \u00e9lt egyszer egy id\u0151s suszter messze-messze, egy kis orosz falucsk\u00e1ban. Panovnak h\u00edvt\u00e1k, de senki nem sz\u00f3l\u00edtotta Panovnak, Panov \u00farnak, s\u0151t m\u00e9g Panov suszternek sem. B\u00e1rhov\u00e1 ment a kis falucsk\u00e1ban, mindenki annyira szerette, hogy csak Panov ap\u00f3nak sz\u00f3l\u00edtott\u00e1k.<\/p>\n<p><img loading=\"lazy\" decoding=\"async\" class=\"aligncenter wp-image-556 size-large\" src=\"https:\/\/marcali.plebania.hu\/wp-content\/uploads\/2018\/12\/Boldog_Gizella_059-1024x678.jpg\" alt=\"\" width=\"640\" height=\"424\" srcset=\"https:\/\/marcali.plebania.hu\/wp-content\/uploads\/2018\/12\/Boldog_Gizella_059.jpg 1024w, https:\/\/marcali.plebania.hu\/wp-content\/uploads\/2018\/12\/Boldog_Gizella_059-300x199.jpg 300w, https:\/\/marcali.plebania.hu\/wp-content\/uploads\/2018\/12\/Boldog_Gizella_059-768x509.jpg 768w, https:\/\/marcali.plebania.hu\/wp-content\/uploads\/2018\/12\/Boldog_Gizella_059-408x270.jpg 408w\" sizes=\"auto, (max-width: 640px) 100vw, 640px\" \/><\/p>\n<p>Panov ap\u00f3 nem volt gazdag, egyetlen kis szob\u00e1csk\u00e1ja volt, melynek ablaka az utc\u00e1ra n\u00e9zett. Ebben a kis szob\u00e1ban lakott, \u00e9s ez volt egyben a m\u0171helye is. De az\u00e9rt szeg\u00e9ny sem volt. Minden szersz\u00e1ma megvolt a suszter mesters\u00e9ghez, volt egy vast\u0171zhelye, amin\u00e9l melegedett \u00e9s \u00e9telt f\u0151zhetett, volt egy nagy, fonott kos\u00e1rsz\u00e9ke, ahol id\u0151nk\u00e9nt elszuny\u00f3k\u00e1lt, egy er\u0151s \u00e1gya sz\u00ednes takar\u00f3val \u00e9s egy kis olajl\u00e1mp\u00e1ja, hogy est\u00e9nk\u00e9nt legyen mivel vil\u00e1g\u00edtania.<\/p>\n<p><img loading=\"lazy\" decoding=\"async\" class=\"aligncenter wp-image-559 size-large\" src=\"https:\/\/marcali.plebania.hu\/wp-content\/uploads\/2018\/12\/Boldog_Gizella_032-1024x678.jpg\" alt=\"\" width=\"640\" height=\"424\" srcset=\"https:\/\/marcali.plebania.hu\/wp-content\/uploads\/2018\/12\/Boldog_Gizella_032.jpg 1024w, https:\/\/marcali.plebania.hu\/wp-content\/uploads\/2018\/12\/Boldog_Gizella_032-300x199.jpg 300w, https:\/\/marcali.plebania.hu\/wp-content\/uploads\/2018\/12\/Boldog_Gizella_032-768x509.jpg 768w, https:\/\/marcali.plebania.hu\/wp-content\/uploads\/2018\/12\/Boldog_Gizella_032-408x270.jpg 408w\" sizes=\"auto, (max-width: 640px) 100vw, 640px\" \/><\/p>\n<p>Mindig olyan sokan akartak \u00faj cip\u0151t csin\u00e1ltatni vagy a r\u00e9git foltoztatni, sarkaltatni, talpaltatni, hogy Panov ap\u00f3nak mindig volt el\u00e9g p\u00e9nze keny\u00e9rre, te\u00e1ra \u00e9s k\u00e1poszt\u00e1ra, amib\u0151l levest f\u0151zz\u00f6n.<\/p>\n<p><img loading=\"lazy\" decoding=\"async\" class=\"aligncenter wp-image-560 size-large\" src=\"https:\/\/marcali.plebania.hu\/wp-content\/uploads\/2018\/12\/Boldog_Gizella_043-1024x678.jpg\" alt=\"\" width=\"640\" height=\"424\" srcset=\"https:\/\/marcali.plebania.hu\/wp-content\/uploads\/2018\/12\/Boldog_Gizella_043.jpg 1024w, https:\/\/marcali.plebania.hu\/wp-content\/uploads\/2018\/12\/Boldog_Gizella_043-300x199.jpg 300w, https:\/\/marcali.plebania.hu\/wp-content\/uploads\/2018\/12\/Boldog_Gizella_043-768x509.jpg 768w, https:\/\/marcali.plebania.hu\/wp-content\/uploads\/2018\/12\/Boldog_Gizella_043-408x270.jpg 408w\" sizes=\"auto, (max-width: 640px) 100vw, 640px\" \/><\/p>\n<p>Panov ap\u00f3 egyik kar\u00e1csonykor az \u00dar hangj\u00e1t is hallotta, mint sz\u00f3l\u00edtotta, mivel sok j\u00f3t tett az emberekkel. El\u0151sz\u00f6r nem akarta elhinni, hogy az \u00dar az, de az \u00dar k\u00f6z\u00f6lte vele a bibliai mondatot: \u201e\u00c9heztem \u00e9s ennem adtatok&#8230;\u201d A darabba a hittanosok sz\u00fclei is bekapcsol\u00f3dtak.<\/p>\n<p><img loading=\"lazy\" decoding=\"async\" class=\"aligncenter wp-image-557 size-large\" src=\"https:\/\/marcali.plebania.hu\/wp-content\/uploads\/2018\/12\/Boldog_Gizella_001-1024x678.jpg\" alt=\"\" width=\"640\" height=\"424\" srcset=\"https:\/\/marcali.plebania.hu\/wp-content\/uploads\/2018\/12\/Boldog_Gizella_001.jpg 1024w, https:\/\/marcali.plebania.hu\/wp-content\/uploads\/2018\/12\/Boldog_Gizella_001-300x199.jpg 300w, https:\/\/marcali.plebania.hu\/wp-content\/uploads\/2018\/12\/Boldog_Gizella_001-768x509.jpg 768w, https:\/\/marcali.plebania.hu\/wp-content\/uploads\/2018\/12\/Boldog_Gizella_001-408x270.jpg 408w\" sizes=\"auto, (max-width: 640px) 100vw, 640px\" \/><\/p>\n<p>A p\u00e1sztorj\u00e1t\u00e9kot betan\u00edtotta dr. Gyulain\u00e9 Domj\u00e1n Zsuzsanna hitoktat\u00f3.<\/p>\n<p><img loading=\"lazy\" decoding=\"async\" class=\"aligncenter wp-image-558 size-large\" src=\"https:\/\/marcali.plebania.hu\/wp-content\/uploads\/2018\/12\/Boldog_Gizella_00001-1024x678.jpg\" alt=\"\" width=\"640\" height=\"424\" srcset=\"https:\/\/marcali.plebania.hu\/wp-content\/uploads\/2018\/12\/Boldog_Gizella_00001.jpg 1024w, https:\/\/marcali.plebania.hu\/wp-content\/uploads\/2018\/12\/Boldog_Gizella_00001-300x199.jpg 300w, https:\/\/marcali.plebania.hu\/wp-content\/uploads\/2018\/12\/Boldog_Gizella_00001-768x509.jpg 768w, https:\/\/marcali.plebania.hu\/wp-content\/uploads\/2018\/12\/Boldog_Gizella_00001-408x270.jpg 408w\" sizes=\"auto, (max-width: 640px) 100vw, 640px\" \/><\/p>\n<p>A p\u00e1sztorj\u00e1t\u00e9k ut\u00e1n \u00e9jjeli szentmise k\u00f6vetkezett.<\/p>\n<p>&nbsp;<\/p>\n","protected":false},"excerpt":{"rendered":"<p>Szenteste 10 \u00f3rakor p\u00e1sztorj\u00e1t\u00e9k kezd\u0151d\u00f6tt a Boldog Gizella templomban. Nem a hagyom\u00e1nyos \u00e9rtelemben vett p\u00e1sztorj\u00e1t\u00e9k volt, hanem Tolsztoj egy kis mes\u00e9j\u00e9t dolgozt\u00e1k fel a hittanosok : Panov ap\u00f3 kar\u00e1csony\u00e1t. &#8222;R\u00e9ges-r\u00e9gen \u00e9lt egyszer egy id\u0151s suszter messze-messze, egy kis orosz falucsk\u00e1ban. Panovnak h\u00edvt\u00e1k, de senki nem sz\u00f3l\u00edtotta Panovnak, Panov \u00farnak, s\u0151t m\u00e9g Panov suszternek sem. B\u00e1rhov\u00e1 ment a kis falucsk\u00e1ban, mindenki annyira szerette, hogy csak Panov ap\u00f3nak sz\u00f3l\u00edtott\u00e1k. Panov ap\u00f3 nem volt gazdag, egyetlen kis szob\u00e1csk\u00e1ja volt, melynek ablaka az utc\u00e1ra&#8230;<\/p>\n<p class=\"read-more\"><a class=\"btn btn-default\" href=\"https:\/\/marcali.plebania.hu\/?p=554\"> Read More<span class=\"screen-reader-text\">  Read More<\/span><\/a><\/p>\n","protected":false},"author":2,"featured_media":0,"comment_status":"closed","ping_status":"open","sticky":false,"template":"","format":"standard","meta":{"footnotes":""},"categories":[1],"tags":[],"class_list":["post-554","post","type-post","status-publish","format-standard","hentry","category-egyeb"],"_links":{"self":[{"href":"https:\/\/marcali.plebania.hu\/index.php?rest_route=\/wp\/v2\/posts\/554","targetHints":{"allow":["GET"]}}],"collection":[{"href":"https:\/\/marcali.plebania.hu\/index.php?rest_route=\/wp\/v2\/posts"}],"about":[{"href":"https:\/\/marcali.plebania.hu\/index.php?rest_route=\/wp\/v2\/types\/post"}],"author":[{"embeddable":true,"href":"https:\/\/marcali.plebania.hu\/index.php?rest_route=\/wp\/v2\/users\/2"}],"replies":[{"embeddable":true,"href":"https:\/\/marcali.plebania.hu\/index.php?rest_route=%2Fwp%2Fv2%2Fcomments&post=554"}],"version-history":[{"count":2,"href":"https:\/\/marcali.plebania.hu\/index.php?rest_route=\/wp\/v2\/posts\/554\/revisions"}],"predecessor-version":[{"id":562,"href":"https:\/\/marcali.plebania.hu\/index.php?rest_route=\/wp\/v2\/posts\/554\/revisions\/562"}],"wp:attachment":[{"href":"https:\/\/marcali.plebania.hu\/index.php?rest_route=%2Fwp%2Fv2%2Fmedia&parent=554"}],"wp:term":[{"taxonomy":"category","embeddable":true,"href":"https:\/\/marcali.plebania.hu\/index.php?rest_route=%2Fwp%2Fv2%2Fcategories&post=554"},{"taxonomy":"post_tag","embeddable":true,"href":"https:\/\/marcali.plebania.hu\/index.php?rest_route=%2Fwp%2Fv2%2Ftags&post=554"}],"curies":[{"name":"wp","href":"https:\/\/api.w.org\/{rel}","templated":true}]}}