{"id":5548,"date":"2024-01-24T16:32:58","date_gmt":"2024-01-24T16:32:58","guid":{"rendered":"https:\/\/marcali.plebania.hu\/?p=5548"},"modified":"2024-01-24T16:32:58","modified_gmt":"2024-01-24T16:32:58","slug":"hirdetesek-2024-januar-21-en","status":"publish","type":"post","link":"https:\/\/marcali.plebania.hu\/?p=5548","title":{"rendered":"Hirdet\u00e9sek 2024. janu\u00e1r 21-\u00e9n"},"content":{"rendered":"\n<p><strong><a href=\"https:\/\/igenaptar.katolikus.hu\/2024\/nap\/index.php?holnap=2024-01-21\" target=\"_blank\" rel=\"noreferrer noopener\"><u>\u00c9vk\u00f6zi 3. vas\u00e1rnap &#8211; Isten ig\u00e9je vas\u00e1rnapja<\/u><\/a><\/strong><\/p>\n\n\n\n<ol class=\"wp-block-list\" start=\"1\">\n<li>Kedden (jan. 23.) 9 \u00f3r\u00e1t\u00f3l kezdve lehet im\u00e1dkozni a pl\u00e9b\u00e1niatemplomban Iv\u00e1n atya kopors\u00f3j\u00e1n\u00e1l. 10 \u00f3rakor kezd\u0151dik a gy\u00e1szmise, ami ut\u00e1n a rokonok \u00e9s a paps\u00e1g jelenl\u00e9t\u00e9ben a Boldog Gizella-templom altemplom\u00e1ban lesz a s\u00edrbat\u00e9tel. A szertart\u00e1sba kihangos\u00edt\u00e1s \u00e1ltal lehet bekapcsol\u00f3dni a helysz\u00ednen, \u00e9s a <strong>temet\u00e9s<\/strong> befejezt\u00e9vel lesz lehet\u0151s\u00e9g lemenni az altemplomba a s\u00edrhoz. Az \u00f6r\u00f6k \u00e9letbe vetett hittel im\u00e1dkozzunk Iv\u00e1n atya \u00fcdv\u00f6ss\u00e9g\u00e9\u00e9rt!<\/li>\n\n\n\n<li>A temet\u00e9s napj\u00e1n az iroda z\u00e1rva tart \u00e9s este nem lesz este szentmise.<\/li>\n\n\n\n<li>A <strong>karit\u00e1sz<\/strong> csoport tal\u00e1lkoz\u00f3ja szerd\u00e1n 17:30-kor kezd\u0151dik a pl\u00e9b\u00e1ni\u00e1n.<\/li>\n\n\n\n<li>A j\u00f6v\u0151 vas\u00e1rnapig tart\u00f3 <strong>\u00f6kumenikus imah\u00e9t<\/strong> keret\u00e9ben ma (jan. 21.) 17 \u00f3rakor k\u00f6z\u00f6sen im\u00e1dkozunk a kereszt\u00e9nyek egys\u00e9g\u00e9\u00e9rt a reform\u00e1tus templomban. Szeretettel h\u00edvunk mindenkit a tal\u00e1lkoz\u00e1sra \u00e9s k\u00f6z\u00f6s im\u00e1dkoz\u00e1sra. Emiatt nem lesz szentmise a Boldog Gizella-templomban. Cs\u00fct\u00f6rt\u00f6k\u00f6n (jan. 25.) pedig szeretettel h\u00edvunk minden \u00e9rdekl\u0151d\u0151t a pl\u00e9b\u00e1ni\u00e1ra k\u00f6z\u00f6s biblia\u00f3r\u00e1ra, melyet Fazekas Kriszti\u00e1n \u00c1rp\u00e1d reform\u00e1tus lelk\u00e9sz vezet.<\/li>\n\n\n\n<li><strong>Hittanos farsang<\/strong>unkat j\u00f6v\u0151 vas\u00e1rnap 14 \u00e9s 17 \u00f3ra k\u00f6zt tartjuk az X-h\u00e1zban (D\u00f3zsa Gy. u. 3.).<\/li>\n<\/ol>\n","protected":false},"excerpt":{"rendered":"<p>\u00c9vk\u00f6zi 3. vas\u00e1rnap &#8211; Isten ig\u00e9je vas\u00e1rnapja<\/p>\n","protected":false},"author":2,"featured_media":0,"comment_status":"closed","ping_status":"open","sticky":false,"template":"","format":"standard","meta":{"footnotes":""},"categories":[1],"tags":[],"class_list":["post-5548","post","type-post","status-publish","format-standard","hentry","category-egyeb"],"_links":{"self":[{"href":"https:\/\/marcali.plebania.hu\/index.php?rest_route=\/wp\/v2\/posts\/5548","targetHints":{"allow":["GET"]}}],"collection":[{"href":"https:\/\/marcali.plebania.hu\/index.php?rest_route=\/wp\/v2\/posts"}],"about":[{"href":"https:\/\/marcali.plebania.hu\/index.php?rest_route=\/wp\/v2\/types\/post"}],"author":[{"embeddable":true,"href":"https:\/\/marcali.plebania.hu\/index.php?rest_route=\/wp\/v2\/users\/2"}],"replies":[{"embeddable":true,"href":"https:\/\/marcali.plebania.hu\/index.php?rest_route=%2Fwp%2Fv2%2Fcomments&post=5548"}],"version-history":[{"count":1,"href":"https:\/\/marcali.plebania.hu\/index.php?rest_route=\/wp\/v2\/posts\/5548\/revisions"}],"predecessor-version":[{"id":5549,"href":"https:\/\/marcali.plebania.hu\/index.php?rest_route=\/wp\/v2\/posts\/5548\/revisions\/5549"}],"wp:attachment":[{"href":"https:\/\/marcali.plebania.hu\/index.php?rest_route=%2Fwp%2Fv2%2Fmedia&parent=5548"}],"wp:term":[{"taxonomy":"category","embeddable":true,"href":"https:\/\/marcali.plebania.hu\/index.php?rest_route=%2Fwp%2Fv2%2Fcategories&post=5548"},{"taxonomy":"post_tag","embeddable":true,"href":"https:\/\/marcali.plebania.hu\/index.php?rest_route=%2Fwp%2Fv2%2Ftags&post=5548"}],"curies":[{"name":"wp","href":"https:\/\/api.w.org\/{rel}","templated":true}]}}