{"id":5550,"date":"2024-01-26T08:35:49","date_gmt":"2024-01-26T08:35:49","guid":{"rendered":"https:\/\/marcali.plebania.hu\/?p=5550"},"modified":"2024-01-26T08:35:49","modified_gmt":"2024-01-26T08:35:49","slug":"hitoktatoi-tovabbkepzes-marcaliban","status":"publish","type":"post","link":"https:\/\/marcali.plebania.hu\/?p=5550","title":{"rendered":"Hitoktat\u00f3i tov\u00e1bbk\u00e9pz\u00e9s Marcaliban"},"content":{"rendered":"\n<p>2024. janu\u00e1r 22-\u00e9n, h\u00e9tf\u0151n 16 \u00e9s 19 \u00f3ra k\u00f6z\u00f6tt Marcaliban, a D\u00f3zsa Gy. u. 3. sz. alatti X-h\u00e1z nagyterm\u00e9ben tartott\u00e1k meg a Somogyv\u00e1ri Esperesi Ker\u00fclet tov\u00e1bbk\u00e9pz\u00e9s\u00e9t a hitoktat\u00f3k sz\u00e1m\u00e1ra.<\/p>\n\n\n\n<figure class=\"wp-block-gallery has-nested-images columns-default is-cropped wp-block-gallery-1 is-layout-flex wp-block-gallery-is-layout-flex\">\n<figure class=\"wp-block-image size-large\"><img loading=\"lazy\" decoding=\"async\" width=\"1024\" height=\"683\" data-id=\"5555\" src=\"https:\/\/marcali.plebania.hu\/wp-content\/uploads\/2024\/01\/01-3-1024x683.jpg\" alt=\"\" class=\"wp-image-5555\" srcset=\"https:\/\/marcali.plebania.hu\/wp-content\/uploads\/2024\/01\/01-3-1024x683.jpg 1024w, https:\/\/marcali.plebania.hu\/wp-content\/uploads\/2024\/01\/01-3-300x200.jpg 300w, https:\/\/marcali.plebania.hu\/wp-content\/uploads\/2024\/01\/01-3-768x512.jpg 768w, https:\/\/marcali.plebania.hu\/wp-content\/uploads\/2024\/01\/01-3-1536x1024.jpg 1536w, https:\/\/marcali.plebania.hu\/wp-content\/uploads\/2024\/01\/01-3-2048x1365.jpg 2048w, https:\/\/marcali.plebania.hu\/wp-content\/uploads\/2024\/01\/01-3-405x270.jpg 405w\" sizes=\"auto, (max-width: 1024px) 100vw, 1024px\" \/><\/figure>\n\n\n\n<figure class=\"wp-block-image size-large\"><img loading=\"lazy\" decoding=\"async\" width=\"1024\" height=\"683\" data-id=\"5552\" src=\"https:\/\/marcali.plebania.hu\/wp-content\/uploads\/2024\/01\/03-2-1024x683.jpg\" alt=\"\" class=\"wp-image-5552\" srcset=\"https:\/\/marcali.plebania.hu\/wp-content\/uploads\/2024\/01\/03-2-1024x683.jpg 1024w, https:\/\/marcali.plebania.hu\/wp-content\/uploads\/2024\/01\/03-2-300x200.jpg 300w, https:\/\/marcali.plebania.hu\/wp-content\/uploads\/2024\/01\/03-2-768x512.jpg 768w, https:\/\/marcali.plebania.hu\/wp-content\/uploads\/2024\/01\/03-2-1536x1024.jpg 1536w, https:\/\/marcali.plebania.hu\/wp-content\/uploads\/2024\/01\/03-2-2048x1365.jpg 2048w, https:\/\/marcali.plebania.hu\/wp-content\/uploads\/2024\/01\/03-2-405x270.jpg 405w\" sizes=\"auto, (max-width: 1024px) 100vw, 1024px\" \/><\/figure>\n\n\n\n<figure class=\"wp-block-image size-large\"><img loading=\"lazy\" decoding=\"async\" width=\"1024\" height=\"683\" data-id=\"5557\" src=\"https:\/\/marcali.plebania.hu\/wp-content\/uploads\/2024\/01\/04-3-1024x683.jpg\" alt=\"\" class=\"wp-image-5557\" srcset=\"https:\/\/marcali.plebania.hu\/wp-content\/uploads\/2024\/01\/04-3-1024x683.jpg 1024w, https:\/\/marcali.plebania.hu\/wp-content\/uploads\/2024\/01\/04-3-300x200.jpg 300w, https:\/\/marcali.plebania.hu\/wp-content\/uploads\/2024\/01\/04-3-768x512.jpg 768w, https:\/\/marcali.plebania.hu\/wp-content\/uploads\/2024\/01\/04-3-1536x1024.jpg 1536w, https:\/\/marcali.plebania.hu\/wp-content\/uploads\/2024\/01\/04-3-2048x1365.jpg 2048w, https:\/\/marcali.plebania.hu\/wp-content\/uploads\/2024\/01\/04-3-405x270.jpg 405w\" sizes=\"auto, (max-width: 1024px) 100vw, 1024px\" \/><\/figure>\n\n\n\n<figure class=\"wp-block-image size-large\"><img loading=\"lazy\" decoding=\"async\" width=\"1024\" height=\"683\" data-id=\"5556\" src=\"https:\/\/marcali.plebania.hu\/wp-content\/uploads\/2024\/01\/02-3-1024x683.jpg\" alt=\"\" class=\"wp-image-5556\" srcset=\"https:\/\/marcali.plebania.hu\/wp-content\/uploads\/2024\/01\/02-3-1024x683.jpg 1024w, https:\/\/marcali.plebania.hu\/wp-content\/uploads\/2024\/01\/02-3-300x200.jpg 300w, https:\/\/marcali.plebania.hu\/wp-content\/uploads\/2024\/01\/02-3-768x512.jpg 768w, https:\/\/marcali.plebania.hu\/wp-content\/uploads\/2024\/01\/02-3-1536x1024.jpg 1536w, https:\/\/marcali.plebania.hu\/wp-content\/uploads\/2024\/01\/02-3-2048x1365.jpg 2048w, https:\/\/marcali.plebania.hu\/wp-content\/uploads\/2024\/01\/02-3-405x270.jpg 405w\" sizes=\"auto, (max-width: 1024px) 100vw, 1024px\" \/><\/figure>\n<\/figure>\n\n\n\n<p>Az el\u0151ad\u00e1st, amely egy kis elm\u00e9letet, valamint sok gyakorlatot is tartalmazott, Bojtorn\u00e9 Kir\u00e1ly M\u00e1rta gy\u00f3gypedag\u00f3gus-hitoktat\u00f3n\u0151 tartotta. Az el\u0151ad\u00e1s c\u00edme: \u201eM\u00f3dszertani eszk\u00f6zt\u00e1r az SNI, BTMN tanul\u00f3k hitoktat\u00e1sban\u201d volt.<\/p>\n\n\n\n<p>A saj\u00e1tos nevel\u00e9si ig\u00e9ny\u0171 (SNI) \u00e9s a beilleszked\u00e9si, tanul\u00e1si, magatart\u00e1si neh\u00e9zs\u00e9ggel k\u00fczd\u0151 (BTMN) gyermekek, tanul\u00f3k k\u00fcl\u00f6nleges b\u00e1n\u00e1sm\u00f3dot ig\u00e9nyelnek, melyet szak\u00e9rt\u0151i bizotts\u00e1g \u00e1llap\u00edt meg \u00e9s szab\u00e1lyoz a szak\u00e9rt\u0151i v\u00e9lem\u00e9ny alapj\u00e1n.<\/p>\n\n\n\n<figure class=\"wp-block-gallery has-nested-images columns-default is-cropped wp-block-gallery-2 is-layout-flex wp-block-gallery-is-layout-flex\">\n<figure class=\"wp-block-image size-large\"><img loading=\"lazy\" decoding=\"async\" width=\"1024\" height=\"683\" data-id=\"5558\" src=\"https:\/\/marcali.plebania.hu\/wp-content\/uploads\/2024\/01\/07-1-1024x683.jpg\" alt=\"\" class=\"wp-image-5558\" srcset=\"https:\/\/marcali.plebania.hu\/wp-content\/uploads\/2024\/01\/07-1-1024x683.jpg 1024w, https:\/\/marcali.plebania.hu\/wp-content\/uploads\/2024\/01\/07-1-300x200.jpg 300w, https:\/\/marcali.plebania.hu\/wp-content\/uploads\/2024\/01\/07-1-768x512.jpg 768w, https:\/\/marcali.plebania.hu\/wp-content\/uploads\/2024\/01\/07-1-1536x1024.jpg 1536w, https:\/\/marcali.plebania.hu\/wp-content\/uploads\/2024\/01\/07-1-2048x1365.jpg 2048w, https:\/\/marcali.plebania.hu\/wp-content\/uploads\/2024\/01\/07-1-405x270.jpg 405w\" sizes=\"auto, (max-width: 1024px) 100vw, 1024px\" \/><\/figure>\n\n\n\n<figure class=\"wp-block-image size-large\"><img loading=\"lazy\" decoding=\"async\" width=\"1024\" height=\"683\" data-id=\"5561\" src=\"https:\/\/marcali.plebania.hu\/wp-content\/uploads\/2024\/01\/08-1-1024x683.jpg\" alt=\"\" class=\"wp-image-5561\" srcset=\"https:\/\/marcali.plebania.hu\/wp-content\/uploads\/2024\/01\/08-1-1024x683.jpg 1024w, https:\/\/marcali.plebania.hu\/wp-content\/uploads\/2024\/01\/08-1-300x200.jpg 300w, https:\/\/marcali.plebania.hu\/wp-content\/uploads\/2024\/01\/08-1-768x512.jpg 768w, https:\/\/marcali.plebania.hu\/wp-content\/uploads\/2024\/01\/08-1-1536x1024.jpg 1536w, https:\/\/marcali.plebania.hu\/wp-content\/uploads\/2024\/01\/08-1-2048x1365.jpg 2048w, https:\/\/marcali.plebania.hu\/wp-content\/uploads\/2024\/01\/08-1-405x270.jpg 405w\" sizes=\"auto, (max-width: 1024px) 100vw, 1024px\" \/><\/figure>\n\n\n\n<figure class=\"wp-block-image size-large\"><img loading=\"lazy\" decoding=\"async\" width=\"1024\" height=\"683\" data-id=\"5559\" src=\"https:\/\/marcali.plebania.hu\/wp-content\/uploads\/2024\/01\/09-2-1024x683.jpg\" alt=\"\" class=\"wp-image-5559\" srcset=\"https:\/\/marcali.plebania.hu\/wp-content\/uploads\/2024\/01\/09-2-1024x683.jpg 1024w, https:\/\/marcali.plebania.hu\/wp-content\/uploads\/2024\/01\/09-2-300x200.jpg 300w, https:\/\/marcali.plebania.hu\/wp-content\/uploads\/2024\/01\/09-2-768x512.jpg 768w, https:\/\/marcali.plebania.hu\/wp-content\/uploads\/2024\/01\/09-2-1536x1024.jpg 1536w, https:\/\/marcali.plebania.hu\/wp-content\/uploads\/2024\/01\/09-2-2048x1365.jpg 2048w, https:\/\/marcali.plebania.hu\/wp-content\/uploads\/2024\/01\/09-2-405x270.jpg 405w\" sizes=\"auto, (max-width: 1024px) 100vw, 1024px\" \/><\/figure>\n\n\n\n<figure class=\"wp-block-image size-large\"><img loading=\"lazy\" decoding=\"async\" width=\"1024\" height=\"683\" data-id=\"5560\" src=\"https:\/\/marcali.plebania.hu\/wp-content\/uploads\/2024\/01\/10-1-1024x683.jpg\" alt=\"\" class=\"wp-image-5560\" srcset=\"https:\/\/marcali.plebania.hu\/wp-content\/uploads\/2024\/01\/10-1-1024x683.jpg 1024w, https:\/\/marcali.plebania.hu\/wp-content\/uploads\/2024\/01\/10-1-300x200.jpg 300w, https:\/\/marcali.plebania.hu\/wp-content\/uploads\/2024\/01\/10-1-768x512.jpg 768w, https:\/\/marcali.plebania.hu\/wp-content\/uploads\/2024\/01\/10-1-1536x1024.jpg 1536w, https:\/\/marcali.plebania.hu\/wp-content\/uploads\/2024\/01\/10-1-2048x1365.jpg 2048w, https:\/\/marcali.plebania.hu\/wp-content\/uploads\/2024\/01\/10-1-405x270.jpg 405w\" sizes=\"auto, (max-width: 1024px) 100vw, 1024px\" \/><\/figure>\n<\/figure>\n\n\n\n<p>A k\u00e9pz\u00e9sen \u00f6sszesen 29 f\u0151 vett r\u00e9szt \u2013 k\u00f6zt\u00fck lelkip\u00e1sztorokkal \u2013 valamint voltak olyanok is, akik m\u00e1s esperesi ker\u00fcletb\u0151l \u00e9rkeztek a k\u00fcl\u00f6nleges t\u00e9m\u00e1t bemutat\u00f3 szakmai el\u0151ad\u00e1sra.<\/p>\n","protected":false},"excerpt":{"rendered":"<p>2024. janu\u00e1r 22-\u00e9n, h\u00e9tf\u0151n 16 \u00e9s 19 \u00f3ra k\u00f6z\u00f6tt Marcaliban, a D\u00f3zsa Gy. u. 3. sz. alatti X-h\u00e1z nagyterm\u00e9ben tartott\u00e1k meg a Somogyv\u00e1ri Esperesi Ker\u00fclet tov\u00e1bbk\u00e9pz\u00e9s\u00e9t a hitoktat\u00f3k sz\u00e1m\u00e1ra. Az el\u0151ad\u00e1st, amely egy kis elm\u00e9letet, valamint sok gyakorlatot is tartalmazott, Bojtorn\u00e9 Kir\u00e1ly M\u00e1rta gy\u00f3gypedag\u00f3gus-hitoktat\u00f3n\u0151 tartotta. Az el\u0151ad\u00e1s c\u00edme: \u201eM\u00f3dszertani eszk\u00f6zt\u00e1r az SNI, BTMN tanul\u00f3k hitoktat\u00e1sban\u201d volt. A saj\u00e1tos nevel\u00e9si ig\u00e9ny\u0171 (SNI) \u00e9s a beilleszked\u00e9si, tanul\u00e1si, magatart\u00e1si neh\u00e9zs\u00e9ggel k\u00fczd\u0151 (BTMN) gyermekek, tanul\u00f3k k\u00fcl\u00f6nleges b\u00e1n\u00e1sm\u00f3dot ig\u00e9nyelnek, melyet szak\u00e9rt\u0151i bizotts\u00e1g \u00e1llap\u00edt meg \u00e9s&#8230;<\/p>\n<p class=\"read-more\"><a class=\"btn btn-default\" href=\"https:\/\/marcali.plebania.hu\/?p=5550\"> Read More<span class=\"screen-reader-text\">  Read More<\/span><\/a><\/p>\n","protected":false},"author":2,"featured_media":0,"comment_status":"closed","ping_status":"open","sticky":false,"template":"","format":"standard","meta":{"footnotes":""},"categories":[1],"tags":[],"class_list":["post-5550","post","type-post","status-publish","format-standard","hentry","category-egyeb"],"_links":{"self":[{"href":"https:\/\/marcali.plebania.hu\/index.php?rest_route=\/wp\/v2\/posts\/5550","targetHints":{"allow":["GET"]}}],"collection":[{"href":"https:\/\/marcali.plebania.hu\/index.php?rest_route=\/wp\/v2\/posts"}],"about":[{"href":"https:\/\/marcali.plebania.hu\/index.php?rest_route=\/wp\/v2\/types\/post"}],"author":[{"embeddable":true,"href":"https:\/\/marcali.plebania.hu\/index.php?rest_route=\/wp\/v2\/users\/2"}],"replies":[{"embeddable":true,"href":"https:\/\/marcali.plebania.hu\/index.php?rest_route=%2Fwp%2Fv2%2Fcomments&post=5550"}],"version-history":[{"count":1,"href":"https:\/\/marcali.plebania.hu\/index.php?rest_route=\/wp\/v2\/posts\/5550\/revisions"}],"predecessor-version":[{"id":5562,"href":"https:\/\/marcali.plebania.hu\/index.php?rest_route=\/wp\/v2\/posts\/5550\/revisions\/5562"}],"wp:attachment":[{"href":"https:\/\/marcali.plebania.hu\/index.php?rest_route=%2Fwp%2Fv2%2Fmedia&parent=5550"}],"wp:term":[{"taxonomy":"category","embeddable":true,"href":"https:\/\/marcali.plebania.hu\/index.php?rest_route=%2Fwp%2Fv2%2Fcategories&post=5550"},{"taxonomy":"post_tag","embeddable":true,"href":"https:\/\/marcali.plebania.hu\/index.php?rest_route=%2Fwp%2Fv2%2Ftags&post=5550"}],"curies":[{"name":"wp","href":"https:\/\/api.w.org\/{rel}","templated":true}]}}