{"id":5563,"date":"2024-01-30T14:22:37","date_gmt":"2024-01-30T14:22:37","guid":{"rendered":"https:\/\/marcali.plebania.hu\/?p=5563"},"modified":"2024-01-30T14:22:37","modified_gmt":"2024-01-30T14:22:37","slug":"kiss-ivan-nyugalmazott-plebanos-gyaszmiseje-es-temetese","status":"publish","type":"post","link":"https:\/\/marcali.plebania.hu\/?p=5563","title":{"rendered":"Kiss Iv\u00e1n nyugalmazott pl\u00e9b\u00e1nos gy\u00e1szmis\u00e9je \u00e9s temet\u00e9se"},"content":{"rendered":"\n<p>2024. janu\u00e1r 23-\u00e1n, kedden reggel ravatalozt\u00e1k fel Kiss Iv\u00e1n c, pr\u00e9post, ny. pl\u00e9b\u00e1nos kopors\u00f3j\u00e1t a Marcali Gy\u00fcm\u00f6lcsolt\u00f3 Boldogasszony pl\u00e9b\u00e1niatemplomban.<\/p>\n\n\n\n<figure class=\"wp-block-gallery has-nested-images columns-default is-cropped wp-block-gallery-1 is-layout-flex wp-block-gallery-is-layout-flex\">\n<figure class=\"wp-block-image size-large\"><img loading=\"lazy\" decoding=\"async\" width=\"1024\" height=\"683\" data-id=\"5564\" src=\"https:\/\/marcali.plebania.hu\/wp-content\/uploads\/2024\/01\/02-4-1024x683.jpg\" alt=\"\" class=\"wp-image-5564\" srcset=\"https:\/\/marcali.plebania.hu\/wp-content\/uploads\/2024\/01\/02-4-1024x683.jpg 1024w, https:\/\/marcali.plebania.hu\/wp-content\/uploads\/2024\/01\/02-4-300x200.jpg 300w, https:\/\/marcali.plebania.hu\/wp-content\/uploads\/2024\/01\/02-4-768x512.jpg 768w, https:\/\/marcali.plebania.hu\/wp-content\/uploads\/2024\/01\/02-4-1536x1024.jpg 1536w, https:\/\/marcali.plebania.hu\/wp-content\/uploads\/2024\/01\/02-4-2048x1365.jpg 2048w, https:\/\/marcali.plebania.hu\/wp-content\/uploads\/2024\/01\/02-4-405x270.jpg 405w\" sizes=\"auto, (max-width: 1024px) 100vw, 1024px\" \/><\/figure>\n\n\n\n<figure class=\"wp-block-image size-large\"><img loading=\"lazy\" decoding=\"async\" width=\"1024\" height=\"683\" data-id=\"5566\" src=\"https:\/\/marcali.plebania.hu\/wp-content\/uploads\/2024\/01\/04-4-1024x683.jpg\" alt=\"\" class=\"wp-image-5566\" srcset=\"https:\/\/marcali.plebania.hu\/wp-content\/uploads\/2024\/01\/04-4-1024x683.jpg 1024w, https:\/\/marcali.plebania.hu\/wp-content\/uploads\/2024\/01\/04-4-300x200.jpg 300w, https:\/\/marcali.plebania.hu\/wp-content\/uploads\/2024\/01\/04-4-768x512.jpg 768w, https:\/\/marcali.plebania.hu\/wp-content\/uploads\/2024\/01\/04-4-1536x1024.jpg 1536w, https:\/\/marcali.plebania.hu\/wp-content\/uploads\/2024\/01\/04-4-2048x1365.jpg 2048w, https:\/\/marcali.plebania.hu\/wp-content\/uploads\/2024\/01\/04-4-405x270.jpg 405w\" sizes=\"auto, (max-width: 1024px) 100vw, 1024px\" \/><\/figure>\n\n\n\n<figure class=\"wp-block-image size-large\"><img loading=\"lazy\" decoding=\"async\" width=\"1024\" height=\"683\" data-id=\"5567\" src=\"https:\/\/marcali.plebania.hu\/wp-content\/uploads\/2024\/01\/05-1-1024x683.jpg\" alt=\"\" class=\"wp-image-5567\" srcset=\"https:\/\/marcali.plebania.hu\/wp-content\/uploads\/2024\/01\/05-1-1024x683.jpg 1024w, https:\/\/marcali.plebania.hu\/wp-content\/uploads\/2024\/01\/05-1-300x200.jpg 300w, https:\/\/marcali.plebania.hu\/wp-content\/uploads\/2024\/01\/05-1-768x512.jpg 768w, https:\/\/marcali.plebania.hu\/wp-content\/uploads\/2024\/01\/05-1-1536x1024.jpg 1536w, https:\/\/marcali.plebania.hu\/wp-content\/uploads\/2024\/01\/05-1-2048x1365.jpg 2048w, https:\/\/marcali.plebania.hu\/wp-content\/uploads\/2024\/01\/05-1-405x270.jpg 405w\" sizes=\"auto, (max-width: 1024px) 100vw, 1024px\" \/><\/figure>\n\n\n\n<figure class=\"wp-block-image size-large\"><img loading=\"lazy\" decoding=\"async\" width=\"1024\" height=\"683\" data-id=\"5565\" src=\"https:\/\/marcali.plebania.hu\/wp-content\/uploads\/2024\/01\/03-3-1024x683.jpg\" alt=\"\" class=\"wp-image-5565\" srcset=\"https:\/\/marcali.plebania.hu\/wp-content\/uploads\/2024\/01\/03-3-1024x683.jpg 1024w, https:\/\/marcali.plebania.hu\/wp-content\/uploads\/2024\/01\/03-3-300x200.jpg 300w, https:\/\/marcali.plebania.hu\/wp-content\/uploads\/2024\/01\/03-3-768x512.jpg 768w, https:\/\/marcali.plebania.hu\/wp-content\/uploads\/2024\/01\/03-3-1536x1024.jpg 1536w, https:\/\/marcali.plebania.hu\/wp-content\/uploads\/2024\/01\/03-3-2048x1365.jpg 2048w, https:\/\/marcali.plebania.hu\/wp-content\/uploads\/2024\/01\/03-3-405x270.jpg 405w\" sizes=\"auto, (max-width: 1024px) 100vw, 1024px\" \/><\/figure>\n<\/figure>\n\n\n\n<p>9 \u00f3r\u00e1t\u00f3l a J\u00e9zus Testv\u00e9rei Kisk\u00f6z\u00f6ss\u00e9g, az Engesztel\u0151 Imak\u00f6r \u00e9s a R\u00f3zsaf\u00fcz\u00e9r T\u00e1rsulat tagjainak ima\u00f3r\u00e1ja \u00e9s r\u00f3zsaf\u00fcz\u00e9r im\u00e1ds\u00e1ga kezd\u0151d\u00f6tt, mik\u00f6zben a F\u00e9ny Gyermekei Katolikus Zenekar egyh\u00e1zi, git\u00e1ros \u00e9nekekkel b\u00facs\u00fazott a k\u00f6zelm\u00faltban elhunyt pl\u00e9b\u00e1nost\u00f3l.<\/p>\n\n\n\n<figure class=\"wp-block-gallery has-nested-images columns-default is-cropped wp-block-gallery-2 is-layout-flex wp-block-gallery-is-layout-flex\">\n<figure class=\"wp-block-image size-large\"><img loading=\"lazy\" decoding=\"async\" width=\"1024\" height=\"683\" data-id=\"5568\" src=\"https:\/\/marcali.plebania.hu\/wp-content\/uploads\/2024\/01\/08-2-1024x683.jpg\" alt=\"\" class=\"wp-image-5568\" srcset=\"https:\/\/marcali.plebania.hu\/wp-content\/uploads\/2024\/01\/08-2-1024x683.jpg 1024w, https:\/\/marcali.plebania.hu\/wp-content\/uploads\/2024\/01\/08-2-300x200.jpg 300w, https:\/\/marcali.plebania.hu\/wp-content\/uploads\/2024\/01\/08-2-768x512.jpg 768w, https:\/\/marcali.plebania.hu\/wp-content\/uploads\/2024\/01\/08-2-1536x1024.jpg 1536w, https:\/\/marcali.plebania.hu\/wp-content\/uploads\/2024\/01\/08-2-2048x1365.jpg 2048w, https:\/\/marcali.plebania.hu\/wp-content\/uploads\/2024\/01\/08-2-405x270.jpg 405w\" sizes=\"auto, (max-width: 1024px) 100vw, 1024px\" \/><\/figure>\n\n\n\n<figure class=\"wp-block-image size-large\"><img loading=\"lazy\" decoding=\"async\" width=\"1024\" height=\"683\" data-id=\"5570\" src=\"https:\/\/marcali.plebania.hu\/wp-content\/uploads\/2024\/01\/10-2-1024x683.jpg\" alt=\"\" class=\"wp-image-5570\" srcset=\"https:\/\/marcali.plebania.hu\/wp-content\/uploads\/2024\/01\/10-2-1024x683.jpg 1024w, https:\/\/marcali.plebania.hu\/wp-content\/uploads\/2024\/01\/10-2-300x200.jpg 300w, https:\/\/marcali.plebania.hu\/wp-content\/uploads\/2024\/01\/10-2-768x512.jpg 768w, https:\/\/marcali.plebania.hu\/wp-content\/uploads\/2024\/01\/10-2-1536x1024.jpg 1536w, https:\/\/marcali.plebania.hu\/wp-content\/uploads\/2024\/01\/10-2-2048x1365.jpg 2048w, https:\/\/marcali.plebania.hu\/wp-content\/uploads\/2024\/01\/10-2-405x270.jpg 405w\" sizes=\"auto, (max-width: 1024px) 100vw, 1024px\" \/><\/figure>\n\n\n\n<figure class=\"wp-block-image size-large\"><img loading=\"lazy\" decoding=\"async\" width=\"1024\" height=\"683\" data-id=\"5571\" src=\"https:\/\/marcali.plebania.hu\/wp-content\/uploads\/2024\/01\/11-1024x683.jpg\" alt=\"\" class=\"wp-image-5571\" srcset=\"https:\/\/marcali.plebania.hu\/wp-content\/uploads\/2024\/01\/11-1024x683.jpg 1024w, https:\/\/marcali.plebania.hu\/wp-content\/uploads\/2024\/01\/11-300x200.jpg 300w, https:\/\/marcali.plebania.hu\/wp-content\/uploads\/2024\/01\/11-768x512.jpg 768w, https:\/\/marcali.plebania.hu\/wp-content\/uploads\/2024\/01\/11-1536x1024.jpg 1536w, https:\/\/marcali.plebania.hu\/wp-content\/uploads\/2024\/01\/11-2048x1365.jpg 2048w, https:\/\/marcali.plebania.hu\/wp-content\/uploads\/2024\/01\/11-405x270.jpg 405w\" sizes=\"auto, (max-width: 1024px) 100vw, 1024px\" \/><\/figure>\n\n\n\n<figure class=\"wp-block-image size-large\"><img loading=\"lazy\" decoding=\"async\" width=\"1024\" height=\"683\" data-id=\"5572\" src=\"https:\/\/marcali.plebania.hu\/wp-content\/uploads\/2024\/01\/13-1024x683.jpg\" alt=\"\" class=\"wp-image-5572\" srcset=\"https:\/\/marcali.plebania.hu\/wp-content\/uploads\/2024\/01\/13-1024x683.jpg 1024w, https:\/\/marcali.plebania.hu\/wp-content\/uploads\/2024\/01\/13-300x200.jpg 300w, https:\/\/marcali.plebania.hu\/wp-content\/uploads\/2024\/01\/13-768x512.jpg 768w, https:\/\/marcali.plebania.hu\/wp-content\/uploads\/2024\/01\/13-1536x1024.jpg 1536w, https:\/\/marcali.plebania.hu\/wp-content\/uploads\/2024\/01\/13-2048x1365.jpg 2048w, https:\/\/marcali.plebania.hu\/wp-content\/uploads\/2024\/01\/13-405x270.jpg 405w\" sizes=\"auto, (max-width: 1024px) 100vw, 1024px\" \/><\/figure>\n<\/figure>\n\n\n\n<p>A lelki \u00fcdv\u00e9\u00e9rt Varga L\u00e1szl\u00f3 kaposv\u00e1ri megy\u00e9sp\u00fcsp\u00f6k celebr\u00e1l\u00e1s\u00e1val 10 \u00f3rakor kezd\u0151d\u00f6tt a gy\u00e1szmise, melyen Bal\u00e1s B\u00e9la emeritus p\u00fcsp\u00f6k \u00e9s mintegy 50 paptestv\u00e9r vett r\u00e9szt a rokons\u00e1g, valamint a nagy sz\u00e1mban megjelent h\u00edvek jelenl\u00e9t\u00e9ben. A b\u00facs\u00faz\u00f3 besz\u00e9det Farkas L\u00e1szl\u00f3 di\u00f3sk\u00e1li pl\u00e9b\u00e1nos mondta, aki felid\u00e9zte Iv\u00e1n aty\u00e1val val\u00f3 k\u00f6z\u00f6s eml\u00e9keit a szegedi szemin\u00e1riumt\u00f3l kezdve, a hossz\u00fa lelkip\u00e1sztori szolg\u00e1laton \u00e1t eg\u00e9szen a nyugd\u00edjaz\u00e1s\u00e1ig. Mint kiemelte: Marcaliban a kezdeti neh\u00e9zs\u00e9gek ut\u00e1n hamar megszerett\u00e9k \u00e9s a h\u00edvek is mell\u00e9 \u00e1lltak, mintegy 30 \u00e9vet t\u00f6lt\u00f6tt itt nyugd\u00edjba vonul\u00e1s\u00e1ig.<\/p>\n\n\n\n<figure class=\"wp-block-gallery has-nested-images columns-default is-cropped wp-block-gallery-3 is-layout-flex wp-block-gallery-is-layout-flex\">\n<figure class=\"wp-block-image size-large\"><img loading=\"lazy\" decoding=\"async\" width=\"1024\" height=\"683\" data-id=\"5573\" src=\"https:\/\/marcali.plebania.hu\/wp-content\/uploads\/2024\/01\/15-1024x683.jpg\" alt=\"\" class=\"wp-image-5573\" srcset=\"https:\/\/marcali.plebania.hu\/wp-content\/uploads\/2024\/01\/15-1024x683.jpg 1024w, https:\/\/marcali.plebania.hu\/wp-content\/uploads\/2024\/01\/15-300x200.jpg 300w, https:\/\/marcali.plebania.hu\/wp-content\/uploads\/2024\/01\/15-768x512.jpg 768w, https:\/\/marcali.plebania.hu\/wp-content\/uploads\/2024\/01\/15-1536x1024.jpg 1536w, https:\/\/marcali.plebania.hu\/wp-content\/uploads\/2024\/01\/15-2048x1365.jpg 2048w, https:\/\/marcali.plebania.hu\/wp-content\/uploads\/2024\/01\/15-405x270.jpg 405w\" sizes=\"auto, (max-width: 1024px) 100vw, 1024px\" \/><\/figure>\n\n\n\n<figure class=\"wp-block-image size-large\"><img loading=\"lazy\" decoding=\"async\" width=\"1024\" height=\"683\" data-id=\"5574\" src=\"https:\/\/marcali.plebania.hu\/wp-content\/uploads\/2024\/01\/16-1-1024x683.jpg\" alt=\"\" class=\"wp-image-5574\" srcset=\"https:\/\/marcali.plebania.hu\/wp-content\/uploads\/2024\/01\/16-1-1024x683.jpg 1024w, https:\/\/marcali.plebania.hu\/wp-content\/uploads\/2024\/01\/16-1-300x200.jpg 300w, https:\/\/marcali.plebania.hu\/wp-content\/uploads\/2024\/01\/16-1-768x512.jpg 768w, https:\/\/marcali.plebania.hu\/wp-content\/uploads\/2024\/01\/16-1-1536x1024.jpg 1536w, https:\/\/marcali.plebania.hu\/wp-content\/uploads\/2024\/01\/16-1-2048x1365.jpg 2048w, https:\/\/marcali.plebania.hu\/wp-content\/uploads\/2024\/01\/16-1-405x270.jpg 405w\" sizes=\"auto, (max-width: 1024px) 100vw, 1024px\" \/><\/figure>\n\n\n\n<figure class=\"wp-block-image size-large\"><img loading=\"lazy\" decoding=\"async\" width=\"1024\" height=\"683\" data-id=\"5577\" src=\"https:\/\/marcali.plebania.hu\/wp-content\/uploads\/2024\/01\/25-1-1024x683.jpg\" alt=\"\" class=\"wp-image-5577\" srcset=\"https:\/\/marcali.plebania.hu\/wp-content\/uploads\/2024\/01\/25-1-1024x683.jpg 1024w, https:\/\/marcali.plebania.hu\/wp-content\/uploads\/2024\/01\/25-1-300x200.jpg 300w, https:\/\/marcali.plebania.hu\/wp-content\/uploads\/2024\/01\/25-1-768x512.jpg 768w, https:\/\/marcali.plebania.hu\/wp-content\/uploads\/2024\/01\/25-1-1536x1024.jpg 1536w, https:\/\/marcali.plebania.hu\/wp-content\/uploads\/2024\/01\/25-1-2048x1365.jpg 2048w, https:\/\/marcali.plebania.hu\/wp-content\/uploads\/2024\/01\/25-1-405x270.jpg 405w\" sizes=\"auto, (max-width: 1024px) 100vw, 1024px\" \/><\/figure>\n\n\n\n<figure class=\"wp-block-image size-large\"><img loading=\"lazy\" decoding=\"async\" width=\"1024\" height=\"683\" data-id=\"5576\" src=\"https:\/\/marcali.plebania.hu\/wp-content\/uploads\/2024\/01\/17-2-1024x683.jpg\" alt=\"\" class=\"wp-image-5576\" srcset=\"https:\/\/marcali.plebania.hu\/wp-content\/uploads\/2024\/01\/17-2-1024x683.jpg 1024w, https:\/\/marcali.plebania.hu\/wp-content\/uploads\/2024\/01\/17-2-300x200.jpg 300w, https:\/\/marcali.plebania.hu\/wp-content\/uploads\/2024\/01\/17-2-768x512.jpg 768w, https:\/\/marcali.plebania.hu\/wp-content\/uploads\/2024\/01\/17-2-1536x1024.jpg 1536w, https:\/\/marcali.plebania.hu\/wp-content\/uploads\/2024\/01\/17-2-2048x1365.jpg 2048w, https:\/\/marcali.plebania.hu\/wp-content\/uploads\/2024\/01\/17-2-405x270.jpg 405w\" sizes=\"auto, (max-width: 1024px) 100vw, 1024px\" \/><\/figure>\n<\/figure>\n\n\n\n<p>A szentmis\u00e9n k\u00f6zrem\u0171k\u00f6d\u00f6tt P\u00e9csi L\u00e1szl\u00f3 keszthelyi k\u00e1ntor \u00e9s M\u00e1ria Gorges opera-\u00e9nekesn\u0151, aki Wolf: Ave Maria c\u00edm\u0171 dal\u00e1t \u00e9nekelte el; valamint dr. Kurucz \u00c1d\u00e1m Konr\u00e1d pedig elszavalta S\u00edk S\u00e1ndor: Te Deum c\u00edm\u0171 vers\u00e9t.<\/p>\n\n\n\n<figure class=\"wp-block-gallery has-nested-images columns-default is-cropped wp-block-gallery-4 is-layout-flex wp-block-gallery-is-layout-flex\">\n<figure class=\"wp-block-image size-large\"><img loading=\"lazy\" decoding=\"async\" width=\"1024\" height=\"683\" data-id=\"5581\" src=\"https:\/\/marcali.plebania.hu\/wp-content\/uploads\/2024\/01\/23-3-1024x683.jpg\" alt=\"\" class=\"wp-image-5581\" srcset=\"https:\/\/marcali.plebania.hu\/wp-content\/uploads\/2024\/01\/23-3-1024x683.jpg 1024w, https:\/\/marcali.plebania.hu\/wp-content\/uploads\/2024\/01\/23-3-300x200.jpg 300w, https:\/\/marcali.plebania.hu\/wp-content\/uploads\/2024\/01\/23-3-768x512.jpg 768w, https:\/\/marcali.plebania.hu\/wp-content\/uploads\/2024\/01\/23-3-1536x1024.jpg 1536w, https:\/\/marcali.plebania.hu\/wp-content\/uploads\/2024\/01\/23-3-2048x1365.jpg 2048w, https:\/\/marcali.plebania.hu\/wp-content\/uploads\/2024\/01\/23-3-405x270.jpg 405w\" sizes=\"auto, (max-width: 1024px) 100vw, 1024px\" \/><\/figure>\n\n\n\n<figure class=\"wp-block-image size-large\"><img loading=\"lazy\" decoding=\"async\" width=\"1024\" height=\"683\" data-id=\"5582\" src=\"https:\/\/marcali.plebania.hu\/wp-content\/uploads\/2024\/01\/40-1024x683.jpg\" alt=\"\" class=\"wp-image-5582\" srcset=\"https:\/\/marcali.plebania.hu\/wp-content\/uploads\/2024\/01\/40-1024x683.jpg 1024w, https:\/\/marcali.plebania.hu\/wp-content\/uploads\/2024\/01\/40-300x200.jpg 300w, https:\/\/marcali.plebania.hu\/wp-content\/uploads\/2024\/01\/40-768x512.jpg 768w, https:\/\/marcali.plebania.hu\/wp-content\/uploads\/2024\/01\/40-1536x1024.jpg 1536w, https:\/\/marcali.plebania.hu\/wp-content\/uploads\/2024\/01\/40-2048x1365.jpg 2048w, https:\/\/marcali.plebania.hu\/wp-content\/uploads\/2024\/01\/40-405x270.jpg 405w\" sizes=\"auto, (max-width: 1024px) 100vw, 1024px\" \/><\/figure>\n\n\n\n<figure class=\"wp-block-image size-large\"><img loading=\"lazy\" decoding=\"async\" width=\"1024\" height=\"683\" data-id=\"5583\" src=\"https:\/\/marcali.plebania.hu\/wp-content\/uploads\/2024\/01\/48-1024x683.jpg\" alt=\"\" class=\"wp-image-5583\" srcset=\"https:\/\/marcali.plebania.hu\/wp-content\/uploads\/2024\/01\/48-1024x683.jpg 1024w, https:\/\/marcali.plebania.hu\/wp-content\/uploads\/2024\/01\/48-300x200.jpg 300w, https:\/\/marcali.plebania.hu\/wp-content\/uploads\/2024\/01\/48-768x512.jpg 768w, https:\/\/marcali.plebania.hu\/wp-content\/uploads\/2024\/01\/48-1536x1024.jpg 1536w, https:\/\/marcali.plebania.hu\/wp-content\/uploads\/2024\/01\/48-2048x1365.jpg 2048w, https:\/\/marcali.plebania.hu\/wp-content\/uploads\/2024\/01\/48-405x270.jpg 405w\" sizes=\"auto, (max-width: 1024px) 100vw, 1024px\" \/><\/figure>\n\n\n\n<figure class=\"wp-block-image size-large\"><img loading=\"lazy\" decoding=\"async\" width=\"1024\" height=\"683\" data-id=\"5584\" src=\"https:\/\/marcali.plebania.hu\/wp-content\/uploads\/2024\/01\/39-1024x683.jpg\" alt=\"\" class=\"wp-image-5584\" srcset=\"https:\/\/marcali.plebania.hu\/wp-content\/uploads\/2024\/01\/39-1024x683.jpg 1024w, https:\/\/marcali.plebania.hu\/wp-content\/uploads\/2024\/01\/39-300x200.jpg 300w, https:\/\/marcali.plebania.hu\/wp-content\/uploads\/2024\/01\/39-768x512.jpg 768w, https:\/\/marcali.plebania.hu\/wp-content\/uploads\/2024\/01\/39-1536x1024.jpg 1536w, https:\/\/marcali.plebania.hu\/wp-content\/uploads\/2024\/01\/39-2048x1365.jpg 2048w, https:\/\/marcali.plebania.hu\/wp-content\/uploads\/2024\/01\/39-405x270.jpg 405w\" sizes=\"auto, (max-width: 1024px) 100vw, 1024px\" \/><\/figure>\n<\/figure>\n\n\n\n<p>Az istentisztelet ut\u00e1n a paps\u00e1g, a rokonok \u00e9s a h\u00edvek a Boldog Gizella templom altemplom\u00e1ba vonultak, ahol a temet\u00e9si szertart\u00e1sok elv\u00e9gz\u00e9se ut\u00e1n \u00f6r\u00f6k nyugalomra helyezt\u00e9k Kiss Iv\u00e1n c. pr\u00e9post, volt esperes, nyugalmazott marcali pl\u00e9b\u00e1nost.<\/p>\n\n\n\n<figure class=\"wp-block-gallery has-nested-images columns-default is-cropped wp-block-gallery-5 is-layout-flex wp-block-gallery-is-layout-flex\">\n<figure class=\"wp-block-image size-large\"><img loading=\"lazy\" decoding=\"async\" width=\"1024\" height=\"683\" data-id=\"5589\" src=\"https:\/\/marcali.plebania.hu\/wp-content\/uploads\/2024\/01\/59-1024x683.jpg\" alt=\"\" class=\"wp-image-5589\" srcset=\"https:\/\/marcali.plebania.hu\/wp-content\/uploads\/2024\/01\/59-1024x683.jpg 1024w, https:\/\/marcali.plebania.hu\/wp-content\/uploads\/2024\/01\/59-300x200.jpg 300w, https:\/\/marcali.plebania.hu\/wp-content\/uploads\/2024\/01\/59-768x512.jpg 768w, https:\/\/marcali.plebania.hu\/wp-content\/uploads\/2024\/01\/59-1536x1024.jpg 1536w, https:\/\/marcali.plebania.hu\/wp-content\/uploads\/2024\/01\/59-2048x1365.jpg 2048w, https:\/\/marcali.plebania.hu\/wp-content\/uploads\/2024\/01\/59-405x270.jpg 405w\" sizes=\"auto, (max-width: 1024px) 100vw, 1024px\" \/><\/figure>\n\n\n\n<figure class=\"wp-block-image size-large\"><img loading=\"lazy\" decoding=\"async\" width=\"1024\" height=\"683\" data-id=\"5586\" src=\"https:\/\/marcali.plebania.hu\/wp-content\/uploads\/2024\/01\/63-1024x683.jpg\" alt=\"\" class=\"wp-image-5586\" srcset=\"https:\/\/marcali.plebania.hu\/wp-content\/uploads\/2024\/01\/63-1024x683.jpg 1024w, https:\/\/marcali.plebania.hu\/wp-content\/uploads\/2024\/01\/63-300x200.jpg 300w, https:\/\/marcali.plebania.hu\/wp-content\/uploads\/2024\/01\/63-768x512.jpg 768w, https:\/\/marcali.plebania.hu\/wp-content\/uploads\/2024\/01\/63-1536x1024.jpg 1536w, https:\/\/marcali.plebania.hu\/wp-content\/uploads\/2024\/01\/63-2048x1365.jpg 2048w, https:\/\/marcali.plebania.hu\/wp-content\/uploads\/2024\/01\/63-405x270.jpg 405w\" sizes=\"auto, (max-width: 1024px) 100vw, 1024px\" \/><\/figure>\n\n\n\n<figure class=\"wp-block-image size-large\"><img loading=\"lazy\" decoding=\"async\" width=\"1024\" height=\"683\" data-id=\"5587\" src=\"https:\/\/marcali.plebania.hu\/wp-content\/uploads\/2024\/01\/64-1024x683.jpg\" alt=\"\" class=\"wp-image-5587\" srcset=\"https:\/\/marcali.plebania.hu\/wp-content\/uploads\/2024\/01\/64-1024x683.jpg 1024w, https:\/\/marcali.plebania.hu\/wp-content\/uploads\/2024\/01\/64-300x200.jpg 300w, https:\/\/marcali.plebania.hu\/wp-content\/uploads\/2024\/01\/64-768x512.jpg 768w, https:\/\/marcali.plebania.hu\/wp-content\/uploads\/2024\/01\/64-1536x1024.jpg 1536w, https:\/\/marcali.plebania.hu\/wp-content\/uploads\/2024\/01\/64-2048x1365.jpg 2048w, https:\/\/marcali.plebania.hu\/wp-content\/uploads\/2024\/01\/64-405x270.jpg 405w\" sizes=\"auto, (max-width: 1024px) 100vw, 1024px\" \/><\/figure>\n\n\n\n<figure class=\"wp-block-image size-large\"><img loading=\"lazy\" decoding=\"async\" width=\"1024\" height=\"683\" data-id=\"5590\" src=\"https:\/\/marcali.plebania.hu\/wp-content\/uploads\/2024\/01\/50-1024x683.jpg\" alt=\"\" class=\"wp-image-5590\" srcset=\"https:\/\/marcali.plebania.hu\/wp-content\/uploads\/2024\/01\/50-1024x683.jpg 1024w, https:\/\/marcali.plebania.hu\/wp-content\/uploads\/2024\/01\/50-300x200.jpg 300w, https:\/\/marcali.plebania.hu\/wp-content\/uploads\/2024\/01\/50-768x512.jpg 768w, https:\/\/marcali.plebania.hu\/wp-content\/uploads\/2024\/01\/50-1536x1024.jpg 1536w, https:\/\/marcali.plebania.hu\/wp-content\/uploads\/2024\/01\/50-2048x1365.jpg 2048w, https:\/\/marcali.plebania.hu\/wp-content\/uploads\/2024\/01\/50-405x270.jpg 405w\" sizes=\"auto, (max-width: 1024px) 100vw, 1024px\" \/><\/figure>\n<\/figure>\n\n\n\n<p> A szentmis\u00e9n \u2013 t\u00f6bbek k\u00f6z\u00f6tt \u2013 jelen voltak: M\u00f3ring J\u00f3zsef Attila korm\u00e1nybiztos, orsz\u00e1ggy\u0171l\u00e9si k\u00e9pvisel\u0151; Huszti G\u00e1bor, a Somogy V\u00e1rmegyei \u00d6nkorm\u00e1nyzat aleln\u00f6ke; G\u00f6nt\u00e9rn\u00e9 dr. Gyir\u00e1n Szilvia, a Somogy V\u00e1rmegyei Korm\u00e1nyhivatal Marcali J\u00e1r\u00e1si Hivatal hivatalvezet\u0151je; Feket\u00e9n\u00e9 Szab\u00f3 M\u00e1rta, a Kaposv\u00e1ri Egyh\u00e1zmegyei Karit\u00e1sz igazgat\u00f3ja; dr. S\u00fct\u0151 L\u00e1szl\u00f3 marcali polg\u00e1rmester; Gyur\u00e1kovics L\u00e1szl\u00f3 somogyv\u00e1ri polg\u00e1rmester; B\u00f6d\u0151n\u00e9 dr. Moln\u00e1r Ir\u00e1n c. marcali f\u0151jegyz\u0151; P\u00e1pain\u00e9 dr. K\u00e1pl\u00e1r Orsolya marcali aljegyz\u0151; Bereczk Bal\u00e1zs marcali alpolg\u00e1rmester; B\u00e1csics J\u00e1nos volt marcali alpolg\u00e1rmester; Keszty\u00fcs Attila, Kutor Veronika, dr. M\u00e9sz\u00e1ros G\u00e9za, \u00e9s Moln\u00e1r \u00c1gnes Anna \u00f6nkorm\u00e1nyzati k\u00e9pvisel\u0151k; Fazekas Kriszti\u00e1n \u00c1rp\u00e1d reform\u00e1tus lelkip\u00e1sztor; Kuti G\u00e1bor t\u0171zolt\u00f3 \u0151rnagy, marcali t\u0171zolt\u00f3parancsnok; K\u0151r\u00f6si Andr\u00e1s, a Marcali Berzsenyi D\u00e1niel Gimn\u00e1zium igazgat\u00f3ja; Patk\u00f3 Imre a Noszlopy G\u00e1sp\u00e1r \u00c1ltal\u00e1nos \u00e9s Alapfok\u00fa M\u0171v\u00e9szeti Iskola; \u00e9s Gad\u00e1nyin\u00e9 Lutor M\u00f3nika a Miksz\u00e1th K\u00e1lm\u00e1n \u00c1ltal\u00e1nos Iskola int\u00e9zm\u00e9nyvezet\u0151je; Koll\u00e1r R\u00f3bert, az X egyik alap\u00edt\u00f3ja \u00e9s vezet\u0151je; tov\u00e1bb\u00e1 a Marcali (benne a bizei, a Boldog Gizella templom, \u00e9s Gomba k\u00f6z\u00f6ss\u00e9gei), valamint a balatonf\u00f6ldv\u00e1ri, a k\u0151r\u00f6shegyi, a l\u00e1tr\u00e1nyi, a somogyv\u00e1ri, a somogyv\u00e1mosi, a v\u00e1rv\u00f6lgyi egyh\u00e1zk\u00f6zs\u00e9gek tagjai, h\u00edvei is ler\u00f3tt\u00e1k kegyelet\u00fcket.<\/p>\n\n\n\n<figure class=\"wp-block-gallery has-nested-images columns-default is-cropped wp-block-gallery-6 is-layout-flex wp-block-gallery-is-layout-flex\">\n<figure class=\"wp-block-image size-large\"><img loading=\"lazy\" decoding=\"async\" width=\"1024\" height=\"683\" data-id=\"5594\" src=\"https:\/\/marcali.plebania.hu\/wp-content\/uploads\/2024\/01\/75-1024x683.jpg\" alt=\"\" class=\"wp-image-5594\" srcset=\"https:\/\/marcali.plebania.hu\/wp-content\/uploads\/2024\/01\/75-1024x683.jpg 1024w, https:\/\/marcali.plebania.hu\/wp-content\/uploads\/2024\/01\/75-300x200.jpg 300w, https:\/\/marcali.plebania.hu\/wp-content\/uploads\/2024\/01\/75-768x512.jpg 768w, https:\/\/marcali.plebania.hu\/wp-content\/uploads\/2024\/01\/75-1536x1024.jpg 1536w, https:\/\/marcali.plebania.hu\/wp-content\/uploads\/2024\/01\/75-2048x1365.jpg 2048w, https:\/\/marcali.plebania.hu\/wp-content\/uploads\/2024\/01\/75-405x270.jpg 405w\" sizes=\"auto, (max-width: 1024px) 100vw, 1024px\" \/><\/figure>\n\n\n\n<figure class=\"wp-block-image size-large\"><img loading=\"lazy\" decoding=\"async\" width=\"1024\" height=\"683\" data-id=\"5593\" src=\"https:\/\/marcali.plebania.hu\/wp-content\/uploads\/2024\/01\/78-1024x683.jpg\" alt=\"\" class=\"wp-image-5593\" srcset=\"https:\/\/marcali.plebania.hu\/wp-content\/uploads\/2024\/01\/78-1024x683.jpg 1024w, https:\/\/marcali.plebania.hu\/wp-content\/uploads\/2024\/01\/78-300x200.jpg 300w, https:\/\/marcali.plebania.hu\/wp-content\/uploads\/2024\/01\/78-768x512.jpg 768w, https:\/\/marcali.plebania.hu\/wp-content\/uploads\/2024\/01\/78-1536x1024.jpg 1536w, https:\/\/marcali.plebania.hu\/wp-content\/uploads\/2024\/01\/78-2048x1365.jpg 2048w, https:\/\/marcali.plebania.hu\/wp-content\/uploads\/2024\/01\/78-405x270.jpg 405w\" sizes=\"auto, (max-width: 1024px) 100vw, 1024px\" \/><\/figure>\n\n\n\n<figure class=\"wp-block-image size-large\"><img loading=\"lazy\" decoding=\"async\" width=\"1024\" height=\"683\" data-id=\"5595\" src=\"https:\/\/marcali.plebania.hu\/wp-content\/uploads\/2024\/01\/90-1024x683.jpg\" alt=\"\" class=\"wp-image-5595\" srcset=\"https:\/\/marcali.plebania.hu\/wp-content\/uploads\/2024\/01\/90-1024x683.jpg 1024w, https:\/\/marcali.plebania.hu\/wp-content\/uploads\/2024\/01\/90-300x200.jpg 300w, https:\/\/marcali.plebania.hu\/wp-content\/uploads\/2024\/01\/90-768x512.jpg 768w, https:\/\/marcali.plebania.hu\/wp-content\/uploads\/2024\/01\/90-1536x1024.jpg 1536w, https:\/\/marcali.plebania.hu\/wp-content\/uploads\/2024\/01\/90-2048x1365.jpg 2048w, https:\/\/marcali.plebania.hu\/wp-content\/uploads\/2024\/01\/90-405x270.jpg 405w\" sizes=\"auto, (max-width: 1024px) 100vw, 1024px\" \/><\/figure>\n\n\n\n<figure class=\"wp-block-image size-large\"><img loading=\"lazy\" decoding=\"async\" width=\"1024\" height=\"683\" data-id=\"5596\" src=\"https:\/\/marcali.plebania.hu\/wp-content\/uploads\/2024\/01\/98-1024x683.jpg\" alt=\"\" class=\"wp-image-5596\" srcset=\"https:\/\/marcali.plebania.hu\/wp-content\/uploads\/2024\/01\/98-1024x683.jpg 1024w, https:\/\/marcali.plebania.hu\/wp-content\/uploads\/2024\/01\/98-300x200.jpg 300w, https:\/\/marcali.plebania.hu\/wp-content\/uploads\/2024\/01\/98-768x512.jpg 768w, https:\/\/marcali.plebania.hu\/wp-content\/uploads\/2024\/01\/98-1536x1024.jpg 1536w, https:\/\/marcali.plebania.hu\/wp-content\/uploads\/2024\/01\/98-2048x1365.jpg 2048w, https:\/\/marcali.plebania.hu\/wp-content\/uploads\/2024\/01\/98-405x270.jpg 405w\" sizes=\"auto, (max-width: 1024px) 100vw, 1024px\" \/><\/figure>\n<\/figure>\n\n\n\n<p>Az egyh\u00e1zk\u00f6zs\u00e9g megk\u00f6sz\u00f6ni a Marcali Rend\u0151rkapit\u00e1nys\u00e1g \u00e9s a polg\u00e1r\u0151r\u00f6k szolg\u00e1lat\u00e1t a szentmise, valamint a temet\u00e9s zavartalan lebonyol\u00edt\u00e1s\u00e1ban val\u00f3 k\u00f6zrem\u0171k\u00f6d\u00e9s\u00e9\u00e9rt; tov\u00e1bb\u00e1 a TaviTV munkat\u00e1rsainak pedig a gy\u00e1szmise \u00e9l\u0151 k\u00f6zvet\u00edt\u00e9s\u00e9\u00e9rt.<\/p>\n\n\n\n<figure class=\"wp-block-image size-large\"><img loading=\"lazy\" decoding=\"async\" width=\"1024\" height=\"683\" src=\"https:\/\/marcali.plebania.hu\/wp-content\/uploads\/2024\/01\/100-1024x683.jpg\" alt=\"\" class=\"wp-image-5597\" srcset=\"https:\/\/marcali.plebania.hu\/wp-content\/uploads\/2024\/01\/100-1024x683.jpg 1024w, https:\/\/marcali.plebania.hu\/wp-content\/uploads\/2024\/01\/100-300x200.jpg 300w, https:\/\/marcali.plebania.hu\/wp-content\/uploads\/2024\/01\/100-768x512.jpg 768w, https:\/\/marcali.plebania.hu\/wp-content\/uploads\/2024\/01\/100-1536x1024.jpg 1536w, https:\/\/marcali.plebania.hu\/wp-content\/uploads\/2024\/01\/100-2048x1365.jpg 2048w, https:\/\/marcali.plebania.hu\/wp-content\/uploads\/2024\/01\/100-405x270.jpg 405w\" sizes=\"auto, (max-width: 1024px) 100vw, 1024px\" \/><\/figure>\n\n\n\n<p>\u00cdrta \u00e9s fot\u00f3k: Kiss K\u00e1lm\u00e1n<\/p>\n","protected":false},"excerpt":{"rendered":"<p>2024. janu\u00e1r 23-\u00e1n, kedden reggel ravatalozt\u00e1k fel Kiss Iv\u00e1n c, pr\u00e9post, ny. pl\u00e9b\u00e1nos kopors\u00f3j\u00e1t a Marcali Gy\u00fcm\u00f6lcsolt\u00f3 Boldogasszony pl\u00e9b\u00e1niatemplomban. 9 \u00f3r\u00e1t\u00f3l a J\u00e9zus Testv\u00e9rei Kisk\u00f6z\u00f6ss\u00e9g, az Engesztel\u0151 Imak\u00f6r \u00e9s a R\u00f3zsaf\u00fcz\u00e9r T\u00e1rsulat tagjainak ima\u00f3r\u00e1ja \u00e9s r\u00f3zsaf\u00fcz\u00e9r im\u00e1ds\u00e1ga kezd\u0151d\u00f6tt, mik\u00f6zben a F\u00e9ny Gyermekei Katolikus Zenekar egyh\u00e1zi, git\u00e1ros \u00e9nekekkel b\u00facs\u00fazott a k\u00f6zelm\u00faltban elhunyt pl\u00e9b\u00e1nost\u00f3l. A lelki \u00fcdv\u00e9\u00e9rt Varga L\u00e1szl\u00f3 kaposv\u00e1ri megy\u00e9sp\u00fcsp\u00f6k celebr\u00e1l\u00e1s\u00e1val 10 \u00f3rakor kezd\u0151d\u00f6tt a gy\u00e1szmise, melyen Bal\u00e1s B\u00e9la emeritus p\u00fcsp\u00f6k \u00e9s mintegy 50 paptestv\u00e9r vett r\u00e9szt a rokons\u00e1g, valamint a&#8230;<\/p>\n<p class=\"read-more\"><a class=\"btn btn-default\" href=\"https:\/\/marcali.plebania.hu\/?p=5563\"> Read More<span class=\"screen-reader-text\">  Read More<\/span><\/a><\/p>\n","protected":false},"author":2,"featured_media":0,"comment_status":"closed","ping_status":"open","sticky":false,"template":"","format":"standard","meta":{"footnotes":""},"categories":[1],"tags":[],"class_list":["post-5563","post","type-post","status-publish","format-standard","hentry","category-egyeb"],"_links":{"self":[{"href":"https:\/\/marcali.plebania.hu\/index.php?rest_route=\/wp\/v2\/posts\/5563","targetHints":{"allow":["GET"]}}],"collection":[{"href":"https:\/\/marcali.plebania.hu\/index.php?rest_route=\/wp\/v2\/posts"}],"about":[{"href":"https:\/\/marcali.plebania.hu\/index.php?rest_route=\/wp\/v2\/types\/post"}],"author":[{"embeddable":true,"href":"https:\/\/marcali.plebania.hu\/index.php?rest_route=\/wp\/v2\/users\/2"}],"replies":[{"embeddable":true,"href":"https:\/\/marcali.plebania.hu\/index.php?rest_route=%2Fwp%2Fv2%2Fcomments&post=5563"}],"version-history":[{"count":1,"href":"https:\/\/marcali.plebania.hu\/index.php?rest_route=\/wp\/v2\/posts\/5563\/revisions"}],"predecessor-version":[{"id":5598,"href":"https:\/\/marcali.plebania.hu\/index.php?rest_route=\/wp\/v2\/posts\/5563\/revisions\/5598"}],"wp:attachment":[{"href":"https:\/\/marcali.plebania.hu\/index.php?rest_route=%2Fwp%2Fv2%2Fmedia&parent=5563"}],"wp:term":[{"taxonomy":"category","embeddable":true,"href":"https:\/\/marcali.plebania.hu\/index.php?rest_route=%2Fwp%2Fv2%2Fcategories&post=5563"},{"taxonomy":"post_tag","embeddable":true,"href":"https:\/\/marcali.plebania.hu\/index.php?rest_route=%2Fwp%2Fv2%2Ftags&post=5563"}],"curies":[{"name":"wp","href":"https:\/\/api.w.org\/{rel}","templated":true}]}}