{"id":5599,"date":"2024-01-30T14:23:36","date_gmt":"2024-01-30T14:23:36","guid":{"rendered":"https:\/\/marcali.plebania.hu\/?p=5599"},"modified":"2024-01-30T14:23:36","modified_gmt":"2024-01-30T14:23:36","slug":"hirdetesek-2024-januar-28-an","status":"publish","type":"post","link":"https:\/\/marcali.plebania.hu\/?p=5599","title":{"rendered":"Hirdet\u00e9sek 2024. janu\u00e1r 28-\u00e1n"},"content":{"rendered":"\n<p><strong><a href=\"https:\/\/igenaptar.katolikus.hu\/2024\/nap\/index.php?holnap=2024-01-28\" target=\"_blank\" rel=\"noreferrer noopener\"><u>\u00c9vk\u00f6zi 4. vas\u00e1rnap<\/u><\/a><\/strong><strong><\/strong><\/p>\n\n\n\n<ol class=\"wp-block-list\" start=\"1\">\n<li>K\u00f6sz\u00f6net az Iv\u00e1n aty\u00e1\u00e9rt v\u00e9gzett im\u00e1ds\u00e1g\u00e9rt \u00e9s a t\u0151le val\u00f3 m\u00e9lt\u00f3 b\u00facs\u00fav\u00e9tel\u00e9rt tett minden f\u00e1rads\u00e1g\u00e9rt. K\u00f6sz\u00f6nj\u00fck az \u00f6kumenikus imah\u00e9t alkalmain val\u00f3 k\u00f6z\u00f6ss\u00e9gv\u00e1llal\u00e1st \u00e9s im\u00e1ds\u00e1got is.<\/li>\n\n\n\n<li><strong>Hittanos farsang<\/strong>unk ma 14 \u00f3rakor kezd\u0151dik az X-h\u00e1zban (D\u00f3zsa Gy. u.3.).<\/li>\n\n\n\n<li>A <strong>F\u00e9rfi-k\u00f6r<\/strong> k\u00f6vetkez\u0151 tal\u00e1lkoz\u00f3ja szerd\u00e1n 17:45-kor kezd\u0151dik a pl\u00e9b\u00e1ni\u00e1n, a <strong>feln\u0151tt<\/strong>eknek sz\u00f3l\u00f3 <strong>hittan<\/strong> \u00e9s szents\u00e9gi felk\u00e9sz\u00edt\u0151 pedig cs\u00fct\u00f6rt\u00f6k\u00f6n ugyanekkor.<\/li>\n\n\n\n<li>Gyertyaszentel\u0151 Boldogasszony \u00fcnnep\u00e9n, p\u00e9nteken a szentmis\u00e9t <strong>gyertyaszentel\u00e9s<\/strong>sel kezdj\u00fck.<\/li>\n\n\n\n<li>A szombat esti \u00e9s a j\u00f6v\u0151 vas\u00e1rnapi (febr. 3. \u00e9s 4.) szentmis\u00e9k v\u00e9g\u00e9n <strong>Bal\u00e1zs-\u00e1ld\u00e1s<\/strong>t k\u00e9rhet mag\u00e1\u00e9rt minden jelenl\u00e9v\u0151, torokbetegs\u00e9g \u00e9s minden m\u00e1s baj ellen.<\/li>\n\n\n\n<li>A betegek vil\u00e1gnapja alkalm\u00e1b\u00f3l febru\u00e1r 10-\u00e9n \u00e9s 11-\u00e9n a szentmis\u00e9kben lehet\u0151s\u00e9g lesz a <strong>betegek kenet\u00e9<\/strong>ben r\u00e9szes\u00fclni. Ez a szents\u00e9g a gy\u00f3gyul\u00e1s szents\u00e9ge, a neh\u00e9zs\u00e9geinkben is vel\u00fcnk l\u00e9v\u0151 Isten aj\u00e1nd\u00e9ka: a szent kenet meger\u0151s\u00edt az Istenbe vetett bizalomban, er\u0151t ad a k\u00eds\u00e9rt\u00e9sek ellen, s alkalmass\u00e1 tesz arra, hogy a betegs\u00e9get er\u0151s l\u00e9lekkel viselj\u00fck; seg\u00edti gy\u00f3gyul\u00e1sunkat, ha az szolg\u00e1l \u00fcdv\u00f6ss\u00e9g\u00fcnkre, illetve, ha f\u00f6ldi \u00e9let\u00fcnk v\u00e9g\u00e9hez \u00e9r\u00fcnk, \u00e1ltala k\u00e9rj\u00fck Isten seg\u00edts\u00e9g\u00e9t, hogy Bel\u00e9 vetett hittel \u00e9s bizalommal l\u00e9pj\u00fcnk \u00e1t a f\u00f6ldib\u0151l az \u00f6r\u00f6k \u00e9letbe. Az Egyh\u00e1zi T\u00f6rv\u00e9nyk\u00f6nyv megfogalmaz\u00e1sa szerint az a katolikus h\u00edv\u0151 k\u00e9rheti e szents\u00e9get, \u201eaki betegs\u00e9g vagy \u00f6regs\u00e9g miatt vesz\u00e9lybe ker\u00fcl.\u201d Meg lehet ism\u00e9telni, ha a beteg fel\u00e9p\u00fcl\u00e9se ut\u00e1n \u00fajra s\u00falyos betegs\u00e9gbe esik, vagy a vesz\u00e9ly s\u00falyosabb\u00e1 v\u00e1lik. (1004. k\u00e1non) A szents\u00e9g felv\u00e9tele a kegyelmi \u00e1llapotot k\u00edv\u00e1nja, szentgy\u00f3n\u00e1ssal is k\u00e9sz\u00fclj\u00fcnk r\u00e1!<\/li>\n<\/ol>\n","protected":false},"excerpt":{"rendered":"<p>\u00c9vk\u00f6zi 4. vas\u00e1rnap<\/p>\n","protected":false},"author":2,"featured_media":0,"comment_status":"closed","ping_status":"open","sticky":false,"template":"","format":"standard","meta":{"footnotes":""},"categories":[1],"tags":[],"class_list":["post-5599","post","type-post","status-publish","format-standard","hentry","category-egyeb"],"_links":{"self":[{"href":"https:\/\/marcali.plebania.hu\/index.php?rest_route=\/wp\/v2\/posts\/5599","targetHints":{"allow":["GET"]}}],"collection":[{"href":"https:\/\/marcali.plebania.hu\/index.php?rest_route=\/wp\/v2\/posts"}],"about":[{"href":"https:\/\/marcali.plebania.hu\/index.php?rest_route=\/wp\/v2\/types\/post"}],"author":[{"embeddable":true,"href":"https:\/\/marcali.plebania.hu\/index.php?rest_route=\/wp\/v2\/users\/2"}],"replies":[{"embeddable":true,"href":"https:\/\/marcali.plebania.hu\/index.php?rest_route=%2Fwp%2Fv2%2Fcomments&post=5599"}],"version-history":[{"count":1,"href":"https:\/\/marcali.plebania.hu\/index.php?rest_route=\/wp\/v2\/posts\/5599\/revisions"}],"predecessor-version":[{"id":5600,"href":"https:\/\/marcali.plebania.hu\/index.php?rest_route=\/wp\/v2\/posts\/5599\/revisions\/5600"}],"wp:attachment":[{"href":"https:\/\/marcali.plebania.hu\/index.php?rest_route=%2Fwp%2Fv2%2Fmedia&parent=5599"}],"wp:term":[{"taxonomy":"category","embeddable":true,"href":"https:\/\/marcali.plebania.hu\/index.php?rest_route=%2Fwp%2Fv2%2Fcategories&post=5599"},{"taxonomy":"post_tag","embeddable":true,"href":"https:\/\/marcali.plebania.hu\/index.php?rest_route=%2Fwp%2Fv2%2Ftags&post=5599"}],"curies":[{"name":"wp","href":"https:\/\/api.w.org\/{rel}","templated":true}]}}