{"id":5601,"date":"2024-01-30T14:31:56","date_gmt":"2024-01-30T14:31:56","guid":{"rendered":"https:\/\/marcali.plebania.hu\/?p=5601"},"modified":"2024-01-30T14:31:56","modified_gmt":"2024-01-30T14:31:56","slug":"hittanos-farsang-2024","status":"publish","type":"post","link":"https:\/\/marcali.plebania.hu\/?p=5601","title":{"rendered":"Hittanos farsang 2024"},"content":{"rendered":"\n<p>2024. janu\u00e1r 28-\u00e1n, vas\u00e1rnap 14-17 \u00f3ra k\u00f6z\u00f6tt tartott\u00e1k meg a hagyom\u00e1nyos hittanos farsangot az X-h\u00e1z (D\u00f3zsa u. 3.) nagyterm\u00e9ben.<\/p>\n\n\n\n<figure class=\"wp-block-gallery has-nested-images columns-default is-cropped wp-block-gallery-1 is-layout-flex wp-block-gallery-is-layout-flex\">\n<figure class=\"wp-block-image size-large\"><img loading=\"lazy\" decoding=\"async\" width=\"1024\" height=\"683\" data-id=\"5602\" src=\"https:\/\/marcali.plebania.hu\/wp-content\/uploads\/2024\/01\/87-1024x683.jpg\" alt=\"\" class=\"wp-image-5602\" srcset=\"https:\/\/marcali.plebania.hu\/wp-content\/uploads\/2024\/01\/87-1024x683.jpg 1024w, https:\/\/marcali.plebania.hu\/wp-content\/uploads\/2024\/01\/87-300x200.jpg 300w, https:\/\/marcali.plebania.hu\/wp-content\/uploads\/2024\/01\/87-768x512.jpg 768w, https:\/\/marcali.plebania.hu\/wp-content\/uploads\/2024\/01\/87-1536x1024.jpg 1536w, https:\/\/marcali.plebania.hu\/wp-content\/uploads\/2024\/01\/87-2048x1365.jpg 2048w, https:\/\/marcali.plebania.hu\/wp-content\/uploads\/2024\/01\/87-405x270.jpg 405w\" sizes=\"auto, (max-width: 1024px) 100vw, 1024px\" \/><\/figure>\n<\/figure>\n\n\n\n<p> A megjelent di\u00e1kokat \u00e9s sz\u00fcl\u0151ket Tomanek Ferenc \u00c1ron atya k\u00f6sz\u00f6nt\u00f6tte, majd hitoktat\u00f3kkal egy\u00fctt \u2013 Bojtorn\u00e9 Kir\u00e1ly M\u00e1rta, dr. Gyulain\u00e9 Domj\u00e1n Zsuzsanna \u00e9s Pozsonyin\u00e9 Kiss M\u00e1ria \u2013 egy kis meglepet\u00e9s bemutat\u00f3val k\u00e9sz\u00fcltek: ugyanis \u0151k is be\u00f6lt\u00f6ztek a vil\u00e1g n\u00e9peinek n\u00e9melyik\u00e9t jelen\u00edtett\u00e9k meg. Ezt k\u00f6vet\u0151en kezd\u0151d\u00f6tt a jelmezverseny, amely olyan nagy \u00e9rdekl\u0151d\u00e9sre tartott sz\u00e1mot, hogy minden eddigin\u00e9l t\u00f6bb, \u00f6sszesen 60 k\u00fcl\u00f6nf\u00e9le \u00f6tletes maskara vonult fel a n\u00e9gytag\u00fa szak\u00e9rt\u0151 zs\u0171ri el\u0151tt.<\/p>\n\n\n\n<figure class=\"wp-block-gallery has-nested-images columns-default is-cropped wp-block-gallery-2 is-layout-flex wp-block-gallery-is-layout-flex\">\n<figure class=\"wp-block-image size-large\"><img loading=\"lazy\" decoding=\"async\" width=\"1024\" height=\"683\" data-id=\"5604\" src=\"https:\/\/marcali.plebania.hu\/wp-content\/uploads\/2024\/01\/01-4-1024x683.jpg\" alt=\"\" class=\"wp-image-5604\" srcset=\"https:\/\/marcali.plebania.hu\/wp-content\/uploads\/2024\/01\/01-4-1024x683.jpg 1024w, https:\/\/marcali.plebania.hu\/wp-content\/uploads\/2024\/01\/01-4-300x200.jpg 300w, https:\/\/marcali.plebania.hu\/wp-content\/uploads\/2024\/01\/01-4-768x512.jpg 768w, https:\/\/marcali.plebania.hu\/wp-content\/uploads\/2024\/01\/01-4-1536x1024.jpg 1536w, https:\/\/marcali.plebania.hu\/wp-content\/uploads\/2024\/01\/01-4-2048x1365.jpg 2048w, https:\/\/marcali.plebania.hu\/wp-content\/uploads\/2024\/01\/01-4-405x270.jpg 405w\" sizes=\"auto, (max-width: 1024px) 100vw, 1024px\" \/><\/figure>\n\n\n\n<figure class=\"wp-block-image size-large\"><img loading=\"lazy\" decoding=\"async\" width=\"1024\" height=\"683\" data-id=\"5607\" src=\"https:\/\/marcali.plebania.hu\/wp-content\/uploads\/2024\/01\/09-4-1024x683.jpg\" alt=\"\" class=\"wp-image-5607\" srcset=\"https:\/\/marcali.plebania.hu\/wp-content\/uploads\/2024\/01\/09-4-1024x683.jpg 1024w, https:\/\/marcali.plebania.hu\/wp-content\/uploads\/2024\/01\/09-4-300x200.jpg 300w, https:\/\/marcali.plebania.hu\/wp-content\/uploads\/2024\/01\/09-4-768x512.jpg 768w, https:\/\/marcali.plebania.hu\/wp-content\/uploads\/2024\/01\/09-4-1536x1024.jpg 1536w, https:\/\/marcali.plebania.hu\/wp-content\/uploads\/2024\/01\/09-4-2048x1365.jpg 2048w, https:\/\/marcali.plebania.hu\/wp-content\/uploads\/2024\/01\/09-4-405x270.jpg 405w\" sizes=\"auto, (max-width: 1024px) 100vw, 1024px\" \/><\/figure>\n\n\n\n<figure class=\"wp-block-image size-large\"><img loading=\"lazy\" decoding=\"async\" width=\"1024\" height=\"683\" data-id=\"5609\" src=\"https:\/\/marcali.plebania.hu\/wp-content\/uploads\/2024\/01\/19-1024x683.jpg\" alt=\"\" class=\"wp-image-5609\" srcset=\"https:\/\/marcali.plebania.hu\/wp-content\/uploads\/2024\/01\/19-1024x683.jpg 1024w, https:\/\/marcali.plebania.hu\/wp-content\/uploads\/2024\/01\/19-300x200.jpg 300w, https:\/\/marcali.plebania.hu\/wp-content\/uploads\/2024\/01\/19-768x512.jpg 768w, https:\/\/marcali.plebania.hu\/wp-content\/uploads\/2024\/01\/19-1536x1024.jpg 1536w, https:\/\/marcali.plebania.hu\/wp-content\/uploads\/2024\/01\/19-2048x1365.jpg 2048w, https:\/\/marcali.plebania.hu\/wp-content\/uploads\/2024\/01\/19-405x270.jpg 405w\" sizes=\"auto, (max-width: 1024px) 100vw, 1024px\" \/><\/figure>\n\n\n\n<figure class=\"wp-block-image size-large\"><img loading=\"lazy\" decoding=\"async\" width=\"1024\" height=\"683\" data-id=\"5608\" src=\"https:\/\/marcali.plebania.hu\/wp-content\/uploads\/2024\/01\/15-1-1024x683.jpg\" alt=\"\" class=\"wp-image-5608\" srcset=\"https:\/\/marcali.plebania.hu\/wp-content\/uploads\/2024\/01\/15-1-1024x683.jpg 1024w, https:\/\/marcali.plebania.hu\/wp-content\/uploads\/2024\/01\/15-1-300x200.jpg 300w, https:\/\/marcali.plebania.hu\/wp-content\/uploads\/2024\/01\/15-1-768x512.jpg 768w, https:\/\/marcali.plebania.hu\/wp-content\/uploads\/2024\/01\/15-1-1536x1024.jpg 1536w, https:\/\/marcali.plebania.hu\/wp-content\/uploads\/2024\/01\/15-1-2048x1365.jpg 2048w, https:\/\/marcali.plebania.hu\/wp-content\/uploads\/2024\/01\/15-1-405x270.jpg 405w\" sizes=\"auto, (max-width: 1024px) 100vw, 1024px\" \/><\/figure>\n<\/figure>\n\n\n\n<p>A tov\u00e1bbi m\u0171sorban zene, t\u00e1nc, f\u00e1nkev\u0151 verseny, sz\u00e9kfoglal\u00f3 j\u00e1t\u00e9k, tombola sz\u00ednes\u00edtette a programot, valamint szendvicsek, s\u00fctem\u00e9nyek \u00e9s friss\u00edt\u0151k is rendelkez\u00e9sre \u00e1lltak a sz\u00fcl\u0151k j\u00f3volt\u00e1b\u00f3l.<\/p>\n\n\n\n<figure class=\"wp-block-gallery has-nested-images columns-default is-cropped wp-block-gallery-3 is-layout-flex wp-block-gallery-is-layout-flex\">\n<figure class=\"wp-block-image size-large\"><img loading=\"lazy\" decoding=\"async\" width=\"1024\" height=\"683\" data-id=\"5614\" src=\"https:\/\/marcali.plebania.hu\/wp-content\/uploads\/2024\/01\/90-1-1024x683.jpg\" alt=\"\" class=\"wp-image-5614\" srcset=\"https:\/\/marcali.plebania.hu\/wp-content\/uploads\/2024\/01\/90-1-1024x683.jpg 1024w, https:\/\/marcali.plebania.hu\/wp-content\/uploads\/2024\/01\/90-1-300x200.jpg 300w, https:\/\/marcali.plebania.hu\/wp-content\/uploads\/2024\/01\/90-1-768x512.jpg 768w, https:\/\/marcali.plebania.hu\/wp-content\/uploads\/2024\/01\/90-1-1536x1024.jpg 1536w, https:\/\/marcali.plebania.hu\/wp-content\/uploads\/2024\/01\/90-1-2048x1365.jpg 2048w, https:\/\/marcali.plebania.hu\/wp-content\/uploads\/2024\/01\/90-1-405x270.jpg 405w\" sizes=\"auto, (max-width: 1024px) 100vw, 1024px\" \/><\/figure>\n\n\n\n<figure class=\"wp-block-image size-large\"><img loading=\"lazy\" decoding=\"async\" width=\"1024\" height=\"683\" data-id=\"5616\" src=\"https:\/\/marcali.plebania.hu\/wp-content\/uploads\/2024\/01\/100-1-1024x683.jpg\" alt=\"\" class=\"wp-image-5616\" srcset=\"https:\/\/marcali.plebania.hu\/wp-content\/uploads\/2024\/01\/100-1-1024x683.jpg 1024w, https:\/\/marcali.plebania.hu\/wp-content\/uploads\/2024\/01\/100-1-300x200.jpg 300w, https:\/\/marcali.plebania.hu\/wp-content\/uploads\/2024\/01\/100-1-768x512.jpg 768w, https:\/\/marcali.plebania.hu\/wp-content\/uploads\/2024\/01\/100-1-1536x1024.jpg 1536w, https:\/\/marcali.plebania.hu\/wp-content\/uploads\/2024\/01\/100-1-2048x1365.jpg 2048w, https:\/\/marcali.plebania.hu\/wp-content\/uploads\/2024\/01\/100-1-405x270.jpg 405w\" sizes=\"auto, (max-width: 1024px) 100vw, 1024px\" \/><\/figure>\n\n\n\n<figure class=\"wp-block-image size-large\"><img loading=\"lazy\" decoding=\"async\" width=\"1024\" height=\"683\" data-id=\"5615\" src=\"https:\/\/marcali.plebania.hu\/wp-content\/uploads\/2024\/01\/95-1024x683.jpg\" alt=\"\" class=\"wp-image-5615\" srcset=\"https:\/\/marcali.plebania.hu\/wp-content\/uploads\/2024\/01\/95-1024x683.jpg 1024w, https:\/\/marcali.plebania.hu\/wp-content\/uploads\/2024\/01\/95-300x200.jpg 300w, https:\/\/marcali.plebania.hu\/wp-content\/uploads\/2024\/01\/95-768x512.jpg 768w, https:\/\/marcali.plebania.hu\/wp-content\/uploads\/2024\/01\/95-1536x1024.jpg 1536w, https:\/\/marcali.plebania.hu\/wp-content\/uploads\/2024\/01\/95-2048x1365.jpg 2048w, https:\/\/marcali.plebania.hu\/wp-content\/uploads\/2024\/01\/95-405x270.jpg 405w\" sizes=\"auto, (max-width: 1024px) 100vw, 1024px\" \/><\/figure>\n\n\n\n<figure class=\"wp-block-image size-large\"><img loading=\"lazy\" decoding=\"async\" width=\"1024\" height=\"683\" data-id=\"5611\" src=\"https:\/\/marcali.plebania.hu\/wp-content\/uploads\/2024\/01\/107-1024x683.jpg\" alt=\"\" class=\"wp-image-5611\" srcset=\"https:\/\/marcali.plebania.hu\/wp-content\/uploads\/2024\/01\/107-1024x683.jpg 1024w, https:\/\/marcali.plebania.hu\/wp-content\/uploads\/2024\/01\/107-300x200.jpg 300w, https:\/\/marcali.plebania.hu\/wp-content\/uploads\/2024\/01\/107-768x512.jpg 768w, https:\/\/marcali.plebania.hu\/wp-content\/uploads\/2024\/01\/107-1536x1024.jpg 1536w, https:\/\/marcali.plebania.hu\/wp-content\/uploads\/2024\/01\/107-2048x1365.jpg 2048w, https:\/\/marcali.plebania.hu\/wp-content\/uploads\/2024\/01\/107-405x270.jpg 405w\" sizes=\"auto, (max-width: 1024px) 100vw, 1024px\" \/><\/figure>\n<\/figure>\n\n\n\n<p>K\u00f6sz\u00f6net az egyh\u00e1zk\u00f6zs\u00e9gnek, a szervez\u0151knek, k\u00f6zrem\u0171k\u00f6d\u0151knek, valamint a sz\u00fcl\u0151knek, hogy siker\u00fclt egy vid\u00e1m hangulat\u00fa \u00e9s eml\u00e9kezetes farsangot var\u00e1zsolni a gyermekeknek.<\/p>\n\n\n\n<p><\/p>\n\n\n\n<p>\u00cdrta \u00e9s fot\u00f3k: Kiss K\u00e1lm\u00e1n<\/p>\n","protected":false},"excerpt":{"rendered":"<p>2024. janu\u00e1r 28-\u00e1n, vas\u00e1rnap 14-17 \u00f3ra k\u00f6z\u00f6tt tartott\u00e1k meg a hagyom\u00e1nyos hittanos farsangot az X-h\u00e1z (D\u00f3zsa u. 3.) nagyterm\u00e9ben. A megjelent di\u00e1kokat \u00e9s sz\u00fcl\u0151ket Tomanek Ferenc \u00c1ron atya k\u00f6sz\u00f6nt\u00f6tte, majd hitoktat\u00f3kkal egy\u00fctt \u2013 Bojtorn\u00e9 Kir\u00e1ly M\u00e1rta, dr. Gyulain\u00e9 Domj\u00e1n Zsuzsanna \u00e9s Pozsonyin\u00e9 Kiss M\u00e1ria \u2013 egy kis meglepet\u00e9s bemutat\u00f3val k\u00e9sz\u00fcltek: ugyanis \u0151k is be\u00f6lt\u00f6ztek a vil\u00e1g n\u00e9peinek n\u00e9melyik\u00e9t jelen\u00edtett\u00e9k meg. Ezt k\u00f6vet\u0151en kezd\u0151d\u00f6tt a jelmezverseny, amely olyan nagy \u00e9rdekl\u0151d\u00e9sre tartott sz\u00e1mot, hogy minden eddigin\u00e9l t\u00f6bb, \u00f6sszesen 60 k\u00fcl\u00f6nf\u00e9le \u00f6tletes maskara&#8230;<\/p>\n<p class=\"read-more\"><a class=\"btn btn-default\" href=\"https:\/\/marcali.plebania.hu\/?p=5601\"> Read More<span class=\"screen-reader-text\">  Read More<\/span><\/a><\/p>\n","protected":false},"author":2,"featured_media":0,"comment_status":"closed","ping_status":"open","sticky":false,"template":"","format":"standard","meta":{"footnotes":""},"categories":[1],"tags":[],"class_list":["post-5601","post","type-post","status-publish","format-standard","hentry","category-egyeb"],"_links":{"self":[{"href":"https:\/\/marcali.plebania.hu\/index.php?rest_route=\/wp\/v2\/posts\/5601","targetHints":{"allow":["GET"]}}],"collection":[{"href":"https:\/\/marcali.plebania.hu\/index.php?rest_route=\/wp\/v2\/posts"}],"about":[{"href":"https:\/\/marcali.plebania.hu\/index.php?rest_route=\/wp\/v2\/types\/post"}],"author":[{"embeddable":true,"href":"https:\/\/marcali.plebania.hu\/index.php?rest_route=\/wp\/v2\/users\/2"}],"replies":[{"embeddable":true,"href":"https:\/\/marcali.plebania.hu\/index.php?rest_route=%2Fwp%2Fv2%2Fcomments&post=5601"}],"version-history":[{"count":1,"href":"https:\/\/marcali.plebania.hu\/index.php?rest_route=\/wp\/v2\/posts\/5601\/revisions"}],"predecessor-version":[{"id":5617,"href":"https:\/\/marcali.plebania.hu\/index.php?rest_route=\/wp\/v2\/posts\/5601\/revisions\/5617"}],"wp:attachment":[{"href":"https:\/\/marcali.plebania.hu\/index.php?rest_route=%2Fwp%2Fv2%2Fmedia&parent=5601"}],"wp:term":[{"taxonomy":"category","embeddable":true,"href":"https:\/\/marcali.plebania.hu\/index.php?rest_route=%2Fwp%2Fv2%2Fcategories&post=5601"},{"taxonomy":"post_tag","embeddable":true,"href":"https:\/\/marcali.plebania.hu\/index.php?rest_route=%2Fwp%2Fv2%2Ftags&post=5601"}],"curies":[{"name":"wp","href":"https:\/\/api.w.org\/{rel}","templated":true}]}}