{"id":5619,"date":"2024-02-05T10:31:11","date_gmt":"2024-02-05T10:31:11","guid":{"rendered":"https:\/\/marcali.plebania.hu\/?p=5619"},"modified":"2024-02-05T10:31:11","modified_gmt":"2024-02-05T10:31:11","slug":"hirdetesek-2024-februar-4-en","status":"publish","type":"post","link":"https:\/\/marcali.plebania.hu\/?p=5619","title":{"rendered":"Hirdet\u00e9sek 2024. febru\u00e1r 4-\u00e9n"},"content":{"rendered":"\n<p><strong><a href=\"https:\/\/igenaptar.katolikus.hu\/2024\/nap\/index.php?holnap=2024-02-04\" target=\"_blank\" rel=\"noreferrer noopener\"><u>\u00c9vk\u00f6zi 5. vas\u00e1rnap<\/u><\/a><\/strong><strong><\/strong><\/p>\n\n\n\n<ol class=\"wp-block-list\" start=\"1\">\n<li>K\u00f6sz\u00f6net a hittanos farsang megszervez\u00e9s\u00e9\u00e9rt \u00e9s a r\u00e9szv\u00e9tel\u00e9rt.<\/li>\n\n\n\n<li>A vas\u00e1rnapi (febr. 3. \u00e9s 4.) szentmis\u00e9k v\u00e9g\u00e9n <strong>Bal\u00e1zs-\u00e1ld\u00e1s<\/strong>t k\u00e9rhet mag\u00e1\u00e9rt minden jelenl\u00e9v\u0151, \u201etorokbetegs\u00e9g \u00e9s minden m\u00e1s baj ellen\u201d.<\/li>\n\n\n\n<li>Az \u00daj Ember \u00fajs\u00e1g \u00e1ra 420 Ft-ra emelkedett.<\/li>\n\n\n\n<li>A betegek vil\u00e1gnapja alkalm\u00e1b\u00f3l a j\u00f6v\u0151 vas\u00e1rnapi szentmis\u00e9kben (febr. 10. \u00e9s 11.) lehet\u0151s\u00e9g lesz a <strong>betegek kenet\u00e9<\/strong>ben r\u00e9szes\u00fclni. Ez a szents\u00e9g a gy\u00f3gyul\u00e1s szents\u00e9ge, a neh\u00e9zs\u00e9geinkben is vel\u00fcnk l\u00e9v\u0151 Isten aj\u00e1nd\u00e9ka: a szent kenet meger\u0151s\u00edt az Istenbe vetett bizalomban, er\u0151t ad a k\u00eds\u00e9rt\u00e9sek ellen, s alkalmass\u00e1 tesz arra, hogy a betegs\u00e9get er\u0151s l\u00e9lekkel viselj\u00fck. Seg\u00edti gy\u00f3gyul\u00e1sunkat, ha az szolg\u00e1l \u00fcdv\u00f6ss\u00e9g\u00fcnkre, illetve, ha f\u00f6ldi \u00e9let\u00fcnk v\u00e9g\u00e9hez \u00e9r\u00fcnk, \u00e1ltala k\u00e9rj\u00fck Isten seg\u00edts\u00e9g\u00e9t, hogy Bel\u00e9 vetett hittel \u00e9s bizalommal l\u00e9pj\u00fcnk \u00e1t a f\u00f6ldib\u0151l az \u00f6r\u00f6k \u00e9letbe. T\u00f6rv\u00e9nyk\u00f6nyv\u00fcnk megfogalmaz\u00e1sa szerint az a katolikus h\u00edv\u0151 k\u00e9rheti e szents\u00e9get, \u201eaki betegs\u00e9g vagy \u00f6regs\u00e9g miatt vesz\u00e9lybe ker\u00fcl.\u201d Meg lehet ism\u00e9telni, ha a beteg fel\u00e9p\u00fcl\u00e9se ut\u00e1n \u00fajra s\u00falyos betegs\u00e9gbe esik, vagy a vesz\u00e9ly s\u00falyosabb\u00e1 v\u00e1lik. (1004. k\u00e1non) A szents\u00e9g felv\u00e9tele a kegyelmi \u00e1llapotot k\u00edv\u00e1nja, szentgy\u00f3n\u00e1ssal is k\u00e9sz\u00fclj\u00fcnk r\u00e1!<\/li>\n\n\n\n<li>A <strong>H\u00e1zass\u00e1g hete<\/strong> nemzetk\u00f6zi esem\u00e9nysorozat, mely a h\u00e1zass\u00e1g \u00e9s a csal\u00e1d \u00e9rt\u00e9k\u00e9re, fontoss\u00e1g\u00e1ra h\u00edvja fel a figyelmet, id\u00e9n febru\u00e1r 11-t\u0151l 18-ig tart, mott\u00f3ja: \u201e\u00c1lland\u00f3 meg\u00fajul\u00e1sban\u201d. Ennek keret\u00e9ben szeretettel h\u00edvunk minden \u00e9rdekl\u0151d\u0151t a pl\u00e9b\u00e1ni\u00e1ra febru\u00e1r 13-\u00e1n, kedden 18 \u00f3r\u00e1ra, ahol S\u00e1gv\u00e1ri R\u00f3bert \u00e9s feles\u00e9ge, Tombor Erzs\u00e9bet tan\u00fas\u00e1gt\u00e9tel\u00e9t hallgathatj\u00e1k meg a jelenl\u00e9v\u0151k, k\u00f6zben a gyermekek r\u00e9sz\u00e9re k\u00fcl\u00f6n program lesz.<\/li>\n<\/ol>\n","protected":false},"excerpt":{"rendered":"<p>\u00c9vk\u00f6zi 5. vas\u00e1rnap<\/p>\n","protected":false},"author":2,"featured_media":0,"comment_status":"closed","ping_status":"open","sticky":false,"template":"","format":"standard","meta":{"footnotes":""},"categories":[1],"tags":[],"class_list":["post-5619","post","type-post","status-publish","format-standard","hentry","category-egyeb"],"_links":{"self":[{"href":"https:\/\/marcali.plebania.hu\/index.php?rest_route=\/wp\/v2\/posts\/5619","targetHints":{"allow":["GET"]}}],"collection":[{"href":"https:\/\/marcali.plebania.hu\/index.php?rest_route=\/wp\/v2\/posts"}],"about":[{"href":"https:\/\/marcali.plebania.hu\/index.php?rest_route=\/wp\/v2\/types\/post"}],"author":[{"embeddable":true,"href":"https:\/\/marcali.plebania.hu\/index.php?rest_route=\/wp\/v2\/users\/2"}],"replies":[{"embeddable":true,"href":"https:\/\/marcali.plebania.hu\/index.php?rest_route=%2Fwp%2Fv2%2Fcomments&post=5619"}],"version-history":[{"count":1,"href":"https:\/\/marcali.plebania.hu\/index.php?rest_route=\/wp\/v2\/posts\/5619\/revisions"}],"predecessor-version":[{"id":5620,"href":"https:\/\/marcali.plebania.hu\/index.php?rest_route=\/wp\/v2\/posts\/5619\/revisions\/5620"}],"wp:attachment":[{"href":"https:\/\/marcali.plebania.hu\/index.php?rest_route=%2Fwp%2Fv2%2Fmedia&parent=5619"}],"wp:term":[{"taxonomy":"category","embeddable":true,"href":"https:\/\/marcali.plebania.hu\/index.php?rest_route=%2Fwp%2Fv2%2Fcategories&post=5619"},{"taxonomy":"post_tag","embeddable":true,"href":"https:\/\/marcali.plebania.hu\/index.php?rest_route=%2Fwp%2Fv2%2Ftags&post=5619"}],"curies":[{"name":"wp","href":"https:\/\/api.w.org\/{rel}","templated":true}]}}