{"id":5623,"date":"2024-02-12T14:55:05","date_gmt":"2024-02-12T14:55:05","guid":{"rendered":"https:\/\/marcali.plebania.hu\/?p=5623"},"modified":"2024-02-12T14:55:05","modified_gmt":"2024-02-12T14:55:05","slug":"hirdetesek-2024-februar-11-en","status":"publish","type":"post","link":"https:\/\/marcali.plebania.hu\/?p=5623","title":{"rendered":"Hirdet\u00e9sek 2024. febru\u00e1r 11-\u00e9n"},"content":{"rendered":"\n<p><strong><a href=\"https:\/\/igenaptar.katolikus.hu\/2024\/nap\/index.php?holnap=2024-02-11\" target=\"_blank\" rel=\"noreferrer noopener\"><u>\u00c9vk\u00f6zi 6. vas\u00e1rnap<\/u><\/a><\/strong><strong><\/strong><\/p>\n\n\n\n<ol class=\"wp-block-list\" start=\"1\">\n<li>A szentmis\u00e9ket k\u00f6vet\u0151en lehet\u0151s\u00e9g lesz a betegek kenet\u00e9nek felv\u00e9tel\u00e9re. Az k\u00e9rheti, aki gy\u00f3nt, \u00e1ldozott, a megszentel\u0151 kegyelem \u00e1llapot\u00e1ban van, \u00e9s id\u0151s kora, vagy s\u00falyos betegs\u00e9ge indokoltt\u00e1 teszi a szents\u00e9ghez j\u00e1rul\u00e1st.<\/li>\n\n\n\n<li>Ma kezd\u0151dik az idei <strong>H\u00e1zass\u00e1g hete<\/strong> nemzetk\u00f6zi esem\u00e9nysorozat, mely a h\u00e1zass\u00e1g \u00e9s a csal\u00e1d \u00e9rt\u00e9k\u00e9re, fontoss\u00e1g\u00e1ra h\u00edvja fel a figyelmet. Mott\u00f3ja: \u201e\u00c1lland\u00f3 meg\u00fajul\u00e1sban\u201d. Ennek keret\u00e9ben szeretettel h\u00edvunk minden \u00e9rdekl\u0151d\u0151t a pl\u00e9b\u00e1ni\u00e1ra kedden 18 \u00f3r\u00e1ra, ahol S\u00e1gv\u00e1ri R\u00f3bert \u00e9s feles\u00e9ge, Tombor Erzs\u00e9bet tan\u00fas\u00e1gt\u00e9tel\u00e9t hallgathatjuk meg, k\u00f6zben a gyermekek r\u00e9sz\u00e9re k\u00fcl\u00f6n program lesz.<\/li>\n\n\n\n<li>A j\u00f6v\u0151 vas\u00e1rnapi szentmis\u00e9k v\u00e9g\u00e9n a szents\u00e9gi h\u00e1zass\u00e1gban \u00e9l\u0151 h\u00e1zasp\u00e1rok k\u00fcl\u00f6n \u00e1ld\u00e1st kaphatnak. Szeretettel h\u00edvjuk a h\u00e1zasp\u00e1rokat \u00e9s a szents\u00e9gi h\u00e1zass\u00e1gra k\u00e9sz\u00fcl\u0151 jegyeseket.<\/li>\n\n\n\n<li>Hamvaz\u00f3szerd\u00e1val megkezd\u0151dik a <strong>nagyb\u00f6jt<\/strong>i id\u0151, melynek c\u00e9lja a h\u00fasv\u00e9t \u00fcnnepl\u00e9s\u00e9nek el\u0151k\u00e9sz\u00edt\u00e9se. Ezt szolg\u00e1lja a szerdai \u00e9s a vas\u00e1rnapi mis\u00e9k ut\u00e1ni hamvazkod\u00e1s, a b\u00f6jt \u00e9s a b\u0171nb\u00e1nat, az egy\u00e9ni ima, az \u00f6nfegyelem \u00e9s az adakoz\u00f3 szeretet gyakorl\u00e1sa is. Nagyb\u00f6jt p\u00e9ntekjein 16:15-t\u0151l <strong>keresztut<\/strong>at im\u00e1dkozunk a pl\u00e9b\u00e1niatemplomban (a t\u00f6bbi templomban pedig a vas\u00e1rnapi szentmise el\u0151tt). Hamvaz\u00f3szerda \u00e9s nagyp\u00e9ntek szigor\u00fa b\u00f6jti nap, ezeken a napokon 60 \u00e9ves korig a feln\u0151tt h\u00edvek sz\u00e1m\u00e1ra egyszeri teljesebb \u00e9tkez\u00e9s a megengedett \u00e9s m\u00e9g k\u00e9tszer n\u00e9mi \u00e9tel fogyaszt\u00e1sa. 14 \u00e9ves kort\u00f3l tart\u00f3zkodunk a h\u00fast\u00f3l a b\u00f6jti napokon. T\u00f6rv\u00e9nyk\u00f6nyv\u00fcnk \u00edgy fogalmaz a b\u00f6jt\u00f6l\u00e9sr\u0151l: \u201e<em>a krisztush\u00edv\u0151k k\u00fcl\u00f6n\u00f6sen is t\u00f6r\u0151djenek az im\u00e1ds\u00e1ggal, gyakorolj\u00e1k a vall\u00e1soss\u00e1g \u00e9s a seg\u00edt\u0151 szeretet cselekedeteit, v\u00e9gezzenek \u00f6nmegtagad\u00e1sokat, saj\u00e1tos k\u00f6telezetts\u00e9geiket h\u0171s\u00e9gesebben teljes\u00edtve \u00e9s f\u0151k\u00e9nt megtartva a b\u00f6jt\u00f6t \u00e9s a h\u00fastilalmat<\/em>.\u201d (1249. k.)<\/li>\n\n\n\n<li>A <strong>F\u00e9rfi-k\u00f6r<\/strong> k\u00f6vetkez\u0151 tal\u00e1lkoz\u00f3ja szerd\u00e1n az esti szentmise ut\u00e1n kezd\u0151dik a pl\u00e9b\u00e1ni\u00e1n, a <strong>feln\u0151tt<\/strong>eknek sz\u00f3l\u00f3 <strong>hittan<\/strong> \u00e9s szents\u00e9gi felk\u00e9sz\u00edt\u0151 pedig cs\u00fct\u00f6rt\u00f6k\u00f6n 17:45-kor. Szeretettel v\u00e1rjuk a tagokat \u00e9s az \u00e9rdekl\u0151d\u0151ket.<\/li>\n\n\n\n<li>Az <strong>ifj\u00fas\u00e1gi csoport<\/strong> k\u00f6vetkez\u0151 tal\u00e1lkoz\u00f3ja p\u00e9nteken 19 \u00f3rakor kezd\u0151dik a pl\u00e9b\u00e1ni\u00e1n.<\/li>\n\n\n\n<li>Az \u00e1prilisi <strong>r\u00f3mai zar\u00e1ndok\u00fat<\/strong> r\u00e9szletei <em><a href=\"https:\/\/www.lovaszbusz.hu\/utjaink\/aktualis-utjaink\/item\/324-zarandoklat-romaban\" target=\"_blank\" rel=\"noreferrer noopener\"><u>IDE kattintva<\/u><\/a><\/em> olvashat\u00f3k. K\u00e9rj\u00fck, aki eddig nem tette meg, miel\u0151bb v\u00e9gleges\u00edtse jelentkez\u00e9s\u00e9t.<\/li>\n<\/ol>\n","protected":false},"excerpt":{"rendered":"<p>\u00c9vk\u00f6zi 6. vas\u00e1rnap<\/p>\n","protected":false},"author":2,"featured_media":0,"comment_status":"closed","ping_status":"open","sticky":false,"template":"","format":"standard","meta":{"footnotes":""},"categories":[1],"tags":[],"class_list":["post-5623","post","type-post","status-publish","format-standard","hentry","category-egyeb"],"_links":{"self":[{"href":"https:\/\/marcali.plebania.hu\/index.php?rest_route=\/wp\/v2\/posts\/5623","targetHints":{"allow":["GET"]}}],"collection":[{"href":"https:\/\/marcali.plebania.hu\/index.php?rest_route=\/wp\/v2\/posts"}],"about":[{"href":"https:\/\/marcali.plebania.hu\/index.php?rest_route=\/wp\/v2\/types\/post"}],"author":[{"embeddable":true,"href":"https:\/\/marcali.plebania.hu\/index.php?rest_route=\/wp\/v2\/users\/2"}],"replies":[{"embeddable":true,"href":"https:\/\/marcali.plebania.hu\/index.php?rest_route=%2Fwp%2Fv2%2Fcomments&post=5623"}],"version-history":[{"count":1,"href":"https:\/\/marcali.plebania.hu\/index.php?rest_route=\/wp\/v2\/posts\/5623\/revisions"}],"predecessor-version":[{"id":5624,"href":"https:\/\/marcali.plebania.hu\/index.php?rest_route=\/wp\/v2\/posts\/5623\/revisions\/5624"}],"wp:attachment":[{"href":"https:\/\/marcali.plebania.hu\/index.php?rest_route=%2Fwp%2Fv2%2Fmedia&parent=5623"}],"wp:term":[{"taxonomy":"category","embeddable":true,"href":"https:\/\/marcali.plebania.hu\/index.php?rest_route=%2Fwp%2Fv2%2Fcategories&post=5623"},{"taxonomy":"post_tag","embeddable":true,"href":"https:\/\/marcali.plebania.hu\/index.php?rest_route=%2Fwp%2Fv2%2Ftags&post=5623"}],"curies":[{"name":"wp","href":"https:\/\/api.w.org\/{rel}","templated":true}]}}