{"id":5626,"date":"2024-02-14T15:35:13","date_gmt":"2024-02-14T15:35:13","guid":{"rendered":"https:\/\/marcali.plebania.hu\/?p=5626"},"modified":"2024-02-14T15:35:13","modified_gmt":"2024-02-14T15:35:13","slug":"betegek-vilagnapja-2024","status":"publish","type":"post","link":"https:\/\/marcali.plebania.hu\/?p=5626","title":{"rendered":"Betegek vil\u00e1gnapja 2024"},"content":{"rendered":"\n<p>2024. febru\u00e1r 10-\u00e9n, szombat este a 17 \u00f3r\u00e1s, \u00e9s a vas\u00e1rnap, a 9 \u00f3rai szentmise ut\u00e1n Tomanek Ferenc \u00c1ron pl\u00e9b\u00e1nos az idei esztend\u0151ben is kiszolg\u00e1ltatta a betegek kenet\u00e9t a Gy\u00fcm\u00f6lcsolt\u00f3 Boldogasszony pl\u00e9b\u00e1niatemplomban.<\/p>\n\n\n\n<figure class=\"wp-block-gallery has-nested-images columns-default is-cropped wp-block-gallery-1 is-layout-flex wp-block-gallery-is-layout-flex\">\n<figure class=\"wp-block-image size-large\"><img loading=\"lazy\" decoding=\"async\" width=\"1024\" height=\"683\" data-id=\"5630\" src=\"https:\/\/marcali.plebania.hu\/wp-content\/uploads\/2024\/02\/01-1024x683.jpg\" alt=\"\" class=\"wp-image-5630\" srcset=\"https:\/\/marcali.plebania.hu\/wp-content\/uploads\/2024\/02\/01-1024x683.jpg 1024w, https:\/\/marcali.plebania.hu\/wp-content\/uploads\/2024\/02\/01-300x200.jpg 300w, https:\/\/marcali.plebania.hu\/wp-content\/uploads\/2024\/02\/01-768x512.jpg 768w, https:\/\/marcali.plebania.hu\/wp-content\/uploads\/2024\/02\/01-1536x1024.jpg 1536w, https:\/\/marcali.plebania.hu\/wp-content\/uploads\/2024\/02\/01-2048x1365.jpg 2048w, https:\/\/marcali.plebania.hu\/wp-content\/uploads\/2024\/02\/01-405x270.jpg 405w\" sizes=\"auto, (max-width: 1024px) 100vw, 1024px\" \/><\/figure>\n\n\n\n<figure class=\"wp-block-image size-large\"><img loading=\"lazy\" decoding=\"async\" width=\"1024\" height=\"683\" data-id=\"5627\" src=\"https:\/\/marcali.plebania.hu\/wp-content\/uploads\/2024\/02\/02-1024x683.jpg\" alt=\"\" class=\"wp-image-5627\" srcset=\"https:\/\/marcali.plebania.hu\/wp-content\/uploads\/2024\/02\/02-1024x683.jpg 1024w, https:\/\/marcali.plebania.hu\/wp-content\/uploads\/2024\/02\/02-300x200.jpg 300w, https:\/\/marcali.plebania.hu\/wp-content\/uploads\/2024\/02\/02-768x512.jpg 768w, https:\/\/marcali.plebania.hu\/wp-content\/uploads\/2024\/02\/02-1536x1024.jpg 1536w, https:\/\/marcali.plebania.hu\/wp-content\/uploads\/2024\/02\/02-2048x1365.jpg 2048w, https:\/\/marcali.plebania.hu\/wp-content\/uploads\/2024\/02\/02-405x270.jpg 405w\" sizes=\"auto, (max-width: 1024px) 100vw, 1024px\" \/><\/figure>\n\n\n\n<figure class=\"wp-block-image size-large\"><img loading=\"lazy\" decoding=\"async\" width=\"1024\" height=\"683\" data-id=\"5628\" src=\"https:\/\/marcali.plebania.hu\/wp-content\/uploads\/2024\/02\/03-1024x683.jpg\" alt=\"\" class=\"wp-image-5628\" srcset=\"https:\/\/marcali.plebania.hu\/wp-content\/uploads\/2024\/02\/03-1024x683.jpg 1024w, https:\/\/marcali.plebania.hu\/wp-content\/uploads\/2024\/02\/03-300x200.jpg 300w, https:\/\/marcali.plebania.hu\/wp-content\/uploads\/2024\/02\/03-768x512.jpg 768w, https:\/\/marcali.plebania.hu\/wp-content\/uploads\/2024\/02\/03-1536x1024.jpg 1536w, https:\/\/marcali.plebania.hu\/wp-content\/uploads\/2024\/02\/03-2048x1365.jpg 2048w, https:\/\/marcali.plebania.hu\/wp-content\/uploads\/2024\/02\/03-405x270.jpg 405w\" sizes=\"auto, (max-width: 1024px) 100vw, 1024px\" \/><\/figure>\n\n\n\n<figure class=\"wp-block-image size-large\"><img loading=\"lazy\" decoding=\"async\" width=\"1024\" height=\"683\" data-id=\"5629\" src=\"https:\/\/marcali.plebania.hu\/wp-content\/uploads\/2024\/02\/04-1024x683.jpg\" alt=\"\" class=\"wp-image-5629\" srcset=\"https:\/\/marcali.plebania.hu\/wp-content\/uploads\/2024\/02\/04-1024x683.jpg 1024w, https:\/\/marcali.plebania.hu\/wp-content\/uploads\/2024\/02\/04-300x200.jpg 300w, https:\/\/marcali.plebania.hu\/wp-content\/uploads\/2024\/02\/04-768x512.jpg 768w, https:\/\/marcali.plebania.hu\/wp-content\/uploads\/2024\/02\/04-1536x1024.jpg 1536w, https:\/\/marcali.plebania.hu\/wp-content\/uploads\/2024\/02\/04-2048x1365.jpg 2048w, https:\/\/marcali.plebania.hu\/wp-content\/uploads\/2024\/02\/04-405x270.jpg 405w\" sizes=\"auto, (max-width: 1024px) 100vw, 1024px\" \/><\/figure>\n<\/figure>\n\n\n\n<p>A Betegek Vil\u00e1gnapj\u00e1t minden \u00e9vben a lourdes-i Sz\u0171zanya megjelen\u00e9s\u00e9nek napj\u00e1n \u00fcnneplik az eg\u00e9sz Egyh\u00e1zban. Marcaliban, ebben az \u00e9vben is mintegy 50 id\u0151s \u00e9s beteg h\u00edv\u0151nek szolg\u00e1ltatt\u00e1k ki a szents\u00e9get, melyet egy \u00e9vben csak egyszer lehet felvenni, kegyelmi \u00e1llapotban.<\/p>\n\n\n\n<p>A mostani 32. Betegek vil\u00e1gnapj\u00e1nak mott\u00f3ja a szent\u00edr\u00e1sb\u00f3l vett id\u00e9zet: \u201eOdal\u00e9pett hozz\u00e1, \u00e9s bek\u00f6t\u00f6zte\u201d (Lk 10,34).<\/p>\n\n\n\n<p>A Magyar Katolikus P\u00fcsp\u00f6ki Konferencia (MKPK) a vil\u00e1gnapra kiadott k\u00f6rlevel\u00e9ben felid\u00e9zte Szent II. J\u00e1nos P\u00e1l p\u00e1pa 2005-\u00f6s utols\u00f3 h\u00fasv\u00e9ti Urbi et Orbi \u00e1ld\u00e1s\u00e1t, amikor \u0151 m\u00e1r nem tudta hallhat\u00f3 szavakkal elmondani, hanem a kereszt jel\u00e9t a leveg\u0151be rajzolva \u00e1ldotta meg a t\u00e9ren \u00e1ll\u00f3kat \u00e9s a telev\u00edzi\u00f3 csatorn\u00e1in kereszt\u00fcl sokakat. K\u00f6vetend\u0151 p\u00e9ld\u00e1t adott arra, hogyan kell kereszt\u00e9ny m\u00f3don meg\u00e9lni a szenved\u00e9st. \u201eEmberileg n\u00e9zve er\u0151tlen \u00e9s kiszolg\u00e1ltatott volt, m\u00e9gis utols\u00f3 lehelet\u00e9ig az Urat szolg\u00e1lva \u00e9lt.\u201d Jelen vil\u00e1gunkban azt tapasztaljuk, hogy megv\u00e1ltozott az \u00e9let tisztelete: sokak szem\u00e9ben nem a f\u00f6ldi \u00e9let maga, hanem csak a fizikai min\u0151s\u00e9ge sz\u00e1m\u00edt. Szent P\u00e1l apostol a Filippieknek \u00edrt level\u00e9ben a k\u00f6vetkez\u0151ket \u00edrta: \u201eSz\u00e1momra az \u00e9let Krisztus, a hal\u00e1l pedig nyeres\u00e9g\u201d (Fil 1,21).<\/p>\n\n\n\n<p>Az MKPK k\u00f6rlevel\u00e9ben p\u00e9ldak\u00e9nt felid\u00e9zte m\u00e9g Ferenc p\u00e1pa 2023. \u00e1prilis 29-\u00e9n, a R\u00f3zs\u00e1k ter\u00e9n elmondott besz\u00e9d\u00e9t, kiemelve bel\u0151le \u2013 a t\u00e9m\u00e1val kapcsolatban \u2013 egy gondolat\u00e1t: \u201eEgy\u00fctt\u00e9rz\u00e9s mindenkivel, k\u00fcl\u00f6n\u00f6sen azokkal, akiket szeg\u00e9nys\u00e9g, betegs\u00e9g \u00e9s f\u00e1jdalom k\u00ednoz. Az egy\u00fctt\u00e9rz\u00e9s latinul compassio, de ez a sz\u00f3 nemcsak egy\u00fctt\u00e9rz\u00e9st, hanem egy\u00fcttszenved\u00e9st is jelent!\u201d<\/p>\n\n\n\n<p>V\u00e9g\u00fcl pedig B\u00edr\u00f3 L\u00e1szl\u00f3 p\u00fcsp\u00f6k atya tan\u00fas\u00e1gt\u00e9tel\u00e9t hozt\u00e1k p\u00e9ldak\u00e9nt, aki azt nyilatkozta: \u201eA mai ember menek\u00fcl a szenved\u00e9st\u0151l, abban csak rosszat l\u00e1t, pedig az ember kereszt\u00e9ny szemmel a szenved\u00e9sben aj\u00e1nd\u00e9kot is l\u00e1that. A J\u00f3isten megadta, hogy 920 napot t\u00f6lthettem eg\u00e9szs\u00e9g\u00fcgyi int\u00e9zm\u00e9nyekben. Azt tudtam, hogy rengetegen im\u00e1dkoznak \u00e9rtem. A m\u0171t\u00e9tek sorozata alatt sokat seg\u00edtettek a l\u00e1togat\u00f3k.\u201d Majd p\u00e9ld\u00e1k felsorol\u00e1sa ut\u00e1n meg\u00e1llap\u00edtotta, hogy: \u201e\u2026az ember kiszolg\u00e1ltatotts\u00e1g\u00e1ban sok mindent \u00e9szrevesz. Volt id\u0151, amikor nemigen rem\u00e9lhettem, hogy valamikor emberek el\u00e9 \u00e1llhatok.\u201d Az egykori t\u00e1bori p\u00fcsp\u00f6k a k\u00f6vetkez\u0151kkel z\u00e1rta tan\u00fas\u00e1gt\u00e9tel\u00e9t: \u201eK\u00edv\u00e1nom, hogy ha valakire r\u00e1szakad a szenved\u00e9s, Istenbe kapaszkodva merje v\u00e1llalni azt \u00e9s engedje, hogy embertestv\u00e9reink\u00e9rt im\u00e1ds\u00e1g fakadjon bel\u0151le \u00e9s fogadja el a seg\u00edt\u0151 kezeket.\u201d<\/p>\n\n\n\n<p>Az MKPK k\u00f6rlevel\u00e9t a k\u00f6vetkez\u0151 \u00fatmutat\u00e1ssal z\u00e1rta: \u201eFakadjon bel\u0151l\u00fcnk is im\u00e1ds\u00e1g a betegk\u00e9rt \u00e9s a szenved\u0151k\u00e9rt ezen a napon! K\u00e9rj\u00fck Istent, hogy adjon sz\u00edv\u00fcnkbe r\u00e9szv\u00e9tet \u00e9s szeretetet mindazok ir\u00e1nt, akik r\u00e1szorulnak testi-lelki t\u00e1mogat\u00e1sunkra!\u201d<\/p>\n\n\n\n<figure class=\"wp-block-gallery has-nested-images columns-default is-cropped wp-block-gallery-2 is-layout-flex wp-block-gallery-is-layout-flex\">\n<figure class=\"wp-block-image size-large\"><img loading=\"lazy\" decoding=\"async\" width=\"1024\" height=\"683\" data-id=\"5631\" src=\"https:\/\/marcali.plebania.hu\/wp-content\/uploads\/2024\/02\/05-1024x683.jpg\" alt=\"\" class=\"wp-image-5631\" srcset=\"https:\/\/marcali.plebania.hu\/wp-content\/uploads\/2024\/02\/05-1024x683.jpg 1024w, https:\/\/marcali.plebania.hu\/wp-content\/uploads\/2024\/02\/05-300x200.jpg 300w, https:\/\/marcali.plebania.hu\/wp-content\/uploads\/2024\/02\/05-768x512.jpg 768w, https:\/\/marcali.plebania.hu\/wp-content\/uploads\/2024\/02\/05-1536x1024.jpg 1536w, https:\/\/marcali.plebania.hu\/wp-content\/uploads\/2024\/02\/05-2048x1365.jpg 2048w, https:\/\/marcali.plebania.hu\/wp-content\/uploads\/2024\/02\/05-405x270.jpg 405w\" sizes=\"auto, (max-width: 1024px) 100vw, 1024px\" \/><\/figure>\n\n\n\n<figure class=\"wp-block-image size-large\"><img loading=\"lazy\" decoding=\"async\" width=\"1024\" height=\"683\" data-id=\"5632\" src=\"https:\/\/marcali.plebania.hu\/wp-content\/uploads\/2024\/02\/06-1024x683.jpg\" alt=\"\" class=\"wp-image-5632\" srcset=\"https:\/\/marcali.plebania.hu\/wp-content\/uploads\/2024\/02\/06-1024x683.jpg 1024w, https:\/\/marcali.plebania.hu\/wp-content\/uploads\/2024\/02\/06-300x200.jpg 300w, https:\/\/marcali.plebania.hu\/wp-content\/uploads\/2024\/02\/06-768x512.jpg 768w, https:\/\/marcali.plebania.hu\/wp-content\/uploads\/2024\/02\/06-1536x1024.jpg 1536w, https:\/\/marcali.plebania.hu\/wp-content\/uploads\/2024\/02\/06-2048x1365.jpg 2048w, https:\/\/marcali.plebania.hu\/wp-content\/uploads\/2024\/02\/06-405x270.jpg 405w\" sizes=\"auto, (max-width: 1024px) 100vw, 1024px\" \/><\/figure>\n\n\n\n<figure class=\"wp-block-image size-large\"><img loading=\"lazy\" decoding=\"async\" width=\"1024\" height=\"683\" data-id=\"5634\" src=\"https:\/\/marcali.plebania.hu\/wp-content\/uploads\/2024\/02\/07-1024x683.jpg\" alt=\"\" class=\"wp-image-5634\" srcset=\"https:\/\/marcali.plebania.hu\/wp-content\/uploads\/2024\/02\/07-1024x683.jpg 1024w, https:\/\/marcali.plebania.hu\/wp-content\/uploads\/2024\/02\/07-300x200.jpg 300w, https:\/\/marcali.plebania.hu\/wp-content\/uploads\/2024\/02\/07-768x512.jpg 768w, https:\/\/marcali.plebania.hu\/wp-content\/uploads\/2024\/02\/07-1536x1024.jpg 1536w, https:\/\/marcali.plebania.hu\/wp-content\/uploads\/2024\/02\/07-2048x1365.jpg 2048w, https:\/\/marcali.plebania.hu\/wp-content\/uploads\/2024\/02\/07-405x270.jpg 405w\" sizes=\"auto, (max-width: 1024px) 100vw, 1024px\" \/><\/figure>\n\n\n\n<figure class=\"wp-block-image size-large\"><img loading=\"lazy\" decoding=\"async\" width=\"1024\" height=\"683\" data-id=\"5633\" src=\"https:\/\/marcali.plebania.hu\/wp-content\/uploads\/2024\/02\/08-1024x683.jpg\" alt=\"\" class=\"wp-image-5633\" srcset=\"https:\/\/marcali.plebania.hu\/wp-content\/uploads\/2024\/02\/08-1024x683.jpg 1024w, https:\/\/marcali.plebania.hu\/wp-content\/uploads\/2024\/02\/08-300x200.jpg 300w, https:\/\/marcali.plebania.hu\/wp-content\/uploads\/2024\/02\/08-768x512.jpg 768w, https:\/\/marcali.plebania.hu\/wp-content\/uploads\/2024\/02\/08-1536x1024.jpg 1536w, https:\/\/marcali.plebania.hu\/wp-content\/uploads\/2024\/02\/08-2048x1365.jpg 2048w, https:\/\/marcali.plebania.hu\/wp-content\/uploads\/2024\/02\/08-405x270.jpg 405w\" sizes=\"auto, (max-width: 1024px) 100vw, 1024px\" \/><\/figure>\n<\/figure>\n\n\n\n<p>A Betegek Vil\u00e1gnapj\u00e1t Szent II. J\u00e1nos P\u00e1l p\u00e1pa vezetett be 1992-ben, \u00e9s el\u0151sz\u00f6r 1993. febru\u00e1r 11-\u00e9n \u00e9ppen Lourdes-ban \u00fcnnepeltek meg. Ferenc p\u00e1pa \u00fczenet\u00e9ben teh\u00e1t ism\u00e9t a beteg, id\u0151s emberek m\u00e9lt\u00f3s\u00e1g\u00e1ra h\u00edvja fel a vil\u00e1g figyelm\u00e9t.<\/p>\n\n\n\n<p><\/p>\n\n\n\n<p>Forr\u00e1s: MKPK 2024. febru\u00e1r 10-\u00e9n kiadott k\u00f6rlevele a Betegek Vil\u00e1gnapj\u00e1ra<\/p>\n\n\n\n<p>\u00cdrta \u00e9s fot\u00f3k: Kiss K\u00e1lm\u00e1n<\/p>\n","protected":false},"excerpt":{"rendered":"<p>2024. febru\u00e1r 10-\u00e9n, szombat este a 17 \u00f3r\u00e1s, \u00e9s a vas\u00e1rnap, a 9 \u00f3rai szentmise ut\u00e1n Tomanek Ferenc \u00c1ron pl\u00e9b\u00e1nos az idei esztend\u0151ben is kiszolg\u00e1ltatta a betegek kenet\u00e9t a Gy\u00fcm\u00f6lcsolt\u00f3 Boldogasszony pl\u00e9b\u00e1niatemplomban. A Betegek Vil\u00e1gnapj\u00e1t minden \u00e9vben a lourdes-i Sz\u0171zanya megjelen\u00e9s\u00e9nek napj\u00e1n \u00fcnneplik az eg\u00e9sz Egyh\u00e1zban. Marcaliban, ebben az \u00e9vben is mintegy 50 id\u0151s \u00e9s beteg h\u00edv\u0151nek szolg\u00e1ltatt\u00e1k ki a szents\u00e9get, melyet egy \u00e9vben csak egyszer lehet felvenni, kegyelmi \u00e1llapotban. A mostani 32. Betegek vil\u00e1gnapj\u00e1nak mott\u00f3ja a szent\u00edr\u00e1sb\u00f3l vett id\u00e9zet:&#8230;<\/p>\n<p class=\"read-more\"><a class=\"btn btn-default\" href=\"https:\/\/marcali.plebania.hu\/?p=5626\"> Read More<span class=\"screen-reader-text\">  Read More<\/span><\/a><\/p>\n","protected":false},"author":2,"featured_media":0,"comment_status":"closed","ping_status":"open","sticky":false,"template":"","format":"standard","meta":{"footnotes":""},"categories":[1],"tags":[],"class_list":["post-5626","post","type-post","status-publish","format-standard","hentry","category-egyeb"],"_links":{"self":[{"href":"https:\/\/marcali.plebania.hu\/index.php?rest_route=\/wp\/v2\/posts\/5626","targetHints":{"allow":["GET"]}}],"collection":[{"href":"https:\/\/marcali.plebania.hu\/index.php?rest_route=\/wp\/v2\/posts"}],"about":[{"href":"https:\/\/marcali.plebania.hu\/index.php?rest_route=\/wp\/v2\/types\/post"}],"author":[{"embeddable":true,"href":"https:\/\/marcali.plebania.hu\/index.php?rest_route=\/wp\/v2\/users\/2"}],"replies":[{"embeddable":true,"href":"https:\/\/marcali.plebania.hu\/index.php?rest_route=%2Fwp%2Fv2%2Fcomments&post=5626"}],"version-history":[{"count":1,"href":"https:\/\/marcali.plebania.hu\/index.php?rest_route=\/wp\/v2\/posts\/5626\/revisions"}],"predecessor-version":[{"id":5635,"href":"https:\/\/marcali.plebania.hu\/index.php?rest_route=\/wp\/v2\/posts\/5626\/revisions\/5635"}],"wp:attachment":[{"href":"https:\/\/marcali.plebania.hu\/index.php?rest_route=%2Fwp%2Fv2%2Fmedia&parent=5626"}],"wp:term":[{"taxonomy":"category","embeddable":true,"href":"https:\/\/marcali.plebania.hu\/index.php?rest_route=%2Fwp%2Fv2%2Fcategories&post=5626"},{"taxonomy":"post_tag","embeddable":true,"href":"https:\/\/marcali.plebania.hu\/index.php?rest_route=%2Fwp%2Fv2%2Ftags&post=5626"}],"curies":[{"name":"wp","href":"https:\/\/api.w.org\/{rel}","templated":true}]}}