{"id":563,"date":"2018-12-28T21:11:04","date_gmt":"2018-12-28T21:11:04","guid":{"rendered":"https:\/\/marcali.plebania.hu\/?p=563"},"modified":"2018-12-28T21:11:04","modified_gmt":"2018-12-28T21:11:04","slug":"pasztorjatek-es-ejfeli-szentmise-a-plebaniatemplomban","status":"publish","type":"post","link":"https:\/\/marcali.plebania.hu\/?p=563","title":{"rendered":"P\u00e1sztorj\u00e1t\u00e9k \u00e9s \u00e9jf\u00e9li szentmise a pl\u00e9b\u00e1niatemplomban"},"content":{"rendered":"<p>Szenteste a marcali pl\u00e9b\u00e1niatemplomban p\u00e1sztorj\u00e1t\u00e9k kezd\u0151d\u00f6tt Assisi szent Ferenc f\u0151szerepl\u00e9s\u00e9vel.<\/p>\n<p><img loading=\"lazy\" decoding=\"async\" class=\"aligncenter wp-image-564 size-large\" src=\"https:\/\/marcali.plebania.hu\/wp-content\/uploads\/2018\/12\/06-2-1024x683.jpg\" alt=\"\" width=\"640\" height=\"427\" srcset=\"https:\/\/marcali.plebania.hu\/wp-content\/uploads\/2018\/12\/06-2-1024x683.jpg 1024w, https:\/\/marcali.plebania.hu\/wp-content\/uploads\/2018\/12\/06-2-300x200.jpg 300w, https:\/\/marcali.plebania.hu\/wp-content\/uploads\/2018\/12\/06-2-768x512.jpg 768w, https:\/\/marcali.plebania.hu\/wp-content\/uploads\/2018\/12\/06-2-405x270.jpg 405w\" sizes=\"auto, (max-width: 640px) 100vw, 640px\" \/><\/p>\n<p>Assisi Szent Ferenc nev\u00e9hez f\u0171z\u0151dik az els\u0151 kar\u00e1csonyi betlehem\u00e1ll\u00edt\u00e1s, amely szok\u00e1s k\u00e9s\u0151bb vil\u00e1gszerte elterjedt. Az els\u0151 betlehem fel\u00e1ll\u00edt\u00e1sa sor\u00e1n az it\u00e1liai Grecci\u00f3ban Assisi Szent Ferenc 1223-ban megk\u00e9rte egy bar\u00e1tj\u00e1t, hogy rendezzen be egy barlangot, k\u00e9sz\u00edtsen j\u00e1szolt, hozzon szalm\u00e1t, szamarat \u00e9s \u00f6kr\u00f6t, \u00e9rtes\u00edtse a p\u00e1sztorokat, \u00e9s \u00edgy \u201ealkalmi sz\u00edn\u00e9szekkel\u201d feleleven\u00edtett\u00e9k a szent \u00e9jszaka esem\u00e9nyeit. A f\u00e1kly\u00e1kkal messze f\u00f6ldr\u0151l \u00e9rkez\u0151 zar\u00e1ndokok egyike Ferenc besz\u00e9de ut\u00e1n azt \u00e9szlelte, hogy a j\u00e1szolba fektetett baba megelevenedett &#8211; A betlehem\u00e1ll\u00edt\u00e1s az egykori esem\u00e9nyek \u00e1t\u00e9l\u00e9s\u00e9t seg\u00edti, ami arra h\u00edvja fel az emberek figyelm\u00e9t, hogy J\u00e9zus &#8222;hajl\u00e9ktalanul, nincstelen\u00fcl j\u00f6tt a vil\u00e1gra, mag\u00e1ra v\u00e9ve minden emberi f\u00e1jdalmat, n\u00e9lk\u00fcl\u00f6z\u00e9st, vagyis egy lett vel\u00fcnk e szent \u00e9jszak\u00e1n&#8221; &#8211; fogalmaztak. Assisi Szent Ferenc azt is elrendelte, hogy kar\u00e1csonykor b\u0151s\u00e9ges alamizsn\u00e1t adjanak a szeg\u00e9nyeknek, \u00e9s k\u00e9rte a gazd\u00e1kat, hogy &#8222;a J\u00e9zus j\u00e1szl\u00e1n\u00e1l h\u0171s\u00e9gesen szolg\u00e1l\u00f3 j\u00f3sz\u00e1gok ut\u00f3dai e napon dupla adag takarm\u00e1nyt kapjanak&#8221;.<\/p>\n<p><img loading=\"lazy\" decoding=\"async\" class=\"aligncenter wp-image-565 size-large\" src=\"https:\/\/marcali.plebania.hu\/wp-content\/uploads\/2018\/12\/11-2-1024x683.jpg\" alt=\"\" width=\"640\" height=\"427\" srcset=\"https:\/\/marcali.plebania.hu\/wp-content\/uploads\/2018\/12\/11-2-1024x683.jpg 1024w, https:\/\/marcali.plebania.hu\/wp-content\/uploads\/2018\/12\/11-2-300x200.jpg 300w, https:\/\/marcali.plebania.hu\/wp-content\/uploads\/2018\/12\/11-2-768x512.jpg 768w, https:\/\/marcali.plebania.hu\/wp-content\/uploads\/2018\/12\/11-2-405x270.jpg 405w\" sizes=\"auto, (max-width: 640px) 100vw, 640px\" \/><\/p>\n<p>A p\u00e1sztorj\u00e1t\u00e9kot Tombor Erzs\u00e9bet hitoktat\u00f3 tan\u00edtotta be.<\/p>\n<p><img loading=\"lazy\" decoding=\"async\" class=\"aligncenter wp-image-568 size-large\" src=\"https:\/\/marcali.plebania.hu\/wp-content\/uploads\/2018\/12\/05-1-1024x683.jpg\" alt=\"\" width=\"640\" height=\"427\" srcset=\"https:\/\/marcali.plebania.hu\/wp-content\/uploads\/2018\/12\/05-1-1024x683.jpg 1024w, https:\/\/marcali.plebania.hu\/wp-content\/uploads\/2018\/12\/05-1-300x200.jpg 300w, https:\/\/marcali.plebania.hu\/wp-content\/uploads\/2018\/12\/05-1-768x512.jpg 768w, https:\/\/marcali.plebania.hu\/wp-content\/uploads\/2018\/12\/05-1-405x270.jpg 405w\" sizes=\"auto, (max-width: 640px) 100vw, 640px\" \/><\/p>\n<p><img loading=\"lazy\" decoding=\"async\" class=\"aligncenter wp-image-566 size-large\" src=\"https:\/\/marcali.plebania.hu\/wp-content\/uploads\/2018\/12\/28-1024x683.jpg\" alt=\"\" width=\"640\" height=\"427\" srcset=\"https:\/\/marcali.plebania.hu\/wp-content\/uploads\/2018\/12\/28-1024x683.jpg 1024w, https:\/\/marcali.plebania.hu\/wp-content\/uploads\/2018\/12\/28-300x200.jpg 300w, https:\/\/marcali.plebania.hu\/wp-content\/uploads\/2018\/12\/28-768x512.jpg 768w, https:\/\/marcali.plebania.hu\/wp-content\/uploads\/2018\/12\/28-405x270.jpg 405w\" sizes=\"auto, (max-width: 640px) 100vw, 640px\" \/><\/p>\n<p>\u00c9jf\u00e9lkor elkezd\u0151d\u00f6tt az \u00e9jf\u00e9li szentmise, melyen felhangzott a kar\u00e1csonyi \u00f6r\u00f6mh\u00edr, hogy J\u00e9zus megsz\u00fcletett. A h\u00edvek el\u0151tt dr. Kurucz \u00c1d\u00e1m Konr\u00e1d sz\u00ednm\u0171v\u00e9sz egy sz\u00e9p Ady verset szavalt el.<\/p>\n<p><img loading=\"lazy\" decoding=\"async\" class=\"aligncenter wp-image-567 size-large\" src=\"https:\/\/marcali.plebania.hu\/wp-content\/uploads\/2018\/12\/48-1024x683.jpg\" alt=\"\" width=\"640\" height=\"427\" srcset=\"https:\/\/marcali.plebania.hu\/wp-content\/uploads\/2018\/12\/48-1024x683.jpg 1024w, https:\/\/marcali.plebania.hu\/wp-content\/uploads\/2018\/12\/48-300x200.jpg 300w, https:\/\/marcali.plebania.hu\/wp-content\/uploads\/2018\/12\/48-768x512.jpg 768w, https:\/\/marcali.plebania.hu\/wp-content\/uploads\/2018\/12\/48-405x270.jpg 405w\" sizes=\"auto, (max-width: 640px) 100vw, 640px\" \/><\/p>\n<p>&nbsp;<\/p>\n","protected":false},"excerpt":{"rendered":"<p>Szenteste a marcali pl\u00e9b\u00e1niatemplomban p\u00e1sztorj\u00e1t\u00e9k kezd\u0151d\u00f6tt Assisi szent Ferenc f\u0151szerepl\u00e9s\u00e9vel. Assisi Szent Ferenc nev\u00e9hez f\u0171z\u0151dik az els\u0151 kar\u00e1csonyi betlehem\u00e1ll\u00edt\u00e1s, amely szok\u00e1s k\u00e9s\u0151bb vil\u00e1gszerte elterjedt. Az els\u0151 betlehem fel\u00e1ll\u00edt\u00e1sa sor\u00e1n az it\u00e1liai Grecci\u00f3ban Assisi Szent Ferenc 1223-ban megk\u00e9rte egy bar\u00e1tj\u00e1t, hogy rendezzen be egy barlangot, k\u00e9sz\u00edtsen j\u00e1szolt, hozzon szalm\u00e1t, szamarat \u00e9s \u00f6kr\u00f6t, \u00e9rtes\u00edtse a p\u00e1sztorokat, \u00e9s \u00edgy \u201ealkalmi sz\u00edn\u00e9szekkel\u201d feleleven\u00edtett\u00e9k a szent \u00e9jszaka esem\u00e9nyeit. A f\u00e1kly\u00e1kkal messze f\u00f6ldr\u0151l \u00e9rkez\u0151 zar\u00e1ndokok egyike Ferenc besz\u00e9de ut\u00e1n azt \u00e9szlelte, hogy a j\u00e1szolba fektetett baba&#8230;<\/p>\n<p class=\"read-more\"><a class=\"btn btn-default\" href=\"https:\/\/marcali.plebania.hu\/?p=563\"> Read More<span class=\"screen-reader-text\">  Read More<\/span><\/a><\/p>\n","protected":false},"author":2,"featured_media":0,"comment_status":"closed","ping_status":"open","sticky":false,"template":"","format":"standard","meta":{"footnotes":""},"categories":[1],"tags":[],"class_list":["post-563","post","type-post","status-publish","format-standard","hentry","category-egyeb"],"_links":{"self":[{"href":"https:\/\/marcali.plebania.hu\/index.php?rest_route=\/wp\/v2\/posts\/563","targetHints":{"allow":["GET"]}}],"collection":[{"href":"https:\/\/marcali.plebania.hu\/index.php?rest_route=\/wp\/v2\/posts"}],"about":[{"href":"https:\/\/marcali.plebania.hu\/index.php?rest_route=\/wp\/v2\/types\/post"}],"author":[{"embeddable":true,"href":"https:\/\/marcali.plebania.hu\/index.php?rest_route=\/wp\/v2\/users\/2"}],"replies":[{"embeddable":true,"href":"https:\/\/marcali.plebania.hu\/index.php?rest_route=%2Fwp%2Fv2%2Fcomments&post=563"}],"version-history":[{"count":1,"href":"https:\/\/marcali.plebania.hu\/index.php?rest_route=\/wp\/v2\/posts\/563\/revisions"}],"predecessor-version":[{"id":569,"href":"https:\/\/marcali.plebania.hu\/index.php?rest_route=\/wp\/v2\/posts\/563\/revisions\/569"}],"wp:attachment":[{"href":"https:\/\/marcali.plebania.hu\/index.php?rest_route=%2Fwp%2Fv2%2Fmedia&parent=563"}],"wp:term":[{"taxonomy":"category","embeddable":true,"href":"https:\/\/marcali.plebania.hu\/index.php?rest_route=%2Fwp%2Fv2%2Fcategories&post=563"},{"taxonomy":"post_tag","embeddable":true,"href":"https:\/\/marcali.plebania.hu\/index.php?rest_route=%2Fwp%2Fv2%2Ftags&post=563"}],"curies":[{"name":"wp","href":"https:\/\/api.w.org\/{rel}","templated":true}]}}