{"id":5638,"date":"2024-02-19T13:58:13","date_gmt":"2024-02-19T13:58:13","guid":{"rendered":"https:\/\/marcali.plebania.hu\/?p=5638"},"modified":"2024-02-19T13:58:13","modified_gmt":"2024-02-19T13:58:13","slug":"befejezodott-a-hazassag-hete-marcaliban-is","status":"publish","type":"post","link":"https:\/\/marcali.plebania.hu\/?p=5638","title":{"rendered":"Befejez\u0151d\u00f6tt a \u201eH\u00e1zass\u00e1g hete\u201d Marcaliban is"},"content":{"rendered":"\n<p>2024. febru\u00e1r 18-\u00e1n, vas\u00e1rnap a 9 \u00f3r\u00e1s szentmis\u00e9n, Tomanek Ferenc \u00c1ron pl\u00e9b\u00e1nos a \u201eH\u00e1zass\u00e1g hete\u201d c\u00edm\u0171 rendezv\u00e9nysorozat befejez\u00e9sek\u00e9nt meg\u00e1ldotta a jelenl\u00e9v\u0151 h\u00e1zasp\u00e1rokat a Marcali Gy\u00fcm\u00f6lcsolt\u00f3 Boldogasszony pl\u00e9b\u00e1niatemplomban.<\/p>\n\n\n\n<figure class=\"wp-block-gallery has-nested-images columns-default is-cropped wp-block-gallery-1 is-layout-flex wp-block-gallery-is-layout-flex\">\n<figure class=\"wp-block-image size-large\"><img loading=\"lazy\" decoding=\"async\" width=\"1024\" height=\"683\" data-id=\"5639\" src=\"https:\/\/marcali.plebania.hu\/wp-content\/uploads\/2024\/02\/01-1-1024x683.jpg\" alt=\"\" class=\"wp-image-5639\" srcset=\"https:\/\/marcali.plebania.hu\/wp-content\/uploads\/2024\/02\/01-1-1024x683.jpg 1024w, https:\/\/marcali.plebania.hu\/wp-content\/uploads\/2024\/02\/01-1-300x200.jpg 300w, https:\/\/marcali.plebania.hu\/wp-content\/uploads\/2024\/02\/01-1-768x512.jpg 768w, https:\/\/marcali.plebania.hu\/wp-content\/uploads\/2024\/02\/01-1-1536x1024.jpg 1536w, https:\/\/marcali.plebania.hu\/wp-content\/uploads\/2024\/02\/01-1-2048x1365.jpg 2048w, https:\/\/marcali.plebania.hu\/wp-content\/uploads\/2024\/02\/01-1-405x270.jpg 405w\" sizes=\"auto, (max-width: 1024px) 100vw, 1024px\" \/><\/figure>\n\n\n\n<figure class=\"wp-block-image size-large\"><img loading=\"lazy\" decoding=\"async\" width=\"1024\" height=\"683\" data-id=\"5641\" src=\"https:\/\/marcali.plebania.hu\/wp-content\/uploads\/2024\/02\/02-1-1024x683.jpg\" alt=\"\" class=\"wp-image-5641\" srcset=\"https:\/\/marcali.plebania.hu\/wp-content\/uploads\/2024\/02\/02-1-1024x683.jpg 1024w, https:\/\/marcali.plebania.hu\/wp-content\/uploads\/2024\/02\/02-1-300x200.jpg 300w, https:\/\/marcali.plebania.hu\/wp-content\/uploads\/2024\/02\/02-1-768x512.jpg 768w, https:\/\/marcali.plebania.hu\/wp-content\/uploads\/2024\/02\/02-1-1536x1024.jpg 1536w, https:\/\/marcali.plebania.hu\/wp-content\/uploads\/2024\/02\/02-1-2048x1365.jpg 2048w, https:\/\/marcali.plebania.hu\/wp-content\/uploads\/2024\/02\/02-1-405x270.jpg 405w\" sizes=\"auto, (max-width: 1024px) 100vw, 1024px\" \/><\/figure>\n\n\n\n<figure class=\"wp-block-image size-large\"><img loading=\"lazy\" decoding=\"async\" width=\"1024\" height=\"683\" data-id=\"5640\" src=\"https:\/\/marcali.plebania.hu\/wp-content\/uploads\/2024\/02\/03-1-1024x683.jpg\" alt=\"\" class=\"wp-image-5640\" srcset=\"https:\/\/marcali.plebania.hu\/wp-content\/uploads\/2024\/02\/03-1-1024x683.jpg 1024w, https:\/\/marcali.plebania.hu\/wp-content\/uploads\/2024\/02\/03-1-300x200.jpg 300w, https:\/\/marcali.plebania.hu\/wp-content\/uploads\/2024\/02\/03-1-768x512.jpg 768w, https:\/\/marcali.plebania.hu\/wp-content\/uploads\/2024\/02\/03-1-1536x1024.jpg 1536w, https:\/\/marcali.plebania.hu\/wp-content\/uploads\/2024\/02\/03-1-2048x1365.jpg 2048w, https:\/\/marcali.plebania.hu\/wp-content\/uploads\/2024\/02\/03-1-405x270.jpg 405w\" sizes=\"auto, (max-width: 1024px) 100vw, 1024px\" \/><\/figure>\n\n\n\n<figure class=\"wp-block-image size-large\"><img loading=\"lazy\" decoding=\"async\" width=\"1024\" height=\"683\" data-id=\"5642\" src=\"https:\/\/marcali.plebania.hu\/wp-content\/uploads\/2024\/02\/04-1-1024x683.jpg\" alt=\"\" class=\"wp-image-5642\" srcset=\"https:\/\/marcali.plebania.hu\/wp-content\/uploads\/2024\/02\/04-1-1024x683.jpg 1024w, https:\/\/marcali.plebania.hu\/wp-content\/uploads\/2024\/02\/04-1-300x200.jpg 300w, https:\/\/marcali.plebania.hu\/wp-content\/uploads\/2024\/02\/04-1-768x512.jpg 768w, https:\/\/marcali.plebania.hu\/wp-content\/uploads\/2024\/02\/04-1-1536x1024.jpg 1536w, https:\/\/marcali.plebania.hu\/wp-content\/uploads\/2024\/02\/04-1-2048x1365.jpg 2048w, https:\/\/marcali.plebania.hu\/wp-content\/uploads\/2024\/02\/04-1-405x270.jpg 405w\" sizes=\"auto, (max-width: 1024px) 100vw, 1024px\" \/><\/figure>\n<\/figure>\n\n\n\n<p>Az idei \u00e9vben, a febru\u00e1r 11-18. k\u00f6z\u00f6tt megrendezett az orsz\u00e1gos program mott\u00f3ja: \u201e\u00c1lland\u00f3 meg\u00fajul\u00e1sban\u201d. C\u00e9lja, hogy felh\u00edvja a figyelmet a h\u00e1zass\u00e1g, a csal\u00e1d \u00e9rt\u00e9keire \u00e9s fontoss\u00e1g\u00e1ra, valamint arra, hogy seg\u00edts\u00e9get ny\u00fajtson a h\u00e1zass\u00e1gra k\u00e9sz\u00fcl\u0151knek, vagy a p\u00e1rkapcsolati probl\u00e9m\u00e1kkal szembes\u00fcl\u0151knek.<\/p>\n\n\n\n<p>A Marcali pl\u00e9b\u00e1niatemplomban megjelent h\u00e1zasp\u00e1rokat \u2013 az istentisztelet keret\u00e9ben \u2013 Ferenc atya meg\u00e1ldotta, valamint Isten \u00e1ld\u00e1s\u00e1t \u00e9s k\u00f6zbenj\u00e1r\u00e1s\u00e1t k\u00e9rte tov\u00e1bbi \u00e9let\u00fckre.<\/p>\n\n\n\n<figure class=\"wp-block-gallery has-nested-images columns-default is-cropped wp-block-gallery-2 is-layout-flex wp-block-gallery-is-layout-flex\">\n<figure class=\"wp-block-image size-large\"><img loading=\"lazy\" decoding=\"async\" width=\"1024\" height=\"683\" data-id=\"5645\" src=\"https:\/\/marcali.plebania.hu\/wp-content\/uploads\/2024\/02\/07-1-1024x683.jpg\" alt=\"\" class=\"wp-image-5645\" srcset=\"https:\/\/marcali.plebania.hu\/wp-content\/uploads\/2024\/02\/07-1-1024x683.jpg 1024w, https:\/\/marcali.plebania.hu\/wp-content\/uploads\/2024\/02\/07-1-300x200.jpg 300w, https:\/\/marcali.plebania.hu\/wp-content\/uploads\/2024\/02\/07-1-768x512.jpg 768w, https:\/\/marcali.plebania.hu\/wp-content\/uploads\/2024\/02\/07-1-1536x1024.jpg 1536w, https:\/\/marcali.plebania.hu\/wp-content\/uploads\/2024\/02\/07-1-2048x1365.jpg 2048w, https:\/\/marcali.plebania.hu\/wp-content\/uploads\/2024\/02\/07-1-405x270.jpg 405w\" sizes=\"auto, (max-width: 1024px) 100vw, 1024px\" \/><\/figure>\n\n\n\n<figure class=\"wp-block-image size-large\"><img loading=\"lazy\" decoding=\"async\" width=\"1024\" height=\"683\" data-id=\"5643\" src=\"https:\/\/marcali.plebania.hu\/wp-content\/uploads\/2024\/02\/10-1024x683.jpg\" alt=\"\" class=\"wp-image-5643\" srcset=\"https:\/\/marcali.plebania.hu\/wp-content\/uploads\/2024\/02\/10-1024x683.jpg 1024w, https:\/\/marcali.plebania.hu\/wp-content\/uploads\/2024\/02\/10-300x200.jpg 300w, https:\/\/marcali.plebania.hu\/wp-content\/uploads\/2024\/02\/10-768x512.jpg 768w, https:\/\/marcali.plebania.hu\/wp-content\/uploads\/2024\/02\/10-1536x1024.jpg 1536w, https:\/\/marcali.plebania.hu\/wp-content\/uploads\/2024\/02\/10-2048x1365.jpg 2048w, https:\/\/marcali.plebania.hu\/wp-content\/uploads\/2024\/02\/10-405x270.jpg 405w\" sizes=\"auto, (max-width: 1024px) 100vw, 1024px\" \/><\/figure>\n\n\n\n<figure class=\"wp-block-image size-large\"><img loading=\"lazy\" decoding=\"async\" width=\"1024\" height=\"683\" data-id=\"5644\" src=\"https:\/\/marcali.plebania.hu\/wp-content\/uploads\/2024\/02\/09-1024x683.jpg\" alt=\"\" class=\"wp-image-5644\" srcset=\"https:\/\/marcali.plebania.hu\/wp-content\/uploads\/2024\/02\/09-1024x683.jpg 1024w, https:\/\/marcali.plebania.hu\/wp-content\/uploads\/2024\/02\/09-300x200.jpg 300w, https:\/\/marcali.plebania.hu\/wp-content\/uploads\/2024\/02\/09-768x512.jpg 768w, https:\/\/marcali.plebania.hu\/wp-content\/uploads\/2024\/02\/09-1536x1024.jpg 1536w, https:\/\/marcali.plebania.hu\/wp-content\/uploads\/2024\/02\/09-2048x1365.jpg 2048w, https:\/\/marcali.plebania.hu\/wp-content\/uploads\/2024\/02\/09-405x270.jpg 405w\" sizes=\"auto, (max-width: 1024px) 100vw, 1024px\" \/><\/figure>\n\n\n\n<figure class=\"wp-block-image size-large\"><img loading=\"lazy\" decoding=\"async\" width=\"1024\" height=\"683\" data-id=\"5646\" src=\"https:\/\/marcali.plebania.hu\/wp-content\/uploads\/2024\/02\/08-1-1024x683.jpg\" alt=\"\" class=\"wp-image-5646\" srcset=\"https:\/\/marcali.plebania.hu\/wp-content\/uploads\/2024\/02\/08-1-1024x683.jpg 1024w, https:\/\/marcali.plebania.hu\/wp-content\/uploads\/2024\/02\/08-1-300x200.jpg 300w, https:\/\/marcali.plebania.hu\/wp-content\/uploads\/2024\/02\/08-1-768x512.jpg 768w, https:\/\/marcali.plebania.hu\/wp-content\/uploads\/2024\/02\/08-1-1536x1024.jpg 1536w, https:\/\/marcali.plebania.hu\/wp-content\/uploads\/2024\/02\/08-1-2048x1365.jpg 2048w, https:\/\/marcali.plebania.hu\/wp-content\/uploads\/2024\/02\/08-1-405x270.jpg 405w\" sizes=\"auto, (max-width: 1024px) 100vw, 1024px\" \/><\/figure>\n<\/figure>\n\n\n\n<p>A szentmis\u00e9n orgon\u00e1val k\u00f6zrem\u0171k\u00f6d\u00f6tt Balogh B\u00e1lint k\u00e1ntor, \u00e9s git\u00e1ros \u00e9nekekkel a F\u00e9ny Gyermekei Katolikus Zenekar.<\/p>\n\n\n\n<p>\u00cdrta \u00e9s fot\u00f3k: Kiss K\u00e1lm\u00e1n<\/p>\n","protected":false},"excerpt":{"rendered":"<p>2024. febru\u00e1r 18-\u00e1n, vas\u00e1rnap a 9 \u00f3r\u00e1s szentmis\u00e9n, Tomanek Ferenc \u00c1ron pl\u00e9b\u00e1nos a \u201eH\u00e1zass\u00e1g hete\u201d c\u00edm\u0171 rendezv\u00e9nysorozat befejez\u00e9sek\u00e9nt meg\u00e1ldotta a jelenl\u00e9v\u0151 h\u00e1zasp\u00e1rokat a Marcali Gy\u00fcm\u00f6lcsolt\u00f3 Boldogasszony pl\u00e9b\u00e1niatemplomban. Az idei \u00e9vben, a febru\u00e1r 11-18. k\u00f6z\u00f6tt megrendezett az orsz\u00e1gos program mott\u00f3ja: \u201e\u00c1lland\u00f3 meg\u00fajul\u00e1sban\u201d. C\u00e9lja, hogy felh\u00edvja a figyelmet a h\u00e1zass\u00e1g, a csal\u00e1d \u00e9rt\u00e9keire \u00e9s fontoss\u00e1g\u00e1ra, valamint arra, hogy seg\u00edts\u00e9get ny\u00fajtson a h\u00e1zass\u00e1gra k\u00e9sz\u00fcl\u0151knek, vagy a p\u00e1rkapcsolati probl\u00e9m\u00e1kkal szembes\u00fcl\u0151knek. A Marcali pl\u00e9b\u00e1niatemplomban megjelent h\u00e1zasp\u00e1rokat \u2013 az istentisztelet keret\u00e9ben \u2013 Ferenc atya meg\u00e1ldotta, valamint&#8230;<\/p>\n<p class=\"read-more\"><a class=\"btn btn-default\" href=\"https:\/\/marcali.plebania.hu\/?p=5638\"> Read More<span class=\"screen-reader-text\">  Read More<\/span><\/a><\/p>\n","protected":false},"author":2,"featured_media":0,"comment_status":"closed","ping_status":"open","sticky":false,"template":"","format":"standard","meta":{"footnotes":""},"categories":[1],"tags":[],"class_list":["post-5638","post","type-post","status-publish","format-standard","hentry","category-egyeb"],"_links":{"self":[{"href":"https:\/\/marcali.plebania.hu\/index.php?rest_route=\/wp\/v2\/posts\/5638","targetHints":{"allow":["GET"]}}],"collection":[{"href":"https:\/\/marcali.plebania.hu\/index.php?rest_route=\/wp\/v2\/posts"}],"about":[{"href":"https:\/\/marcali.plebania.hu\/index.php?rest_route=\/wp\/v2\/types\/post"}],"author":[{"embeddable":true,"href":"https:\/\/marcali.plebania.hu\/index.php?rest_route=\/wp\/v2\/users\/2"}],"replies":[{"embeddable":true,"href":"https:\/\/marcali.plebania.hu\/index.php?rest_route=%2Fwp%2Fv2%2Fcomments&post=5638"}],"version-history":[{"count":1,"href":"https:\/\/marcali.plebania.hu\/index.php?rest_route=\/wp\/v2\/posts\/5638\/revisions"}],"predecessor-version":[{"id":5647,"href":"https:\/\/marcali.plebania.hu\/index.php?rest_route=\/wp\/v2\/posts\/5638\/revisions\/5647"}],"wp:attachment":[{"href":"https:\/\/marcali.plebania.hu\/index.php?rest_route=%2Fwp%2Fv2%2Fmedia&parent=5638"}],"wp:term":[{"taxonomy":"category","embeddable":true,"href":"https:\/\/marcali.plebania.hu\/index.php?rest_route=%2Fwp%2Fv2%2Fcategories&post=5638"},{"taxonomy":"post_tag","embeddable":true,"href":"https:\/\/marcali.plebania.hu\/index.php?rest_route=%2Fwp%2Fv2%2Ftags&post=5638"}],"curies":[{"name":"wp","href":"https:\/\/api.w.org\/{rel}","templated":true}]}}