{"id":5649,"date":"2024-02-27T15:12:44","date_gmt":"2024-02-27T15:12:44","guid":{"rendered":"https:\/\/marcali.plebania.hu\/?p=5649"},"modified":"2024-02-27T15:12:44","modified_gmt":"2024-02-27T15:12:44","slug":"hirdetesek-2024-februar-25-en","status":"publish","type":"post","link":"https:\/\/marcali.plebania.hu\/?p=5649","title":{"rendered":"Hirdet\u00e9sek 2024. febru\u00e1r 25-\u00e9n"},"content":{"rendered":"\n<p><strong><a href=\"https:\/\/igenaptar.katolikus.hu\/2024\/nap\/index.php?holnap=2024-02-25\" target=\"_blank\" rel=\"noreferrer noopener\"><u>Nagyb\u00f6jt 2. vas\u00e1rnapja<\/u><\/a><\/strong><strong><\/strong><\/p>\n\n\n\n<ol class=\"wp-block-list\" start=\"1\">\n<li>A mai perselyadom\u00e1nyokat a <strong>katolikus iskol\u00e1k jav\u00e1ra<\/strong> tov\u00e1bb\u00edtjuk.<\/li>\n\n\n\n<li>Nagyb\u00f6jt p\u00e9ntekjein 16:15-t\u0151l kereszt\u00fati im\u00e1ds\u00e1g \u00e9s gy\u00f3n\u00e1si lehet\u0151s\u00e9g a pl\u00e9b\u00e1niatemplomban. Ezen a p\u00e9nteken <strong>teremt\u00e9sv\u00e9delmi kereszt\u00fat<\/strong>i im\u00e1ds\u00e1g, a szentmise ut\u00e1n pedig lehet\u0151s\u00e9g lesz egyh\u00e1zmegy\u00e9nk teremt\u00e9sv\u00e9delmi referenseivel besz\u00e9lgetni a t\u00e9m\u00e1r\u00f3l a pl\u00e9b\u00e1ni\u00e1n.<\/li>\n\n\n\n<li>A <strong>F\u00e9rfi-k\u00f6r<\/strong> k\u00f6vetkez\u0151 tal\u00e1lkoz\u00f3ja szerd\u00e1n, a <strong>feln\u0151tt<\/strong>eknek sz\u00f3l\u00f3 <strong>hittan<\/strong> \u00e9s szents\u00e9gi felk\u00e9sz\u00edt\u0151 pedig cs\u00fct\u00f6rt\u00f6k\u00f6n 17:45-kor kezd\u0151dik a pl\u00e9b\u00e1ni\u00e1n. Szeretettel v\u00e1rjuk a tagokat \u00e9s az \u00e9rdekl\u0151d\u0151ket.<\/li>\n\n\n\n<li>A pl\u00e9b\u00e1niai F\u00e9rfi-k\u00f6r csatlakozik az egyh\u00e1zmegy\u00e9nkben a papi hivat\u00e1sok\u00e9rt meghirdetett <strong>andocsi zar\u00e1ndoklat<\/strong>hoz. Indul\u00e1s j\u00f6v\u0151 vas\u00e1rnap 13:00-kor a pl\u00e9b\u00e1niatemplomt\u00f3l. A 15:00-kor kezd\u0151d\u0151 p\u00fcsp\u00f6ki szentmise ut\u00e1n indulnak vissza a r\u00e9sztvev\u0151k. B\u00e1rki csatlakozhat, nem csak a F\u00e9rfi-k\u00f6r tagjai. K\u00e9rj\u00fck a r\u00e9szv\u00e9teli sz\u00e1nd\u00e9kot az irod\u00e1n jelezni (szem\u00e9lyesen vagy e-mailben).<\/li>\n\n\n\n<li>A p\u00fcsp\u00f6ki konferencia \u00e1ltal meghirdetett nagyb\u00f6jti <strong>tart\u00f3s\u00e9lelmiszer-gy\u0171jt\u00e9s<\/strong>sel \u00f6sszhangban szeretettel k\u00e9rj\u00fck \u00e9s v\u00e1rjuk a h\u00edvek tart\u00f3s\u00e9lelmiszer-adom\u00e1nyait m\u00e1rcius 3-t\u00f3l 10-ig. A szentmis\u00e9k el\u0151tt \u00e9s ut\u00e1n a sekresty\u00e9ben v\u00e1rjuk a cukor, tart\u00f3s tej, liszt, olaj \u00e9s egy\u00e9b tart\u00f3s\u00e9lelmiszer-adom\u00e1nyt, amit karit\u00e1sz csoportunk \u00e1ll\u00edt \u00f6ssze a r\u00e1szorul\u00f3k sz\u00e1m\u00e1ra \u00e9s oszt ki h\u00fasv\u00e9tra. K\u00e9rj\u00fck, figyeljetek a lej\u00e1rati id\u0151re! K\u00f6sz\u00f6n\u00fcnk minden adom\u00e1nyt.<\/li>\n\n\n\n<li><strong>Nagyb\u00f6jti lelkigyakorlat<\/strong>ot tartunk m\u00e1rcius 7-t\u0151l 9-ig Bellovics G\u00e1bor jezsuita atya vezet\u00e9s\u00e9vel.<\/li>\n<\/ol>\n","protected":false},"excerpt":{"rendered":"<p>Nagyb\u00f6jt 2. vas\u00e1rnapja<\/p>\n","protected":false},"author":2,"featured_media":0,"comment_status":"closed","ping_status":"open","sticky":false,"template":"","format":"standard","meta":{"footnotes":""},"categories":[1],"tags":[],"class_list":["post-5649","post","type-post","status-publish","format-standard","hentry","category-egyeb"],"_links":{"self":[{"href":"https:\/\/marcali.plebania.hu\/index.php?rest_route=\/wp\/v2\/posts\/5649","targetHints":{"allow":["GET"]}}],"collection":[{"href":"https:\/\/marcali.plebania.hu\/index.php?rest_route=\/wp\/v2\/posts"}],"about":[{"href":"https:\/\/marcali.plebania.hu\/index.php?rest_route=\/wp\/v2\/types\/post"}],"author":[{"embeddable":true,"href":"https:\/\/marcali.plebania.hu\/index.php?rest_route=\/wp\/v2\/users\/2"}],"replies":[{"embeddable":true,"href":"https:\/\/marcali.plebania.hu\/index.php?rest_route=%2Fwp%2Fv2%2Fcomments&post=5649"}],"version-history":[{"count":1,"href":"https:\/\/marcali.plebania.hu\/index.php?rest_route=\/wp\/v2\/posts\/5649\/revisions"}],"predecessor-version":[{"id":5650,"href":"https:\/\/marcali.plebania.hu\/index.php?rest_route=\/wp\/v2\/posts\/5649\/revisions\/5650"}],"wp:attachment":[{"href":"https:\/\/marcali.plebania.hu\/index.php?rest_route=%2Fwp%2Fv2%2Fmedia&parent=5649"}],"wp:term":[{"taxonomy":"category","embeddable":true,"href":"https:\/\/marcali.plebania.hu\/index.php?rest_route=%2Fwp%2Fv2%2Fcategories&post=5649"},{"taxonomy":"post_tag","embeddable":true,"href":"https:\/\/marcali.plebania.hu\/index.php?rest_route=%2Fwp%2Fv2%2Ftags&post=5649"}],"curies":[{"name":"wp","href":"https:\/\/api.w.org\/{rel}","templated":true}]}}