{"id":5652,"date":"2024-03-02T22:35:33","date_gmt":"2024-03-02T22:35:33","guid":{"rendered":"https:\/\/marcali.plebania.hu\/?p=5652"},"modified":"2024-03-09T14:27:41","modified_gmt":"2024-03-09T14:27:41","slug":"hirdetesek-2024-marcius-3-an","status":"publish","type":"post","link":"https:\/\/marcali.plebania.hu\/?p=5652","title":{"rendered":"Hirdet\u00e9sek 2024. m\u00e1rcius 3-\u00e1n"},"content":{"rendered":"\n<p><\/p>\n\n\n\n<p><strong><a href=\"https:\/\/igenaptar.katolikus.hu\/2024\/nap\/index.php?holnap=2024-03-03\" target=\"_blank\" rel=\"noreferrer noopener\"><u>Nagyb\u00f6jt 3. vas\u00e1rnapja<\/u><\/a><\/strong> <\/p>\n\n\n\n<ol class=\"wp-block-list\" start=\"1\">\n<li>K\u00f6sz\u00f6nj\u00fck a m\u00falt vas\u00e1rnapi perselyadom\u00e1nyokat a <strong>katolikus iskol\u00e1k jav\u00e1ra<\/strong>.<\/li>\n\n\n\n<li>A pl\u00e9b\u00e1niai F\u00e9rfi-k\u00f6r csatlakozik az egyh\u00e1zmegy\u00e9nkben a papi hivat\u00e1sok\u00e9rt meghirdetett <strong>andocsi zar\u00e1ndoklat<\/strong>hoz. Indul\u00e1s ma 13:00-kor a pl\u00e9b\u00e1niatemplomt\u00f3l.<\/li>\n\n\n\n<li>A p\u00fcsp\u00f6ki konferencia \u00e1ltal meghirdetett nagyb\u00f6jti <strong>tart\u00f3s\u00e9lelmiszer-gy\u0171jt\u00e9s<\/strong>sel \u00f6sszhangban k\u00e9rj\u00fck a h\u00edvek tart\u00f3s\u00e9lelmiszer-adom\u00e1nyait j\u00f6v\u0151 vas\u00e1rnapig. A sekresty\u00e9ben v\u00e1rjuk k\u00f6sz\u00f6nettel a cukor, tart\u00f3s tej, liszt, olaj \u00e9s egy\u00e9b tart\u00f3s\u00e9lelmiszer-adom\u00e1nyt, amit karit\u00e1sz csoportunk \u00e1ll\u00edt \u00f6ssze a r\u00e1szorul\u00f3k sz\u00e1m\u00e1ra \u00e9s oszt ki h\u00fasv\u00e9tra. K\u00f6sz\u00f6n\u00fcnk minden adom\u00e1nyt.<\/li>\n\n\n\n<li>Szerd\u00e1n nem lesz szentmise a templomban.<\/li>\n\n\n\n<li>Cs\u00fct\u00f6rt\u00f6k\u00f6n megkezd\u0151dik a pl\u00e9b\u00e1nia\u00e9p\u00fclet fel\u00faj\u00edt\u00e1sa, melynek befejezt\u00e9ig az X-h\u00e1zba (D\u00f3zsa Gy. u. 3.) k\u00f6lt\u00f6zik az <strong>iroda<\/strong>.<\/li>\n\n\n\n<li><strong>Nagyb\u00f6jti lelkigyakorlat<\/strong>ot tartunk cs\u00fct\u00f6rt\u00f6kt\u0151l szombatig Bellovics G\u00e1bor jezsuita atya vezet\u00e9s\u00e9vel. Az esti szentmis\u00e9kben lesznek az elm\u00e9lked\u00e9sek \u00e9s a szentmis\u00e9k idej\u00e9n gy\u00f3n\u00e1si lehet\u0151s\u00e9g is lesz. P\u00e9nteken a F\u00e9rfi-k\u00f6r vezet\u00e9s\u00e9vel im\u00e1dkozunk keresztutat, szombaton pedig csal\u00e1dos kereszt\u00fatra h\u00edvunk mindenkit 16:15-t\u0151l.<\/li>\n\n\n\n<li>A szombat esti szentmis\u00e9ben lesz az egyh\u00e1zmegyei <strong>rajzversenyp\u00e1ly\u00e1zat<\/strong>on indul\u00f3 marcali di\u00e1kok ker\u00fcleti fordul\u00f3n el\u00e9rt <strong>eredm\u00e9ny<\/strong>einek <strong>kihirdet\u00e9s<\/strong>e.<\/li>\n\n\n\n<li>A <strong>b\u00e9rm\u00e1lkoz\u00e1sra k\u00e9sz\u00fcl\u0151k<\/strong> sz\u00fcleit m\u00e1rcius 12-\u00e9n 16:15-re v\u00e1rjuk az X-h\u00e1zba <strong>sz\u00fcl\u0151i \u00e9rtekezlet<\/strong>re.<\/li>\n<\/ol>\n","protected":false},"excerpt":{"rendered":"<p>Nagyb\u00f6jt 3. vas\u00e1rnapja<\/p>\n","protected":false},"author":1,"featured_media":0,"comment_status":"closed","ping_status":"open","sticky":false,"template":"","format":"standard","meta":{"footnotes":""},"categories":[1],"tags":[],"class_list":["post-5652","post","type-post","status-publish","format-standard","hentry","category-egyeb"],"_links":{"self":[{"href":"https:\/\/marcali.plebania.hu\/index.php?rest_route=\/wp\/v2\/posts\/5652","targetHints":{"allow":["GET"]}}],"collection":[{"href":"https:\/\/marcali.plebania.hu\/index.php?rest_route=\/wp\/v2\/posts"}],"about":[{"href":"https:\/\/marcali.plebania.hu\/index.php?rest_route=\/wp\/v2\/types\/post"}],"author":[{"embeddable":true,"href":"https:\/\/marcali.plebania.hu\/index.php?rest_route=\/wp\/v2\/users\/1"}],"replies":[{"embeddable":true,"href":"https:\/\/marcali.plebania.hu\/index.php?rest_route=%2Fwp%2Fv2%2Fcomments&post=5652"}],"version-history":[{"count":2,"href":"https:\/\/marcali.plebania.hu\/index.php?rest_route=\/wp\/v2\/posts\/5652\/revisions"}],"predecessor-version":[{"id":5654,"href":"https:\/\/marcali.plebania.hu\/index.php?rest_route=\/wp\/v2\/posts\/5652\/revisions\/5654"}],"wp:attachment":[{"href":"https:\/\/marcali.plebania.hu\/index.php?rest_route=%2Fwp%2Fv2%2Fmedia&parent=5652"}],"wp:term":[{"taxonomy":"category","embeddable":true,"href":"https:\/\/marcali.plebania.hu\/index.php?rest_route=%2Fwp%2Fv2%2Fcategories&post=5652"},{"taxonomy":"post_tag","embeddable":true,"href":"https:\/\/marcali.plebania.hu\/index.php?rest_route=%2Fwp%2Fv2%2Ftags&post=5652"}],"curies":[{"name":"wp","href":"https:\/\/api.w.org\/{rel}","templated":true}]}}