{"id":5656,"date":"2024-03-12T09:23:16","date_gmt":"2024-03-12T09:23:16","guid":{"rendered":"https:\/\/marcali.plebania.hu\/?p=5656"},"modified":"2024-03-12T09:23:16","modified_gmt":"2024-03-12T09:23:16","slug":"szentmise-es-megemlekezes-a-kommunizmus-aldozatainak-emleknapjan-marcaliban","status":"publish","type":"post","link":"https:\/\/marcali.plebania.hu\/?p=5656","title":{"rendered":"Szentmise \u00e9s megeml\u00e9kez\u00e9s a Kommunizmus \u00c1ldozatainak Eml\u00e9knapj\u00e1n Marcaliban"},"content":{"rendered":"\n<p>2024. febru\u00e1r 25-\u00e9n, vas\u00e1rnap Marcaliban is megeml\u00e9keztek a Kommunizmus \u00c1ldozatainak Eml\u00e9knapj\u00e1n.<\/p>\n\n\n\n<p>9 \u00f3r\u00e1t\u00f3l a Gy\u00fcm\u00f6lcsolt\u00f3 Boldogasszony pl\u00e9b\u00e1niatemplomban Tomanek Ferenc \u00c1ron pl\u00e9b\u00e1nos engesztel\u0151 szentmis\u00e9t celebr\u00e1lt a kommunizmus \u00e1ldozatai\u00e9rt. Az istentiszteleten Balogh B\u00e1lint k\u00e1ntor orgon\u00e1val, \u00e9s a F\u00e9ny Gyermekei Katolikus Zenekar m\u0171k\u00f6d\u00f6tt k\u00f6zre.<\/p>\n\n\n\n<figure class=\"wp-block-gallery has-nested-images columns-default is-cropped wp-block-gallery-1 is-layout-flex wp-block-gallery-is-layout-flex\">\n<figure class=\"wp-block-image size-large\"><img loading=\"lazy\" decoding=\"async\" width=\"1024\" height=\"683\" data-id=\"5659\" src=\"https:\/\/marcali.plebania.hu\/wp-content\/uploads\/2024\/03\/01-1024x683.jpg\" alt=\"\" class=\"wp-image-5659\" srcset=\"https:\/\/marcali.plebania.hu\/wp-content\/uploads\/2024\/03\/01-1024x683.jpg 1024w, https:\/\/marcali.plebania.hu\/wp-content\/uploads\/2024\/03\/01-300x200.jpg 300w, https:\/\/marcali.plebania.hu\/wp-content\/uploads\/2024\/03\/01-768x512.jpg 768w, https:\/\/marcali.plebania.hu\/wp-content\/uploads\/2024\/03\/01-1536x1024.jpg 1536w, https:\/\/marcali.plebania.hu\/wp-content\/uploads\/2024\/03\/01-2048x1365.jpg 2048w, https:\/\/marcali.plebania.hu\/wp-content\/uploads\/2024\/03\/01-405x270.jpg 405w\" sizes=\"auto, (max-width: 1024px) 100vw, 1024px\" \/><\/figure>\n\n\n\n<figure class=\"wp-block-image size-large\"><img loading=\"lazy\" decoding=\"async\" width=\"1024\" height=\"683\" data-id=\"5657\" src=\"https:\/\/marcali.plebania.hu\/wp-content\/uploads\/2024\/03\/02-1024x683.jpg\" alt=\"\" class=\"wp-image-5657\" srcset=\"https:\/\/marcali.plebania.hu\/wp-content\/uploads\/2024\/03\/02-1024x683.jpg 1024w, https:\/\/marcali.plebania.hu\/wp-content\/uploads\/2024\/03\/02-300x200.jpg 300w, https:\/\/marcali.plebania.hu\/wp-content\/uploads\/2024\/03\/02-768x512.jpg 768w, https:\/\/marcali.plebania.hu\/wp-content\/uploads\/2024\/03\/02-1536x1024.jpg 1536w, https:\/\/marcali.plebania.hu\/wp-content\/uploads\/2024\/03\/02-2048x1365.jpg 2048w, https:\/\/marcali.plebania.hu\/wp-content\/uploads\/2024\/03\/02-405x270.jpg 405w\" sizes=\"auto, (max-width: 1024px) 100vw, 1024px\" \/><\/figure>\n\n\n\n<figure class=\"wp-block-image size-large\"><img loading=\"lazy\" decoding=\"async\" width=\"1024\" height=\"683\" data-id=\"5660\" src=\"https:\/\/marcali.plebania.hu\/wp-content\/uploads\/2024\/03\/03-1024x683.jpg\" alt=\"\" class=\"wp-image-5660\" srcset=\"https:\/\/marcali.plebania.hu\/wp-content\/uploads\/2024\/03\/03-1024x683.jpg 1024w, https:\/\/marcali.plebania.hu\/wp-content\/uploads\/2024\/03\/03-300x200.jpg 300w, https:\/\/marcali.plebania.hu\/wp-content\/uploads\/2024\/03\/03-768x512.jpg 768w, https:\/\/marcali.plebania.hu\/wp-content\/uploads\/2024\/03\/03-1536x1024.jpg 1536w, https:\/\/marcali.plebania.hu\/wp-content\/uploads\/2024\/03\/03-2048x1365.jpg 2048w, https:\/\/marcali.plebania.hu\/wp-content\/uploads\/2024\/03\/03-405x270.jpg 405w\" sizes=\"auto, (max-width: 1024px) 100vw, 1024px\" \/><\/figure>\n\n\n\n<figure class=\"wp-block-image size-large\"><img loading=\"lazy\" decoding=\"async\" width=\"1024\" height=\"683\" data-id=\"5661\" src=\"https:\/\/marcali.plebania.hu\/wp-content\/uploads\/2024\/03\/06-1024x683.jpg\" alt=\"\" class=\"wp-image-5661\" srcset=\"https:\/\/marcali.plebania.hu\/wp-content\/uploads\/2024\/03\/06-1024x683.jpg 1024w, https:\/\/marcali.plebania.hu\/wp-content\/uploads\/2024\/03\/06-300x200.jpg 300w, https:\/\/marcali.plebania.hu\/wp-content\/uploads\/2024\/03\/06-768x512.jpg 768w, https:\/\/marcali.plebania.hu\/wp-content\/uploads\/2024\/03\/06-1536x1024.jpg 1536w, https:\/\/marcali.plebania.hu\/wp-content\/uploads\/2024\/03\/06-2048x1365.jpg 2048w, https:\/\/marcali.plebania.hu\/wp-content\/uploads\/2024\/03\/06-405x270.jpg 405w\" sizes=\"auto, (max-width: 1024px) 100vw, 1024px\" \/><\/figure>\n<\/figure>\n\n\n\n<p>Majd ezut\u00e1n a jelenl\u00e9v\u0151k kivonultak a templom el\u00e9, ahol az 1956-os eml\u00e9km\u0171n\u00e9l folytat\u00f3dott a megeml\u00e9kez\u00e9s. Els\u0151k\u00e9nt Kiss K\u00e1lm\u00e1n, a Kereszt\u00e9ny \u00c9rtelmis\u00e9giek Sz\u00f6vets\u00e9ge Marcali Csoportj\u00e1nak eln\u00f6ke k\u00f6sz\u00f6nt\u00f6tte a megjelenteket, majd besz\u00e9lt az eml\u00e9knap fontoss\u00e1g\u00e1r\u00f3l. Majd ezut\u00e1n dr. Pozsonyi M\u00e1rk, a Marcali \u00e9s K\u00f6rny\u00e9ke Hagyom\u00e1ny\u0151rz\u0151 Ipartest\u00fclet vezet\u0151s\u00e9gi tagja sz\u00f3lt az egybegy\u0171ltekhez. Kiemelte, hogy az akkori rendszer \u00e1ldozatai k\u00f6z\u00e9 azok az emberek is beletartoznak, akiket vall\u00e1suk, vagy m\u00e1s egy\u00e9b okok miatt \u00fcld\u00f6ztek, kitelep\u00edtettek, vagy les\u00f6p\u00f6rt\u00e9k a padl\u00e1s\u00e1t, sokak tov\u00e1bbtanul\u00e1s\u00e1t pedig megakad\u00e1lyozt\u00e1k. V\u00e9g\u00fcl a Marcali megeml\u00e9kez\u00e9s f\u0151 sz\u00f3noka, Nagy Csaba hadikr\u00f3nik\u00e1s vette \u00e1t a sz\u00f3t \u00e9s eleven\u00edtett fel t\u00f6bb t\u00f6rt\u00e9netet, melyet az egykori riportalanyait\u00f3l gy\u0171jt\u00f6tt \u00f6ssze kutat\u00f3munk\u00e1ja sor\u00e1n. A visszaeml\u00e9kez\u0151k elmond\u00e1sai alapj\u00e1n kijelenthet\u0151, hogy Magyarorsz\u00e1g 1944-45-\u00f6s szovjet megsz\u00e1ll\u00e1s\u00e1val p\u00e1rhuzamosan m\u00e1r megkezd\u0151dtek az els\u0151 \u00fcld\u00f6ztet\u00e9sek, atrocit\u00e1sok, \u00e9s megtorl\u00e1sok. Ezekre helybeli tragikus p\u00e9ld\u00e1kat sorolt fel, melyeket a v\u00e9dtelen polg\u00e1ri lakoss\u00e1ggal szemben a megsz\u00e1ll\u00f3 szovjet katon\u00e1k k\u00f6vettek el, akik l\u00e9nyeg\u00e9ben \u201erabszolg\u00e1i\u201d voltak egy embertelen vil\u00e1gnak. Az eml\u00e9kez\u00e9s \u00e9s eml\u00e9keztet\u00e9s fontoss\u00e1g\u00e1ra h\u00edvta fel a figyelmet.<\/p>\n\n\n\n<figure class=\"wp-block-gallery has-nested-images columns-default is-cropped wp-block-gallery-2 is-layout-flex wp-block-gallery-is-layout-flex\">\n<figure class=\"wp-block-image size-large\"><img loading=\"lazy\" decoding=\"async\" width=\"1024\" height=\"683\" data-id=\"5664\" src=\"https:\/\/marcali.plebania.hu\/wp-content\/uploads\/2024\/03\/19-1024x683.jpg\" alt=\"\" class=\"wp-image-5664\" srcset=\"https:\/\/marcali.plebania.hu\/wp-content\/uploads\/2024\/03\/19-1024x683.jpg 1024w, https:\/\/marcali.plebania.hu\/wp-content\/uploads\/2024\/03\/19-300x200.jpg 300w, https:\/\/marcali.plebania.hu\/wp-content\/uploads\/2024\/03\/19-768x512.jpg 768w, https:\/\/marcali.plebania.hu\/wp-content\/uploads\/2024\/03\/19-1536x1024.jpg 1536w, https:\/\/marcali.plebania.hu\/wp-content\/uploads\/2024\/03\/19-2048x1365.jpg 2048w, https:\/\/marcali.plebania.hu\/wp-content\/uploads\/2024\/03\/19-405x270.jpg 405w\" sizes=\"auto, (max-width: 1024px) 100vw, 1024px\" \/><\/figure>\n\n\n\n<figure class=\"wp-block-image size-large\"><img loading=\"lazy\" decoding=\"async\" width=\"1024\" height=\"683\" data-id=\"5666\" src=\"https:\/\/marcali.plebania.hu\/wp-content\/uploads\/2024\/03\/27-1024x683.jpg\" alt=\"\" class=\"wp-image-5666\" srcset=\"https:\/\/marcali.plebania.hu\/wp-content\/uploads\/2024\/03\/27-1024x683.jpg 1024w, https:\/\/marcali.plebania.hu\/wp-content\/uploads\/2024\/03\/27-300x200.jpg 300w, https:\/\/marcali.plebania.hu\/wp-content\/uploads\/2024\/03\/27-768x512.jpg 768w, https:\/\/marcali.plebania.hu\/wp-content\/uploads\/2024\/03\/27-1536x1024.jpg 1536w, https:\/\/marcali.plebania.hu\/wp-content\/uploads\/2024\/03\/27-2048x1365.jpg 2048w, https:\/\/marcali.plebania.hu\/wp-content\/uploads\/2024\/03\/27-405x270.jpg 405w\" sizes=\"auto, (max-width: 1024px) 100vw, 1024px\" \/><\/figure>\n\n\n\n<figure class=\"wp-block-image size-large\"><img loading=\"lazy\" decoding=\"async\" width=\"1024\" height=\"683\" data-id=\"5667\" src=\"https:\/\/marcali.plebania.hu\/wp-content\/uploads\/2024\/03\/38-1024x683.jpg\" alt=\"\" class=\"wp-image-5667\" srcset=\"https:\/\/marcali.plebania.hu\/wp-content\/uploads\/2024\/03\/38-1024x683.jpg 1024w, https:\/\/marcali.plebania.hu\/wp-content\/uploads\/2024\/03\/38-300x200.jpg 300w, https:\/\/marcali.plebania.hu\/wp-content\/uploads\/2024\/03\/38-768x512.jpg 768w, https:\/\/marcali.plebania.hu\/wp-content\/uploads\/2024\/03\/38-1536x1024.jpg 1536w, https:\/\/marcali.plebania.hu\/wp-content\/uploads\/2024\/03\/38-2048x1365.jpg 2048w, https:\/\/marcali.plebania.hu\/wp-content\/uploads\/2024\/03\/38-405x270.jpg 405w\" sizes=\"auto, (max-width: 1024px) 100vw, 1024px\" \/><\/figure>\n\n\n\n<figure class=\"wp-block-image size-large\"><img loading=\"lazy\" decoding=\"async\" width=\"1024\" height=\"683\" data-id=\"5669\" src=\"https:\/\/marcali.plebania.hu\/wp-content\/uploads\/2024\/03\/44-1024x683.jpg\" alt=\"\" class=\"wp-image-5669\" srcset=\"https:\/\/marcali.plebania.hu\/wp-content\/uploads\/2024\/03\/44-1024x683.jpg 1024w, https:\/\/marcali.plebania.hu\/wp-content\/uploads\/2024\/03\/44-300x200.jpg 300w, https:\/\/marcali.plebania.hu\/wp-content\/uploads\/2024\/03\/44-768x512.jpg 768w, https:\/\/marcali.plebania.hu\/wp-content\/uploads\/2024\/03\/44-1536x1024.jpg 1536w, https:\/\/marcali.plebania.hu\/wp-content\/uploads\/2024\/03\/44-2048x1365.jpg 2048w, https:\/\/marcali.plebania.hu\/wp-content\/uploads\/2024\/03\/44-405x270.jpg 405w\" sizes=\"auto, (max-width: 1024px) 100vw, 1024px\" \/><\/figure>\n<\/figure>\n\n\n\n<p>Ezt k\u00f6vet\u0151en T\u00f3th Eszter \u00c1gnes egyetemi hallgat\u00f3 elmondta Rem\u00e9nyik S\u00e1ndor: Kegyelem c\u00edm\u0171 vers\u00e9t. Majd a jelenl\u00e9v\u0151k m\u00e9csesek elhelyez\u00e9s\u00e9vel, f\u0151hajt\u00e1ssal r\u00f3tt\u00e1k le kegyelet\u00fcket az \u00e1ldozatok eml\u00e9ke el\u0151tt. A rendezv\u00e9nyen gyerty\u00e1t gy\u00fajtott Huszti G\u00e1bor, a Somogy V\u00e1rmegyei K\u00f6zgy\u0171l\u00e9s aleln\u00f6ke; Miszi Zsuzsanna \u00e9s Moln\u00e1r \u00c1gnes Anna \u00f6nkorm\u00e1nyzati k\u00e9pvisel\u0151k; Gelencs\u00e9r R\u00f3bert, vil\u00e1gi eln\u00f6k, a R\u00f3mai Katolikus Egyh\u00e1zk\u00f6zs\u00e9g k\u00e9pviselet\u00e9ben; a civil szervezetek r\u00e9sz\u00e9r\u0151l pedig: Szaka Zsolt, a MKH. Ipartest\u00fclet eln\u00f6ke; Pomozi Istv\u00e1nn\u00e9, a Marcali Sz\u00e9passzonyok \u00e9s Fi\u00fak Hagyom\u00e1ny\u0151rz\u0151 Egyes\u00fclet; Kiss K\u00e1lm\u00e1n, a K\u00c9SZ Marcali Csoportj\u00e1nak eln\u00f6ke; tov\u00e1bb\u00e1 a r\u00e9sztvev\u0151 k\u00f6z\u00f6ss\u00e9gek tagjai, a h\u00edvek \u00e9s a v\u00e1roslak\u00f3k.<\/p>\n\n\n\n<p>A megeml\u00e9kez\u00e9st a K\u00c9SZ Marcali Csoportja, valamint a MKH. Ipartest\u00fclet k\u00f6z\u00f6sen szervezte.<\/p>\n\n\n\n<p><\/p>\n\n\n\n<p>\u00cdrta \u00e9s fot\u00f3k: K\u00c9SZ Marcali Csoport\/Szaka Zsolt\/Kiss K\u00e1lm\u00e1n<\/p>\n","protected":false},"excerpt":{"rendered":"<p>2024. febru\u00e1r 25-\u00e9n, vas\u00e1rnap Marcaliban is megeml\u00e9keztek a Kommunizmus \u00c1ldozatainak Eml\u00e9knapj\u00e1n. 9 \u00f3r\u00e1t\u00f3l a Gy\u00fcm\u00f6lcsolt\u00f3 Boldogasszony pl\u00e9b\u00e1niatemplomban Tomanek Ferenc \u00c1ron pl\u00e9b\u00e1nos engesztel\u0151 szentmis\u00e9t celebr\u00e1lt a kommunizmus \u00e1ldozatai\u00e9rt. Az istentiszteleten Balogh B\u00e1lint k\u00e1ntor orgon\u00e1val, \u00e9s a F\u00e9ny Gyermekei Katolikus Zenekar m\u0171k\u00f6d\u00f6tt k\u00f6zre. Majd ezut\u00e1n a jelenl\u00e9v\u0151k kivonultak a templom el\u00e9, ahol az 1956-os eml\u00e9km\u0171n\u00e9l folytat\u00f3dott a megeml\u00e9kez\u00e9s. Els\u0151k\u00e9nt Kiss K\u00e1lm\u00e1n, a Kereszt\u00e9ny \u00c9rtelmis\u00e9giek Sz\u00f6vets\u00e9ge Marcali Csoportj\u00e1nak eln\u00f6ke k\u00f6sz\u00f6nt\u00f6tte a megjelenteket, majd besz\u00e9lt az eml\u00e9knap fontoss\u00e1g\u00e1r\u00f3l. Majd ezut\u00e1n dr. Pozsonyi M\u00e1rk, a&#8230;<\/p>\n<p class=\"read-more\"><a class=\"btn btn-default\" href=\"https:\/\/marcali.plebania.hu\/?p=5656\"> Read More<span class=\"screen-reader-text\">  Read More<\/span><\/a><\/p>\n","protected":false},"author":2,"featured_media":0,"comment_status":"closed","ping_status":"open","sticky":false,"template":"","format":"standard","meta":{"footnotes":""},"categories":[1],"tags":[],"class_list":["post-5656","post","type-post","status-publish","format-standard","hentry","category-egyeb"],"_links":{"self":[{"href":"https:\/\/marcali.plebania.hu\/index.php?rest_route=\/wp\/v2\/posts\/5656","targetHints":{"allow":["GET"]}}],"collection":[{"href":"https:\/\/marcali.plebania.hu\/index.php?rest_route=\/wp\/v2\/posts"}],"about":[{"href":"https:\/\/marcali.plebania.hu\/index.php?rest_route=\/wp\/v2\/types\/post"}],"author":[{"embeddable":true,"href":"https:\/\/marcali.plebania.hu\/index.php?rest_route=\/wp\/v2\/users\/2"}],"replies":[{"embeddable":true,"href":"https:\/\/marcali.plebania.hu\/index.php?rest_route=%2Fwp%2Fv2%2Fcomments&post=5656"}],"version-history":[{"count":1,"href":"https:\/\/marcali.plebania.hu\/index.php?rest_route=\/wp\/v2\/posts\/5656\/revisions"}],"predecessor-version":[{"id":5670,"href":"https:\/\/marcali.plebania.hu\/index.php?rest_route=\/wp\/v2\/posts\/5656\/revisions\/5670"}],"wp:attachment":[{"href":"https:\/\/marcali.plebania.hu\/index.php?rest_route=%2Fwp%2Fv2%2Fmedia&parent=5656"}],"wp:term":[{"taxonomy":"category","embeddable":true,"href":"https:\/\/marcali.plebania.hu\/index.php?rest_route=%2Fwp%2Fv2%2Fcategories&post=5656"},{"taxonomy":"post_tag","embeddable":true,"href":"https:\/\/marcali.plebania.hu\/index.php?rest_route=%2Fwp%2Fv2%2Ftags&post=5656"}],"curies":[{"name":"wp","href":"https:\/\/api.w.org\/{rel}","templated":true}]}}