{"id":5671,"date":"2024-03-12T09:27:42","date_gmt":"2024-03-12T09:27:42","guid":{"rendered":"https:\/\/marcali.plebania.hu\/?p=5671"},"modified":"2024-03-12T09:27:42","modified_gmt":"2024-03-12T09:27:42","slug":"keresztut-a-teremtesvedelem-jegyeben","status":"publish","type":"post","link":"https:\/\/marcali.plebania.hu\/?p=5671","title":{"rendered":"Kereszt\u00fat, a teremt\u00e9sv\u00e9delem jegy\u00e9ben"},"content":{"rendered":"\n<p>K\u00fcl\u00f6nleges alkalom volt m\u00e1rcius 1-j\u00e9n, a p\u00e9nteki kereszt\u00fatj\u00e1r\u00e1s, mert a b\u00e9rm\u00e1lkoz\u00e1s el\u0151tt \u00e1ll\u00f3 fiatalokat Tomanek Ferenc \u00c1ron atya vezette, az 1. \u00e1llom\u00e1son \u0151 im\u00e1dkozott, \u00e9s a gyermekek mellett ott volt vezet\u0151 hittan tan\u00e1ruk: dr Gyulain\u00e9 Domj\u00e1n Zsuzsa \u00e9s Bojtorn\u00e9 Kir\u00e1ly M\u00e1rta hitoktat\u00f3 is. A csoport im\u00e1ds\u00e1g\u00e1ban az \u00e1llom\u00e1sokon val\u00f3 elm\u00e9lked\u00e9sekben megjelentek a teremt\u00e9sv\u00e9delmi gondolatok. J\u00e9zus k\u00ednszenved\u00e9s\u00e9nek \u00e9s kereszthal\u00e1l\u00e1nak t\u00f6rt\u00e9net\u00e9t a Golgot\u00e1ra vezet\u0151 \u00faton, az \u201eIm\u00e1dunk T\u00e9ged, Krisztus, mert te a szent kereszted \u00e1ltal megv\u00e1ltottad a vil\u00e1got\u201d \u00e9s a \u201eK\u00f6ny\u00f6r\u00fclj rajtunk Uram, K\u00f6ny\u00f6r\u00fclj rajtunk \u00e9s a tiszt\u00edt\u00f3 t\u0171zben szenved\u0151 h\u00edvek lelkein!\u201d mondatok keretezik, s hol a Miaty\u00e1nk, hol az \u00dcdv\u00f6zl\u00e9gy M\u00e1ria ima hangzik el a jelenlev\u0151 h\u00edvekkel egy\u00fctt im\u00e1dkozva.<\/p>\n\n\n\n<p>I. \u00e1llom\u00e1s: Hal\u00e1lra \u00edt\u00e9lik J\u00e9zust<br>II. \u00e1llom\u00e1s: J\u00e9zus v\u00e1llaira veszi a keresztet<br>III. \u00e1llom\u00e1s: J\u00e9zus el\u0151sz\u00f6r esik el a kereszt alatt<br>IV. \u00e1llom\u00e1s: J\u00e9zus \u00e9desanyj\u00e1val tal\u00e1lkozik<br>V. \u00e1llom\u00e1s: Cirenei Simon seg\u00edt J\u00e9zusnak a keresztet hordozni<br>VI. \u00e1llom\u00e1s: Veronika kend\u0151t ny\u00fajt J\u00e9zusnak<br>VII. \u00e1llom\u00e1s: J\u00e9zus m\u00e1sodszor esik el a kereszt alatt<br>VIII. \u00e1llom\u00e1s:J\u00e9zus tal\u00e1lkozik a s\u00edr\u00f3 jeruzs\u00e1lemi asszonyokkal<br>IX. \u00e1llom\u00e1s: J\u00e9zus harmadszor esik el a kereszt alatt<br>X. \u00e1llom\u00e1s: J\u00e9zus megfosztj\u00e1k ruh\u00e1it\u00f3l<br>XI. \u00e1llom\u00e1s: J\u00e9zus a keresztre szegezik<br>XII. \u00e1llom\u00e1s: J\u00e9zus meghal a kereszten<br>XIII. \u00e1llom\u00e1s:J\u00e9zus test\u00e9t leveszik a keresztr\u0151l \u00e9s anyja \u00f6l\u00e9be fektetik<br>XIV. \u00e1llom\u00e1s:J\u00e9zus test\u00e9t a s\u00edrba helyezik<\/p>\n\n\n\n<p>Meg\u00e9rkezve a st\u00e1ci\u00f3k\u00e9pekhez let\u00e9rdel\u00fcnk vagy m\u00e9lyen meghajolunk, de a XII. \u00e1llom\u00e1sn\u00e1l, Krisztus kereszthal\u00e1lakor mindv\u00e9gig \u00edgy cseleksz\u00fcnk. <\/p>\n\n\n\n<p>Az olt\u00e1r el\u0151tt fejez\u0151dik be a templomi \u00e1jtatoss\u00e1g.<\/p>\n\n\n\n<figure class=\"wp-block-gallery has-nested-images columns-default is-cropped wp-block-gallery-1 is-layout-flex wp-block-gallery-is-layout-flex\">\n<figure class=\"wp-block-image size-large\"><img loading=\"lazy\" decoding=\"async\" width=\"768\" height=\"1024\" data-id=\"5672\" src=\"https:\/\/marcali.plebania.hu\/wp-content\/uploads\/2024\/03\/ku-2-768x1024.jpg\" alt=\"\" class=\"wp-image-5672\" srcset=\"https:\/\/marcali.plebania.hu\/wp-content\/uploads\/2024\/03\/ku-2-768x1024.jpg 768w, https:\/\/marcali.plebania.hu\/wp-content\/uploads\/2024\/03\/ku-2-225x300.jpg 225w, https:\/\/marcali.plebania.hu\/wp-content\/uploads\/2024\/03\/ku-2-203x270.jpg 203w, https:\/\/marcali.plebania.hu\/wp-content\/uploads\/2024\/03\/ku-2.jpg 919w\" sizes=\"auto, (max-width: 768px) 100vw, 768px\" \/><\/figure>\n\n\n\n<figure class=\"wp-block-image size-large\"><img loading=\"lazy\" decoding=\"async\" width=\"768\" height=\"1024\" data-id=\"5674\" src=\"https:\/\/marcali.plebania.hu\/wp-content\/uploads\/2024\/03\/ku-5-768x1024.jpg\" alt=\"\" class=\"wp-image-5674\" srcset=\"https:\/\/marcali.plebania.hu\/wp-content\/uploads\/2024\/03\/ku-5-768x1024.jpg 768w, https:\/\/marcali.plebania.hu\/wp-content\/uploads\/2024\/03\/ku-5-225x300.jpg 225w, https:\/\/marcali.plebania.hu\/wp-content\/uploads\/2024\/03\/ku-5-203x270.jpg 203w, https:\/\/marcali.plebania.hu\/wp-content\/uploads\/2024\/03\/ku-5.jpg 919w\" sizes=\"auto, (max-width: 768px) 100vw, 768px\" \/><\/figure>\n\n\n\n<figure class=\"wp-block-image size-large\"><img loading=\"lazy\" decoding=\"async\" width=\"768\" height=\"1024\" data-id=\"5675\" src=\"https:\/\/marcali.plebania.hu\/wp-content\/uploads\/2024\/03\/ku-7-768x1024.jpg\" alt=\"\" class=\"wp-image-5675\" srcset=\"https:\/\/marcali.plebania.hu\/wp-content\/uploads\/2024\/03\/ku-7-768x1024.jpg 768w, https:\/\/marcali.plebania.hu\/wp-content\/uploads\/2024\/03\/ku-7-225x300.jpg 225w, https:\/\/marcali.plebania.hu\/wp-content\/uploads\/2024\/03\/ku-7-203x270.jpg 203w, https:\/\/marcali.plebania.hu\/wp-content\/uploads\/2024\/03\/ku-7.jpg 919w\" sizes=\"auto, (max-width: 768px) 100vw, 768px\" \/><\/figure>\n\n\n\n<figure class=\"wp-block-image size-large\"><img loading=\"lazy\" decoding=\"async\" width=\"768\" height=\"1024\" data-id=\"5673\" src=\"https:\/\/marcali.plebania.hu\/wp-content\/uploads\/2024\/03\/ku-9-768x1024.jpg\" alt=\"\" class=\"wp-image-5673\" srcset=\"https:\/\/marcali.plebania.hu\/wp-content\/uploads\/2024\/03\/ku-9-768x1024.jpg 768w, https:\/\/marcali.plebania.hu\/wp-content\/uploads\/2024\/03\/ku-9-225x300.jpg 225w, https:\/\/marcali.plebania.hu\/wp-content\/uploads\/2024\/03\/ku-9-203x270.jpg 203w, https:\/\/marcali.plebania.hu\/wp-content\/uploads\/2024\/03\/ku-9.jpg 919w\" sizes=\"auto, (max-width: 768px) 100vw, 768px\" \/><\/figure>\n<\/figure>\n\n\n\n<p>A fiatalok csoportj\u00e1val a program el\u0151tt besz\u00e9lgetett, majd r\u00e9szt vett a kereszt\u00fatj\u00e1r\u00e1sban a Rangits h\u00e1zasp\u00e1r, \u0151k a Kaposv\u00e1ri Egyh\u00e1zmegye teremt\u00e9sv\u00e9delmi referensei.<\/p>\n\n\n\n<p>A szentmise ut\u00e1n a pl\u00e9b\u00e1ni\u00e1n besz\u00e9lget\u00e9s volt a t\u00e9m\u00e1r\u00f3l az \u00e9rdekl\u0151d\u0151knek. G\u00e1bor k\u00e9mia- biol\u00f3gia szakos gimn\u00e1ziumi tan\u00e1r \u00e9s k\u00e1ntor, feles\u00e9ge, Adrienn hittan\u00e1r, 4 gyermeket nevelnek term\u00e9szet k\u00f6zeli lakhely\u00fck\u00f6n.<\/p>\n\n\n\n<p>Bemutatt\u00e1k Ferenc p\u00e1pa 2015-ben \u00edr\u00f3dott els\u0151 enciklik\u00e1j\u00e1t, Laudato si&#8217;, \u00c1ldott l\u00e9gy c\u00edm\u0171 k\u00f6nyv\u00e9t, felh\u00edvt\u00e1k figyelm\u00fcnket a k\u00f6nyv alapj\u00e1n k\u00e9sz\u00fclt The Letter, (A lev\u00e9l) \u00e9s David Attenborough: Egy \u00e9let a bolyg\u00f3nkon c\u00edm\u0171, dokumentumfilmekre. Ez ut\u00f3bbi nagyon alkalmas a t\u00e9ma ir\u00e1nti \u00e9rdekl\u0151d\u00e9s felkelt\u00e9s\u00e9re, a tud\u00e1sok k\u00f6r\u00e9nek sz\u00e9les\u00edt\u00e9s\u00e9re, a kih\u00edv\u00e1sok, a bolyg\u00f3nk megment\u00e9s\u00e9re ir\u00e1nyul\u00f3 megold\u00e1sok megismertet\u00e9s\u00e9re. Adrienn hangs\u00falyozta, hogy a k\u00f6nyv \u00e9s a filmek is a REM\u00c9NYT sug\u00e1rozz\u00e1k, G\u00e1bor szerint, az emberis\u00e9g el\u0151tt \u00e1ll\u00f3 probl\u00e9m\u00e1k megold\u00e1s\u00e1t nagym\u00e9rt\u00e9kben er\u0151s\u00edti a cselekv\u00e9sek, a tev\u00e9kenys\u00e9gek k\u00f6z\u00f6ss\u00e9gben t\u00f6rt\u00e9n\u0151 megval\u00f3s\u00edt\u00e1sa.<\/p>\n\n\n\n<figure class=\"wp-block-gallery has-nested-images columns-default is-cropped wp-block-gallery-2 is-layout-flex wp-block-gallery-is-layout-flex\">\n<figure class=\"wp-block-image size-large\"><img loading=\"lazy\" decoding=\"async\" width=\"1024\" height=\"768\" data-id=\"5677\" src=\"https:\/\/marcali.plebania.hu\/wp-content\/uploads\/2024\/03\/ku-1-1-1024x768.jpg\" alt=\"\" class=\"wp-image-5677\" srcset=\"https:\/\/marcali.plebania.hu\/wp-content\/uploads\/2024\/03\/ku-1-1-1024x768.jpg 1024w, https:\/\/marcali.plebania.hu\/wp-content\/uploads\/2024\/03\/ku-1-1-300x225.jpg 300w, https:\/\/marcali.plebania.hu\/wp-content\/uploads\/2024\/03\/ku-1-1-768x576.jpg 768w, https:\/\/marcali.plebania.hu\/wp-content\/uploads\/2024\/03\/ku-1-1-1536x1152.jpg 1536w, https:\/\/marcali.plebania.hu\/wp-content\/uploads\/2024\/03\/ku-1-1-360x270.jpg 360w, https:\/\/marcali.plebania.hu\/wp-content\/uploads\/2024\/03\/ku-1-1.jpg 1633w\" sizes=\"auto, (max-width: 1024px) 100vw, 1024px\" \/><\/figure>\n<\/figure>\n\n\n\n<p>\u00a0\u201eNem szabad azt gondolnunk, hogy ezek az er\u0151fesz\u00edt\u00e9sek nem v\u00e1ltoztatj\u00e1k meg a vil\u00e1got. Az ilyen tettek valami olyan j\u00f3t terjesztenek a t\u00e1rsadalomban, amely mindig t\u00f6bb gy\u00fcm\u00f6lcs\u00f6t terem ann\u00e1l, mint amennyit \u00e9szlelhet\u00fcnk, mert olyan j\u00f3t hoznak l\u00e9tre e f\u00f6ld\u00f6n, amely mindig \u2013 ha olykor l\u00e1thatatlanul is \u2013 igyekszik tovaterjedni. Tov\u00e1bb\u00e1 az ilyesfajta magatart\u00e1sform\u00e1k kialak\u00edt\u00e1sa visszaadja saj\u00e1t m\u00e9lt\u00f3s\u00e1gunk \u00e9rz\u00e9s\u00e9t, nagyobb egzisztenci\u00e1lis m\u00e9lys\u00e9ghez vezet, \u00e9s lehet\u0151v\u00e9 teszi annak megtapasztal\u00e1s\u00e1t, hogy van \u00e9rtelme v\u00e1ndorl\u00e1sunknak e vil\u00e1gon.\u201d<\/p>\n\n\n\n<p><\/p>\n\n\n\n<p>\u00cdrta \u00e9s fot\u00f3k: G\u00e1ln\u00e9 V\u00e9gh Edit<\/p>\n","protected":false},"excerpt":{"rendered":"<p>K\u00fcl\u00f6nleges alkalom volt m\u00e1rcius 1-j\u00e9n, a p\u00e9nteki kereszt\u00fatj\u00e1r\u00e1s, mert a b\u00e9rm\u00e1lkoz\u00e1s el\u0151tt \u00e1ll\u00f3 fiatalokat Tomanek Ferenc \u00c1ron atya vezette, az 1. \u00e1llom\u00e1son \u0151 im\u00e1dkozott, \u00e9s a gyermekek mellett ott volt vezet\u0151 hittan tan\u00e1ruk: dr Gyulain\u00e9 Domj\u00e1n Zsuzsa \u00e9s Bojtorn\u00e9 Kir\u00e1ly M\u00e1rta hitoktat\u00f3 is. A csoport im\u00e1ds\u00e1g\u00e1ban az \u00e1llom\u00e1sokon val\u00f3 elm\u00e9lked\u00e9sekben megjelentek a teremt\u00e9sv\u00e9delmi gondolatok. J\u00e9zus k\u00ednszenved\u00e9s\u00e9nek \u00e9s kereszthal\u00e1l\u00e1nak t\u00f6rt\u00e9net\u00e9t a Golgot\u00e1ra vezet\u0151 \u00faton, az \u201eIm\u00e1dunk T\u00e9ged, Krisztus, mert te a szent kereszted \u00e1ltal megv\u00e1ltottad a vil\u00e1got\u201d \u00e9s a \u201eK\u00f6ny\u00f6r\u00fclj rajtunk&#8230;<\/p>\n<p class=\"read-more\"><a class=\"btn btn-default\" href=\"https:\/\/marcali.plebania.hu\/?p=5671\"> Read More<span class=\"screen-reader-text\">  Read More<\/span><\/a><\/p>\n","protected":false},"author":2,"featured_media":0,"comment_status":"closed","ping_status":"open","sticky":false,"template":"","format":"standard","meta":{"footnotes":""},"categories":[1],"tags":[],"class_list":["post-5671","post","type-post","status-publish","format-standard","hentry","category-egyeb"],"_links":{"self":[{"href":"https:\/\/marcali.plebania.hu\/index.php?rest_route=\/wp\/v2\/posts\/5671","targetHints":{"allow":["GET"]}}],"collection":[{"href":"https:\/\/marcali.plebania.hu\/index.php?rest_route=\/wp\/v2\/posts"}],"about":[{"href":"https:\/\/marcali.plebania.hu\/index.php?rest_route=\/wp\/v2\/types\/post"}],"author":[{"embeddable":true,"href":"https:\/\/marcali.plebania.hu\/index.php?rest_route=\/wp\/v2\/users\/2"}],"replies":[{"embeddable":true,"href":"https:\/\/marcali.plebania.hu\/index.php?rest_route=%2Fwp%2Fv2%2Fcomments&post=5671"}],"version-history":[{"count":1,"href":"https:\/\/marcali.plebania.hu\/index.php?rest_route=\/wp\/v2\/posts\/5671\/revisions"}],"predecessor-version":[{"id":5678,"href":"https:\/\/marcali.plebania.hu\/index.php?rest_route=\/wp\/v2\/posts\/5671\/revisions\/5678"}],"wp:attachment":[{"href":"https:\/\/marcali.plebania.hu\/index.php?rest_route=%2Fwp%2Fv2%2Fmedia&parent=5671"}],"wp:term":[{"taxonomy":"category","embeddable":true,"href":"https:\/\/marcali.plebania.hu\/index.php?rest_route=%2Fwp%2Fv2%2Fcategories&post=5671"},{"taxonomy":"post_tag","embeddable":true,"href":"https:\/\/marcali.plebania.hu\/index.php?rest_route=%2Fwp%2Fv2%2Ftags&post=5671"}],"curies":[{"name":"wp","href":"https:\/\/api.w.org\/{rel}","templated":true}]}}