{"id":5679,"date":"2024-03-12T09:36:01","date_gmt":"2024-03-12T09:36:01","guid":{"rendered":"https:\/\/marcali.plebania.hu\/?p=5679"},"modified":"2024-03-12T09:36:01","modified_gmt":"2024-03-12T09:36:01","slug":"nagybojti-lelkigyakorlat-a-marcali-plebaniatemplomban","status":"publish","type":"post","link":"https:\/\/marcali.plebania.hu\/?p=5679","title":{"rendered":"Nagyb\u00f6jti lelkigyakorlat a Marcali pl\u00e9b\u00e1niatemplomban"},"content":{"rendered":"\n<p>2024. m\u00e1rcius 7-9. k\u00f6z\u00f6tt (cs\u00fct\u00f6rt\u00f6kt\u0151l szombatig) Bellovics G\u00e1bor jezsuita atya h\u00e1rom napos Nagyb\u00f6jti lelkigyakorlatot tartott a Marcali pl\u00e9b\u00e1niatemplomban.<\/p>\n\n\n\n<figure class=\"wp-block-gallery has-nested-images columns-default is-cropped wp-block-gallery-1 is-layout-flex wp-block-gallery-is-layout-flex\">\n<figure class=\"wp-block-image size-large\"><img loading=\"lazy\" decoding=\"async\" width=\"1024\" height=\"683\" data-id=\"5683\" src=\"https:\/\/marcali.plebania.hu\/wp-content\/uploads\/2024\/03\/01-1-1024x683.jpg\" alt=\"\" class=\"wp-image-5683\" srcset=\"https:\/\/marcali.plebania.hu\/wp-content\/uploads\/2024\/03\/01-1-1024x683.jpg 1024w, https:\/\/marcali.plebania.hu\/wp-content\/uploads\/2024\/03\/01-1-300x200.jpg 300w, https:\/\/marcali.plebania.hu\/wp-content\/uploads\/2024\/03\/01-1-768x512.jpg 768w, https:\/\/marcali.plebania.hu\/wp-content\/uploads\/2024\/03\/01-1-1536x1024.jpg 1536w, https:\/\/marcali.plebania.hu\/wp-content\/uploads\/2024\/03\/01-1-2048x1365.jpg 2048w, https:\/\/marcali.plebania.hu\/wp-content\/uploads\/2024\/03\/01-1-405x270.jpg 405w\" sizes=\"auto, (max-width: 1024px) 100vw, 1024px\" \/><\/figure>\n\n\n\n<figure class=\"wp-block-image size-large\"><img loading=\"lazy\" decoding=\"async\" width=\"1024\" height=\"683\" data-id=\"5680\" src=\"https:\/\/marcali.plebania.hu\/wp-content\/uploads\/2024\/03\/02-1-1024x683.jpg\" alt=\"\" class=\"wp-image-5680\" srcset=\"https:\/\/marcali.plebania.hu\/wp-content\/uploads\/2024\/03\/02-1-1024x683.jpg 1024w, https:\/\/marcali.plebania.hu\/wp-content\/uploads\/2024\/03\/02-1-300x200.jpg 300w, https:\/\/marcali.plebania.hu\/wp-content\/uploads\/2024\/03\/02-1-768x512.jpg 768w, https:\/\/marcali.plebania.hu\/wp-content\/uploads\/2024\/03\/02-1-1536x1024.jpg 1536w, https:\/\/marcali.plebania.hu\/wp-content\/uploads\/2024\/03\/02-1-2048x1365.jpg 2048w, https:\/\/marcali.plebania.hu\/wp-content\/uploads\/2024\/03\/02-1-405x270.jpg 405w\" sizes=\"auto, (max-width: 1024px) 100vw, 1024px\" \/><\/figure>\n\n\n\n<figure class=\"wp-block-image size-large\"><img loading=\"lazy\" decoding=\"async\" width=\"1024\" height=\"683\" data-id=\"5682\" src=\"https:\/\/marcali.plebania.hu\/wp-content\/uploads\/2024\/03\/03-1-1024x683.jpg\" alt=\"\" class=\"wp-image-5682\" srcset=\"https:\/\/marcali.plebania.hu\/wp-content\/uploads\/2024\/03\/03-1-1024x683.jpg 1024w, https:\/\/marcali.plebania.hu\/wp-content\/uploads\/2024\/03\/03-1-300x200.jpg 300w, https:\/\/marcali.plebania.hu\/wp-content\/uploads\/2024\/03\/03-1-768x512.jpg 768w, https:\/\/marcali.plebania.hu\/wp-content\/uploads\/2024\/03\/03-1-1536x1024.jpg 1536w, https:\/\/marcali.plebania.hu\/wp-content\/uploads\/2024\/03\/03-1-2048x1365.jpg 2048w, https:\/\/marcali.plebania.hu\/wp-content\/uploads\/2024\/03\/03-1-405x270.jpg 405w\" sizes=\"auto, (max-width: 1024px) 100vw, 1024px\" \/><\/figure>\n\n\n\n<figure class=\"wp-block-image size-large\"><img loading=\"lazy\" decoding=\"async\" width=\"1024\" height=\"683\" data-id=\"5681\" src=\"https:\/\/marcali.plebania.hu\/wp-content\/uploads\/2024\/03\/04-1-1024x683.jpg\" alt=\"\" class=\"wp-image-5681\" srcset=\"https:\/\/marcali.plebania.hu\/wp-content\/uploads\/2024\/03\/04-1-1024x683.jpg 1024w, https:\/\/marcali.plebania.hu\/wp-content\/uploads\/2024\/03\/04-1-300x200.jpg 300w, https:\/\/marcali.plebania.hu\/wp-content\/uploads\/2024\/03\/04-1-768x512.jpg 768w, https:\/\/marcali.plebania.hu\/wp-content\/uploads\/2024\/03\/04-1-1536x1024.jpg 1536w, https:\/\/marcali.plebania.hu\/wp-content\/uploads\/2024\/03\/04-1-2048x1365.jpg 2048w, https:\/\/marcali.plebania.hu\/wp-content\/uploads\/2024\/03\/04-1-405x270.jpg 405w\" sizes=\"auto, (max-width: 1024px) 100vw, 1024px\" \/><\/figure>\n<\/figure>\n\n\n\n<p>Az esti szentmis\u00e9kben elm\u00e9lked\u00e9sek \u00e9s a szentmis\u00e9k idej\u00e9n gy\u00f3n\u00e1si lehet\u0151s\u00e9g is volt.<\/p>\n\n\n\n<figure class=\"wp-block-gallery has-nested-images columns-default is-cropped wp-block-gallery-2 is-layout-flex wp-block-gallery-is-layout-flex\">\n<figure class=\"wp-block-image size-large\"><img loading=\"lazy\" decoding=\"async\" width=\"1024\" height=\"683\" data-id=\"5687\" src=\"https:\/\/marcali.plebania.hu\/wp-content\/uploads\/2024\/03\/07-1024x683.jpg\" alt=\"\" class=\"wp-image-5687\" srcset=\"https:\/\/marcali.plebania.hu\/wp-content\/uploads\/2024\/03\/07-1024x683.jpg 1024w, https:\/\/marcali.plebania.hu\/wp-content\/uploads\/2024\/03\/07-300x200.jpg 300w, https:\/\/marcali.plebania.hu\/wp-content\/uploads\/2024\/03\/07-768x512.jpg 768w, https:\/\/marcali.plebania.hu\/wp-content\/uploads\/2024\/03\/07-1536x1024.jpg 1536w, https:\/\/marcali.plebania.hu\/wp-content\/uploads\/2024\/03\/07-2048x1365.jpg 2048w, https:\/\/marcali.plebania.hu\/wp-content\/uploads\/2024\/03\/07-405x270.jpg 405w\" sizes=\"auto, (max-width: 1024px) 100vw, 1024px\" \/><\/figure>\n\n\n\n<figure class=\"wp-block-image size-large\"><img loading=\"lazy\" decoding=\"async\" width=\"1024\" height=\"683\" data-id=\"5686\" src=\"https:\/\/marcali.plebania.hu\/wp-content\/uploads\/2024\/03\/08-1024x683.jpg\" alt=\"\" class=\"wp-image-5686\" srcset=\"https:\/\/marcali.plebania.hu\/wp-content\/uploads\/2024\/03\/08-1024x683.jpg 1024w, https:\/\/marcali.plebania.hu\/wp-content\/uploads\/2024\/03\/08-300x200.jpg 300w, https:\/\/marcali.plebania.hu\/wp-content\/uploads\/2024\/03\/08-768x512.jpg 768w, https:\/\/marcali.plebania.hu\/wp-content\/uploads\/2024\/03\/08-1536x1024.jpg 1536w, https:\/\/marcali.plebania.hu\/wp-content\/uploads\/2024\/03\/08-2048x1365.jpg 2048w, https:\/\/marcali.plebania.hu\/wp-content\/uploads\/2024\/03\/08-405x270.jpg 405w\" sizes=\"auto, (max-width: 1024px) 100vw, 1024px\" \/><\/figure>\n\n\n\n<figure class=\"wp-block-image size-large\"><img loading=\"lazy\" decoding=\"async\" width=\"1024\" height=\"683\" data-id=\"5688\" src=\"https:\/\/marcali.plebania.hu\/wp-content\/uploads\/2024\/03\/11-1024x683.jpg\" alt=\"\" class=\"wp-image-5688\" srcset=\"https:\/\/marcali.plebania.hu\/wp-content\/uploads\/2024\/03\/11-1024x683.jpg 1024w, https:\/\/marcali.plebania.hu\/wp-content\/uploads\/2024\/03\/11-300x200.jpg 300w, https:\/\/marcali.plebania.hu\/wp-content\/uploads\/2024\/03\/11-768x512.jpg 768w, https:\/\/marcali.plebania.hu\/wp-content\/uploads\/2024\/03\/11-1536x1024.jpg 1536w, https:\/\/marcali.plebania.hu\/wp-content\/uploads\/2024\/03\/11-2048x1365.jpg 2048w, https:\/\/marcali.plebania.hu\/wp-content\/uploads\/2024\/03\/11-405x270.jpg 405w\" sizes=\"auto, (max-width: 1024px) 100vw, 1024px\" \/><\/figure>\n\n\n\n<figure class=\"wp-block-image size-large\"><img loading=\"lazy\" decoding=\"async\" width=\"1024\" height=\"683\" data-id=\"5685\" src=\"https:\/\/marcali.plebania.hu\/wp-content\/uploads\/2024\/03\/10-1024x683.jpg\" alt=\"\" class=\"wp-image-5685\" srcset=\"https:\/\/marcali.plebania.hu\/wp-content\/uploads\/2024\/03\/10-1024x683.jpg 1024w, https:\/\/marcali.plebania.hu\/wp-content\/uploads\/2024\/03\/10-300x200.jpg 300w, https:\/\/marcali.plebania.hu\/wp-content\/uploads\/2024\/03\/10-768x512.jpg 768w, https:\/\/marcali.plebania.hu\/wp-content\/uploads\/2024\/03\/10-1536x1024.jpg 1536w, https:\/\/marcali.plebania.hu\/wp-content\/uploads\/2024\/03\/10-2048x1365.jpg 2048w, https:\/\/marcali.plebania.hu\/wp-content\/uploads\/2024\/03\/10-405x270.jpg 405w\" sizes=\"auto, (max-width: 1024px) 100vw, 1024px\" \/><\/figure>\n<\/figure>\n\n\n\n<p>P\u00e9nteken a F\u00e9rfi-k\u00f6r vezet\u00e9s\u00e9vel im\u00e1dkoztuk a keresztutat.<\/p>\n\n\n\n<p>\u00cdrta \u00e9s fot\u00f3k: Marcali Pl\u00e9b\u00e1nia\/Kiss K\u00e1lm\u00e1n<\/p>\n","protected":false},"excerpt":{"rendered":"<p>2024. m\u00e1rcius 7-9. k\u00f6z\u00f6tt (cs\u00fct\u00f6rt\u00f6kt\u0151l szombatig) Bellovics G\u00e1bor jezsuita atya h\u00e1rom napos Nagyb\u00f6jti lelkigyakorlatot tartott a Marcali pl\u00e9b\u00e1niatemplomban. Az esti szentmis\u00e9kben elm\u00e9lked\u00e9sek \u00e9s a szentmis\u00e9k idej\u00e9n gy\u00f3n\u00e1si lehet\u0151s\u00e9g is volt. P\u00e9nteken a F\u00e9rfi-k\u00f6r vezet\u00e9s\u00e9vel im\u00e1dkoztuk a keresztutat. \u00cdrta \u00e9s fot\u00f3k: Marcali Pl\u00e9b\u00e1nia\/Kiss K\u00e1lm\u00e1n<\/p>\n","protected":false},"author":2,"featured_media":0,"comment_status":"closed","ping_status":"open","sticky":false,"template":"","format":"standard","meta":{"footnotes":""},"categories":[1],"tags":[],"class_list":["post-5679","post","type-post","status-publish","format-standard","hentry","category-egyeb"],"_links":{"self":[{"href":"https:\/\/marcali.plebania.hu\/index.php?rest_route=\/wp\/v2\/posts\/5679","targetHints":{"allow":["GET"]}}],"collection":[{"href":"https:\/\/marcali.plebania.hu\/index.php?rest_route=\/wp\/v2\/posts"}],"about":[{"href":"https:\/\/marcali.plebania.hu\/index.php?rest_route=\/wp\/v2\/types\/post"}],"author":[{"embeddable":true,"href":"https:\/\/marcali.plebania.hu\/index.php?rest_route=\/wp\/v2\/users\/2"}],"replies":[{"embeddable":true,"href":"https:\/\/marcali.plebania.hu\/index.php?rest_route=%2Fwp%2Fv2%2Fcomments&post=5679"}],"version-history":[{"count":1,"href":"https:\/\/marcali.plebania.hu\/index.php?rest_route=\/wp\/v2\/posts\/5679\/revisions"}],"predecessor-version":[{"id":5689,"href":"https:\/\/marcali.plebania.hu\/index.php?rest_route=\/wp\/v2\/posts\/5679\/revisions\/5689"}],"wp:attachment":[{"href":"https:\/\/marcali.plebania.hu\/index.php?rest_route=%2Fwp%2Fv2%2Fmedia&parent=5679"}],"wp:term":[{"taxonomy":"category","embeddable":true,"href":"https:\/\/marcali.plebania.hu\/index.php?rest_route=%2Fwp%2Fv2%2Fcategories&post=5679"},{"taxonomy":"post_tag","embeddable":true,"href":"https:\/\/marcali.plebania.hu\/index.php?rest_route=%2Fwp%2Fv2%2Ftags&post=5679"}],"curies":[{"name":"wp","href":"https:\/\/api.w.org\/{rel}","templated":true}]}}