{"id":5690,"date":"2024-03-12T09:48:08","date_gmt":"2024-03-12T09:48:08","guid":{"rendered":"https:\/\/marcali.plebania.hu\/?p=5690"},"modified":"2024-03-12T09:48:08","modified_gmt":"2024-03-12T09:48:08","slug":"csaladok-keresztutja-2024","status":"publish","type":"post","link":"https:\/\/marcali.plebania.hu\/?p=5690","title":{"rendered":"Csal\u00e1dok kereszt\u00fatja 2024"},"content":{"rendered":"\n<p>2024. m\u00e1rcius 9-\u00e9n, szombaton 16.15 \u00f3r\u00e1t\u00f3l a csal\u00e1dok kereszt\u00fatj\u00e1t im\u00e1dkozt\u00e1k a Marcali pl\u00e9b\u00e1niatemplomban.<\/p>\n\n\n\n<figure class=\"wp-block-gallery has-nested-images columns-default is-cropped wp-block-gallery-1 is-layout-flex wp-block-gallery-is-layout-flex\">\n<figure class=\"wp-block-image size-large\"><img loading=\"lazy\" decoding=\"async\" width=\"1024\" height=\"683\" data-id=\"5691\" src=\"https:\/\/marcali.plebania.hu\/wp-content\/uploads\/2024\/03\/02-2-1024x683.jpg\" alt=\"\" class=\"wp-image-5691\" srcset=\"https:\/\/marcali.plebania.hu\/wp-content\/uploads\/2024\/03\/02-2-1024x683.jpg 1024w, https:\/\/marcali.plebania.hu\/wp-content\/uploads\/2024\/03\/02-2-300x200.jpg 300w, https:\/\/marcali.plebania.hu\/wp-content\/uploads\/2024\/03\/02-2-768x512.jpg 768w, https:\/\/marcali.plebania.hu\/wp-content\/uploads\/2024\/03\/02-2-1536x1024.jpg 1536w, https:\/\/marcali.plebania.hu\/wp-content\/uploads\/2024\/03\/02-2-2048x1365.jpg 2048w, https:\/\/marcali.plebania.hu\/wp-content\/uploads\/2024\/03\/02-2-405x270.jpg 405w\" sizes=\"auto, (max-width: 1024px) 100vw, 1024px\" \/><\/figure>\n\n\n\n<figure class=\"wp-block-image size-large\"><img loading=\"lazy\" decoding=\"async\" width=\"1024\" height=\"683\" data-id=\"5693\" src=\"https:\/\/marcali.plebania.hu\/wp-content\/uploads\/2024\/03\/03-2-1024x683.jpg\" alt=\"\" class=\"wp-image-5693\" srcset=\"https:\/\/marcali.plebania.hu\/wp-content\/uploads\/2024\/03\/03-2-1024x683.jpg 1024w, https:\/\/marcali.plebania.hu\/wp-content\/uploads\/2024\/03\/03-2-300x200.jpg 300w, https:\/\/marcali.plebania.hu\/wp-content\/uploads\/2024\/03\/03-2-768x512.jpg 768w, https:\/\/marcali.plebania.hu\/wp-content\/uploads\/2024\/03\/03-2-1536x1024.jpg 1536w, https:\/\/marcali.plebania.hu\/wp-content\/uploads\/2024\/03\/03-2-2048x1365.jpg 2048w, https:\/\/marcali.plebania.hu\/wp-content\/uploads\/2024\/03\/03-2-405x270.jpg 405w\" sizes=\"auto, (max-width: 1024px) 100vw, 1024px\" \/><\/figure>\n\n\n\n<figure class=\"wp-block-image size-large\"><img loading=\"lazy\" decoding=\"async\" width=\"1024\" height=\"683\" data-id=\"5694\" src=\"https:\/\/marcali.plebania.hu\/wp-content\/uploads\/2024\/03\/04-2-1024x683.jpg\" alt=\"\" class=\"wp-image-5694\" srcset=\"https:\/\/marcali.plebania.hu\/wp-content\/uploads\/2024\/03\/04-2-1024x683.jpg 1024w, https:\/\/marcali.plebania.hu\/wp-content\/uploads\/2024\/03\/04-2-300x200.jpg 300w, https:\/\/marcali.plebania.hu\/wp-content\/uploads\/2024\/03\/04-2-768x512.jpg 768w, https:\/\/marcali.plebania.hu\/wp-content\/uploads\/2024\/03\/04-2-1536x1024.jpg 1536w, https:\/\/marcali.plebania.hu\/wp-content\/uploads\/2024\/03\/04-2-2048x1365.jpg 2048w, https:\/\/marcali.plebania.hu\/wp-content\/uploads\/2024\/03\/04-2-405x270.jpg 405w\" sizes=\"auto, (max-width: 1024px) 100vw, 1024px\" \/><\/figure>\n\n\n\n<figure class=\"wp-block-image size-large\"><img loading=\"lazy\" decoding=\"async\" width=\"1024\" height=\"683\" data-id=\"5692\" src=\"https:\/\/marcali.plebania.hu\/wp-content\/uploads\/2024\/03\/05-1024x683.jpg\" alt=\"\" class=\"wp-image-5692\" srcset=\"https:\/\/marcali.plebania.hu\/wp-content\/uploads\/2024\/03\/05-1024x683.jpg 1024w, https:\/\/marcali.plebania.hu\/wp-content\/uploads\/2024\/03\/05-300x200.jpg 300w, https:\/\/marcali.plebania.hu\/wp-content\/uploads\/2024\/03\/05-768x512.jpg 768w, https:\/\/marcali.plebania.hu\/wp-content\/uploads\/2024\/03\/05-1536x1024.jpg 1536w, https:\/\/marcali.plebania.hu\/wp-content\/uploads\/2024\/03\/05-2048x1365.jpg 2048w, https:\/\/marcali.plebania.hu\/wp-content\/uploads\/2024\/03\/05-405x270.jpg 405w\" sizes=\"auto, (max-width: 1024px) 100vw, 1024px\" \/><\/figure>\n<\/figure>\n\n\n\n<p>Ut\u00e1na 17 \u00f3r\u00e1t\u00f3l Bellovics G\u00e1bor jezsuita atya tartott lelkigyakorlatos szentmis\u00e9t a jelenl\u00e9v\u0151 h\u00edveknek.<\/p>\n\n\n\n<figure class=\"wp-block-gallery has-nested-images columns-default is-cropped wp-block-gallery-2 is-layout-flex wp-block-gallery-is-layout-flex\">\n<figure class=\"wp-block-image size-large\"><img loading=\"lazy\" decoding=\"async\" width=\"1024\" height=\"683\" data-id=\"5695\" src=\"https:\/\/marcali.plebania.hu\/wp-content\/uploads\/2024\/03\/10-1-1024x683.jpg\" alt=\"\" class=\"wp-image-5695\" srcset=\"https:\/\/marcali.plebania.hu\/wp-content\/uploads\/2024\/03\/10-1-1024x683.jpg 1024w, https:\/\/marcali.plebania.hu\/wp-content\/uploads\/2024\/03\/10-1-300x200.jpg 300w, https:\/\/marcali.plebania.hu\/wp-content\/uploads\/2024\/03\/10-1-768x512.jpg 768w, https:\/\/marcali.plebania.hu\/wp-content\/uploads\/2024\/03\/10-1-1536x1024.jpg 1536w, https:\/\/marcali.plebania.hu\/wp-content\/uploads\/2024\/03\/10-1-2048x1365.jpg 2048w, https:\/\/marcali.plebania.hu\/wp-content\/uploads\/2024\/03\/10-1-405x270.jpg 405w\" sizes=\"auto, (max-width: 1024px) 100vw, 1024px\" \/><\/figure>\n\n\n\n<figure class=\"wp-block-image size-large\"><img loading=\"lazy\" decoding=\"async\" width=\"1024\" height=\"683\" data-id=\"5697\" src=\"https:\/\/marcali.plebania.hu\/wp-content\/uploads\/2024\/03\/12-1024x683.jpg\" alt=\"\" class=\"wp-image-5697\" srcset=\"https:\/\/marcali.plebania.hu\/wp-content\/uploads\/2024\/03\/12-1024x683.jpg 1024w, https:\/\/marcali.plebania.hu\/wp-content\/uploads\/2024\/03\/12-300x200.jpg 300w, https:\/\/marcali.plebania.hu\/wp-content\/uploads\/2024\/03\/12-768x512.jpg 768w, https:\/\/marcali.plebania.hu\/wp-content\/uploads\/2024\/03\/12-1536x1024.jpg 1536w, https:\/\/marcali.plebania.hu\/wp-content\/uploads\/2024\/03\/12-2048x1365.jpg 2048w, https:\/\/marcali.plebania.hu\/wp-content\/uploads\/2024\/03\/12-405x270.jpg 405w\" sizes=\"auto, (max-width: 1024px) 100vw, 1024px\" \/><\/figure>\n\n\n\n<figure class=\"wp-block-image size-large\"><img loading=\"lazy\" decoding=\"async\" width=\"1024\" height=\"683\" data-id=\"5700\" src=\"https:\/\/marcali.plebania.hu\/wp-content\/uploads\/2024\/03\/16-1024x683.jpg\" alt=\"\" class=\"wp-image-5700\" srcset=\"https:\/\/marcali.plebania.hu\/wp-content\/uploads\/2024\/03\/16-1024x683.jpg 1024w, https:\/\/marcali.plebania.hu\/wp-content\/uploads\/2024\/03\/16-300x200.jpg 300w, https:\/\/marcali.plebania.hu\/wp-content\/uploads\/2024\/03\/16-768x512.jpg 768w, https:\/\/marcali.plebania.hu\/wp-content\/uploads\/2024\/03\/16-1536x1024.jpg 1536w, https:\/\/marcali.plebania.hu\/wp-content\/uploads\/2024\/03\/16-2048x1365.jpg 2048w, https:\/\/marcali.plebania.hu\/wp-content\/uploads\/2024\/03\/16-405x270.jpg 405w\" sizes=\"auto, (max-width: 1024px) 100vw, 1024px\" \/><\/figure>\n\n\n\n<figure class=\"wp-block-image size-large\"><img loading=\"lazy\" decoding=\"async\" width=\"1024\" height=\"683\" data-id=\"5699\" src=\"https:\/\/marcali.plebania.hu\/wp-content\/uploads\/2024\/03\/20-1-1024x683.jpg\" alt=\"\" class=\"wp-image-5699\" srcset=\"https:\/\/marcali.plebania.hu\/wp-content\/uploads\/2024\/03\/20-1-1024x683.jpg 1024w, https:\/\/marcali.plebania.hu\/wp-content\/uploads\/2024\/03\/20-1-300x200.jpg 300w, https:\/\/marcali.plebania.hu\/wp-content\/uploads\/2024\/03\/20-1-768x512.jpg 768w, https:\/\/marcali.plebania.hu\/wp-content\/uploads\/2024\/03\/20-1-1536x1024.jpg 1536w, https:\/\/marcali.plebania.hu\/wp-content\/uploads\/2024\/03\/20-1-2048x1365.jpg 2048w, https:\/\/marcali.plebania.hu\/wp-content\/uploads\/2024\/03\/20-1-405x270.jpg 405w\" sizes=\"auto, (max-width: 1024px) 100vw, 1024px\" \/><\/figure>\n<\/figure>\n\n\n\n<p>A szentmise v\u00e9g\u00e9n Tomanek Ferenc \u00c1ron marcali pl\u00e9b\u00e1nos \u00e9s dr. Gyulain\u00e9 Domj\u00e1n Zsuzsanna hitoktat\u00f3n\u0151 \u2013 kis aj\u00e1nd\u00e9kok k\u00eds\u00e9ret\u00e9ben \u2013 k\u00f6sz\u00f6nte meg az egyh\u00e1zmegyei rajzverseny marcali r\u00e9sztvev\u0151inek a munk\u00e1j\u00e1t. K\u00f6z\u00fcl\u00fck t\u00f6bben tov\u00e1bb is jutottak az egyh\u00e1zmegyei d\u00f6nt\u0151be.<\/p>\n\n\n\n<figure class=\"wp-block-gallery has-nested-images columns-default is-cropped wp-block-gallery-3 is-layout-flex wp-block-gallery-is-layout-flex\">\n<figure class=\"wp-block-image size-large\"><img loading=\"lazy\" decoding=\"async\" width=\"1024\" height=\"683\" data-id=\"5702\" src=\"https:\/\/marcali.plebania.hu\/wp-content\/uploads\/2024\/03\/27-1-1024x683.jpg\" alt=\"\" class=\"wp-image-5702\" srcset=\"https:\/\/marcali.plebania.hu\/wp-content\/uploads\/2024\/03\/27-1-1024x683.jpg 1024w, https:\/\/marcali.plebania.hu\/wp-content\/uploads\/2024\/03\/27-1-300x200.jpg 300w, https:\/\/marcali.plebania.hu\/wp-content\/uploads\/2024\/03\/27-1-768x512.jpg 768w, https:\/\/marcali.plebania.hu\/wp-content\/uploads\/2024\/03\/27-1-1536x1024.jpg 1536w, https:\/\/marcali.plebania.hu\/wp-content\/uploads\/2024\/03\/27-1-2048x1365.jpg 2048w, https:\/\/marcali.plebania.hu\/wp-content\/uploads\/2024\/03\/27-1-405x270.jpg 405w\" sizes=\"auto, (max-width: 1024px) 100vw, 1024px\" \/><\/figure>\n\n\n\n<figure class=\"wp-block-image size-large\"><img loading=\"lazy\" decoding=\"async\" width=\"1024\" height=\"683\" data-id=\"5703\" src=\"https:\/\/marcali.plebania.hu\/wp-content\/uploads\/2024\/03\/25-1024x683.jpg\" alt=\"\" class=\"wp-image-5703\" srcset=\"https:\/\/marcali.plebania.hu\/wp-content\/uploads\/2024\/03\/25-1024x683.jpg 1024w, https:\/\/marcali.plebania.hu\/wp-content\/uploads\/2024\/03\/25-300x200.jpg 300w, https:\/\/marcali.plebania.hu\/wp-content\/uploads\/2024\/03\/25-768x512.jpg 768w, https:\/\/marcali.plebania.hu\/wp-content\/uploads\/2024\/03\/25-1536x1024.jpg 1536w, https:\/\/marcali.plebania.hu\/wp-content\/uploads\/2024\/03\/25-2048x1365.jpg 2048w, https:\/\/marcali.plebania.hu\/wp-content\/uploads\/2024\/03\/25-405x270.jpg 405w\" sizes=\"auto, (max-width: 1024px) 100vw, 1024px\" \/><\/figure>\n\n\n\n<figure class=\"wp-block-image size-large\"><img loading=\"lazy\" decoding=\"async\" width=\"1024\" height=\"683\" data-id=\"5704\" src=\"https:\/\/marcali.plebania.hu\/wp-content\/uploads\/2024\/03\/26-1024x683.jpg\" alt=\"\" class=\"wp-image-5704\" srcset=\"https:\/\/marcali.plebania.hu\/wp-content\/uploads\/2024\/03\/26-1024x683.jpg 1024w, https:\/\/marcali.plebania.hu\/wp-content\/uploads\/2024\/03\/26-300x200.jpg 300w, https:\/\/marcali.plebania.hu\/wp-content\/uploads\/2024\/03\/26-768x512.jpg 768w, https:\/\/marcali.plebania.hu\/wp-content\/uploads\/2024\/03\/26-1536x1024.jpg 1536w, https:\/\/marcali.plebania.hu\/wp-content\/uploads\/2024\/03\/26-2048x1365.jpg 2048w, https:\/\/marcali.plebania.hu\/wp-content\/uploads\/2024\/03\/26-405x270.jpg 405w\" sizes=\"auto, (max-width: 1024px) 100vw, 1024px\" \/><\/figure>\n\n\n\n<figure class=\"wp-block-image size-large\"><img loading=\"lazy\" decoding=\"async\" width=\"1024\" height=\"683\" data-id=\"5701\" src=\"https:\/\/marcali.plebania.hu\/wp-content\/uploads\/2024\/03\/24-1024x683.jpg\" alt=\"\" class=\"wp-image-5701\" srcset=\"https:\/\/marcali.plebania.hu\/wp-content\/uploads\/2024\/03\/24-1024x683.jpg 1024w, https:\/\/marcali.plebania.hu\/wp-content\/uploads\/2024\/03\/24-300x200.jpg 300w, https:\/\/marcali.plebania.hu\/wp-content\/uploads\/2024\/03\/24-768x512.jpg 768w, https:\/\/marcali.plebania.hu\/wp-content\/uploads\/2024\/03\/24-1536x1024.jpg 1536w, https:\/\/marcali.plebania.hu\/wp-content\/uploads\/2024\/03\/24-2048x1365.jpg 2048w, https:\/\/marcali.plebania.hu\/wp-content\/uploads\/2024\/03\/24-405x270.jpg 405w\" sizes=\"auto, (max-width: 1024px) 100vw, 1024px\" \/><\/figure>\n<\/figure>\n\n\n\n<p>\u00cdrta \u00e9s fot\u00f3k: Kiss K\u00e1lm\u00e1n<\/p>\n","protected":false},"excerpt":{"rendered":"<p>2024. m\u00e1rcius 9-\u00e9n, szombaton 16.15 \u00f3r\u00e1t\u00f3l a csal\u00e1dok kereszt\u00fatj\u00e1t im\u00e1dkozt\u00e1k a Marcali pl\u00e9b\u00e1niatemplomban. Ut\u00e1na 17 \u00f3r\u00e1t\u00f3l Bellovics G\u00e1bor jezsuita atya tartott lelkigyakorlatos szentmis\u00e9t a jelenl\u00e9v\u0151 h\u00edveknek. A szentmise v\u00e9g\u00e9n Tomanek Ferenc \u00c1ron marcali pl\u00e9b\u00e1nos \u00e9s dr. Gyulain\u00e9 Domj\u00e1n Zsuzsanna hitoktat\u00f3n\u0151 \u2013 kis aj\u00e1nd\u00e9kok k\u00eds\u00e9ret\u00e9ben \u2013 k\u00f6sz\u00f6nte meg az egyh\u00e1zmegyei rajzverseny marcali r\u00e9sztvev\u0151inek a munk\u00e1j\u00e1t. K\u00f6z\u00fcl\u00fck t\u00f6bben tov\u00e1bb is jutottak az egyh\u00e1zmegyei d\u00f6nt\u0151be. \u00cdrta \u00e9s fot\u00f3k: Kiss K\u00e1lm\u00e1n<\/p>\n","protected":false},"author":2,"featured_media":0,"comment_status":"closed","ping_status":"open","sticky":false,"template":"","format":"standard","meta":{"footnotes":""},"categories":[1],"tags":[],"class_list":["post-5690","post","type-post","status-publish","format-standard","hentry","category-egyeb"],"_links":{"self":[{"href":"https:\/\/marcali.plebania.hu\/index.php?rest_route=\/wp\/v2\/posts\/5690","targetHints":{"allow":["GET"]}}],"collection":[{"href":"https:\/\/marcali.plebania.hu\/index.php?rest_route=\/wp\/v2\/posts"}],"about":[{"href":"https:\/\/marcali.plebania.hu\/index.php?rest_route=\/wp\/v2\/types\/post"}],"author":[{"embeddable":true,"href":"https:\/\/marcali.plebania.hu\/index.php?rest_route=\/wp\/v2\/users\/2"}],"replies":[{"embeddable":true,"href":"https:\/\/marcali.plebania.hu\/index.php?rest_route=%2Fwp%2Fv2%2Fcomments&post=5690"}],"version-history":[{"count":1,"href":"https:\/\/marcali.plebania.hu\/index.php?rest_route=\/wp\/v2\/posts\/5690\/revisions"}],"predecessor-version":[{"id":5705,"href":"https:\/\/marcali.plebania.hu\/index.php?rest_route=\/wp\/v2\/posts\/5690\/revisions\/5705"}],"wp:attachment":[{"href":"https:\/\/marcali.plebania.hu\/index.php?rest_route=%2Fwp%2Fv2%2Fmedia&parent=5690"}],"wp:term":[{"taxonomy":"category","embeddable":true,"href":"https:\/\/marcali.plebania.hu\/index.php?rest_route=%2Fwp%2Fv2%2Fcategories&post=5690"},{"taxonomy":"post_tag","embeddable":true,"href":"https:\/\/marcali.plebania.hu\/index.php?rest_route=%2Fwp%2Fv2%2Ftags&post=5690"}],"curies":[{"name":"wp","href":"https:\/\/api.w.org\/{rel}","templated":true}]}}