{"id":570,"date":"2018-12-28T21:17:39","date_gmt":"2018-12-28T21:17:39","guid":{"rendered":"https:\/\/marcali.plebania.hu\/?p=570"},"modified":"2018-12-28T21:17:39","modified_gmt":"2018-12-28T21:17:39","slug":"borszenteles-marcaliban","status":"publish","type":"post","link":"https:\/\/marcali.plebania.hu\/?p=570","title":{"rendered":"Borszentel\u00e9s Marcaliban"},"content":{"rendered":"<p>2018. december 26-\u00e1n, szerd\u00e1n, Kar\u00e1csony m\u00e1snapj\u00e1n, a 9 \u00f3r\u00e1s szentmis\u00e9n a Marcali pl\u00e9b\u00e1niatemplomban Kiss Iv\u00e1n c. pr\u00e9post, esperes-pl\u00e9b\u00e1nos meg\u00e1ldotta az idei borokat \u00e9s a sz\u0151l\u0151sgazd\u00e1kat is.<\/p>\n<p><img loading=\"lazy\" decoding=\"async\" class=\"aligncenter wp-image-571 size-large\" src=\"https:\/\/marcali.plebania.hu\/wp-content\/uploads\/2018\/12\/05-2-1024x683.jpg\" alt=\"\" width=\"640\" height=\"427\" srcset=\"https:\/\/marcali.plebania.hu\/wp-content\/uploads\/2018\/12\/05-2-1024x683.jpg 1024w, https:\/\/marcali.plebania.hu\/wp-content\/uploads\/2018\/12\/05-2-300x200.jpg 300w, https:\/\/marcali.plebania.hu\/wp-content\/uploads\/2018\/12\/05-2-768x512.jpg 768w, https:\/\/marcali.plebania.hu\/wp-content\/uploads\/2018\/12\/05-2-405x270.jpg 405w\" sizes=\"auto, (max-width: 640px) 100vw, 640px\" \/><\/p>\n<p><img loading=\"lazy\" decoding=\"async\" class=\"aligncenter wp-image-572 size-large\" src=\"https:\/\/marcali.plebania.hu\/wp-content\/uploads\/2018\/12\/15-1-1024x683.jpg\" alt=\"\" width=\"640\" height=\"427\" srcset=\"https:\/\/marcali.plebania.hu\/wp-content\/uploads\/2018\/12\/15-1-1024x683.jpg 1024w, https:\/\/marcali.plebania.hu\/wp-content\/uploads\/2018\/12\/15-1-300x200.jpg 300w, https:\/\/marcali.plebania.hu\/wp-content\/uploads\/2018\/12\/15-1-768x512.jpg 768w, https:\/\/marcali.plebania.hu\/wp-content\/uploads\/2018\/12\/15-1-405x270.jpg 405w\" sizes=\"auto, (max-width: 640px) 100vw, 640px\" \/><\/p>\n<p>Az \u00e1ld\u00e1s ut\u00e1n Bogn\u00e1r Gy\u00f6rgy saj\u00e1t szerzem\u00e9ny\u0171 vers\u00e9t szavalta el. A mise ut\u00e1n pedig, a templom el\u0151tti t\u00e9ren Iv\u00e1n atya meg\u00e1ldotta a forralt bort is, melyet Gelencs\u00e9r R\u00f3bert vil\u00e1gi eln\u00f6k \u00e9s csal\u00e1dja k\u00edn\u00e1lt a jelenl\u00e9v\u0151 h\u00edveknek.<\/p>\n<p><img loading=\"lazy\" decoding=\"async\" class=\"aligncenter wp-image-573 size-large\" src=\"https:\/\/marcali.plebania.hu\/wp-content\/uploads\/2018\/12\/26-1024x683.jpg\" alt=\"\" width=\"640\" height=\"427\" srcset=\"https:\/\/marcali.plebania.hu\/wp-content\/uploads\/2018\/12\/26-1024x683.jpg 1024w, https:\/\/marcali.plebania.hu\/wp-content\/uploads\/2018\/12\/26-300x200.jpg 300w, https:\/\/marcali.plebania.hu\/wp-content\/uploads\/2018\/12\/26-768x512.jpg 768w, https:\/\/marcali.plebania.hu\/wp-content\/uploads\/2018\/12\/26-405x270.jpg 405w\" sizes=\"auto, (max-width: 640px) 100vw, 640px\" \/><\/p>\n<p>&nbsp;<\/p>\n","protected":false},"excerpt":{"rendered":"<p>2018. december 26-\u00e1n, szerd\u00e1n, Kar\u00e1csony m\u00e1snapj\u00e1n, a 9 \u00f3r\u00e1s szentmis\u00e9n a Marcali pl\u00e9b\u00e1niatemplomban Kiss Iv\u00e1n c. pr\u00e9post, esperes-pl\u00e9b\u00e1nos meg\u00e1ldotta az idei borokat \u00e9s a sz\u0151l\u0151sgazd\u00e1kat is. Az \u00e1ld\u00e1s ut\u00e1n Bogn\u00e1r Gy\u00f6rgy saj\u00e1t szerzem\u00e9ny\u0171 vers\u00e9t szavalta el. A mise ut\u00e1n pedig, a templom el\u0151tti t\u00e9ren Iv\u00e1n atya meg\u00e1ldotta a forralt bort is, melyet Gelencs\u00e9r R\u00f3bert vil\u00e1gi eln\u00f6k \u00e9s csal\u00e1dja k\u00edn\u00e1lt a jelenl\u00e9v\u0151 h\u00edveknek. &nbsp;<\/p>\n","protected":false},"author":2,"featured_media":0,"comment_status":"closed","ping_status":"open","sticky":false,"template":"","format":"standard","meta":{"footnotes":""},"categories":[1],"tags":[],"class_list":["post-570","post","type-post","status-publish","format-standard","hentry","category-egyeb"],"_links":{"self":[{"href":"https:\/\/marcali.plebania.hu\/index.php?rest_route=\/wp\/v2\/posts\/570","targetHints":{"allow":["GET"]}}],"collection":[{"href":"https:\/\/marcali.plebania.hu\/index.php?rest_route=\/wp\/v2\/posts"}],"about":[{"href":"https:\/\/marcali.plebania.hu\/index.php?rest_route=\/wp\/v2\/types\/post"}],"author":[{"embeddable":true,"href":"https:\/\/marcali.plebania.hu\/index.php?rest_route=\/wp\/v2\/users\/2"}],"replies":[{"embeddable":true,"href":"https:\/\/marcali.plebania.hu\/index.php?rest_route=%2Fwp%2Fv2%2Fcomments&post=570"}],"version-history":[{"count":1,"href":"https:\/\/marcali.plebania.hu\/index.php?rest_route=\/wp\/v2\/posts\/570\/revisions"}],"predecessor-version":[{"id":574,"href":"https:\/\/marcali.plebania.hu\/index.php?rest_route=\/wp\/v2\/posts\/570\/revisions\/574"}],"wp:attachment":[{"href":"https:\/\/marcali.plebania.hu\/index.php?rest_route=%2Fwp%2Fv2%2Fmedia&parent=570"}],"wp:term":[{"taxonomy":"category","embeddable":true,"href":"https:\/\/marcali.plebania.hu\/index.php?rest_route=%2Fwp%2Fv2%2Fcategories&post=570"},{"taxonomy":"post_tag","embeddable":true,"href":"https:\/\/marcali.plebania.hu\/index.php?rest_route=%2Fwp%2Fv2%2Ftags&post=570"}],"curies":[{"name":"wp","href":"https:\/\/api.w.org\/{rel}","templated":true}]}}