{"id":5706,"date":"2024-03-12T09:50:39","date_gmt":"2024-03-12T09:50:39","guid":{"rendered":"https:\/\/marcali.plebania.hu\/?p=5706"},"modified":"2024-03-12T09:50:39","modified_gmt":"2024-03-12T09:50:39","slug":"hirdetesek-2024-marcius-10-en","status":"publish","type":"post","link":"https:\/\/marcali.plebania.hu\/?p=5706","title":{"rendered":"Hirdet\u00e9sek 2024. m\u00e1rcius 10-\u00e9n"},"content":{"rendered":"\n<p><strong><a href=\"https:\/\/igenaptar.katolikus.hu\/2024\/nap\/index.php?holnap=2024-03-10\" target=\"_blank\" rel=\"noreferrer noopener\"><u>Nagyb\u00f6jt 4. vas\u00e1rnapja<\/u><\/a><\/strong><\/p>\n\n\n\n<ol class=\"wp-block-list\" start=\"1\">\n<li>K\u00f6sz\u00f6nj\u00fck a felaj\u00e1nlott tart\u00f3s \u00e9lelmiszert.<\/li>\n\n\n\n<li><strong>Irod\u00e1<\/strong>nk a pl\u00e9b\u00e1nia\u00e9p\u00fclet fel\u00faj\u00edt\u00e1s\u00e1nak befejezt\u00e9ig az X-h\u00e1zba (D\u00f3zsa Gy\u00f6rgy u. 3.) k\u00f6lt\u00f6z\u00f6tt.<\/li>\n\n\n\n<li>A <strong>b\u00e9rm\u00e1lkoz\u00e1sra k\u00e9sz\u00fcl\u0151k<\/strong> sz\u00fcleit m\u00e1rcius 12-\u00e9n 16:15-re v\u00e1rjuk az X-h\u00e1zba <strong>sz\u00fcl\u0151i \u00e9rtekezlet<\/strong>re.<\/li>\n\n\n\n<li>A <strong>fatimai ima\u00f3ra<\/strong> szerd\u00e1n 16 \u00f3rakor kezd\u0151dik a templomban.<\/li>\n\n\n\n<li>A <strong>F\u00e9rfi-k\u00f6r<\/strong> k\u00f6vetkez\u0151 tal\u00e1lkoz\u00f3ja szerd\u00e1n, a <strong>feln\u0151tt<\/strong>eknek sz\u00f3l\u00f3 <strong>hittan<\/strong> \u00e9s szents\u00e9gi felk\u00e9sz\u00edt\u0151 pedig cs\u00fct\u00f6rt\u00f6k\u00f6n 17:45-kor kezd\u0151dik az X-h\u00e1zban. Szeretettel v\u00e1rjuk a tagokat \u00e9s az \u00e9rdekl\u0151d\u0151ket.<\/li>\n\n\n\n<li>A j\u00f6v\u0151 vas\u00e1rnapi perselyadom\u00e1nyokat a <strong>Szentf\u00f6ld jav\u00e1ra<\/strong> tov\u00e1bb\u00edtjuk.<\/li>\n<\/ol>\n","protected":false},"excerpt":{"rendered":"<p>Nagyb\u00f6jt 4. vas\u00e1rnapja<\/p>\n","protected":false},"author":2,"featured_media":0,"comment_status":"closed","ping_status":"open","sticky":false,"template":"","format":"standard","meta":{"footnotes":""},"categories":[1],"tags":[],"class_list":["post-5706","post","type-post","status-publish","format-standard","hentry","category-egyeb"],"_links":{"self":[{"href":"https:\/\/marcali.plebania.hu\/index.php?rest_route=\/wp\/v2\/posts\/5706","targetHints":{"allow":["GET"]}}],"collection":[{"href":"https:\/\/marcali.plebania.hu\/index.php?rest_route=\/wp\/v2\/posts"}],"about":[{"href":"https:\/\/marcali.plebania.hu\/index.php?rest_route=\/wp\/v2\/types\/post"}],"author":[{"embeddable":true,"href":"https:\/\/marcali.plebania.hu\/index.php?rest_route=\/wp\/v2\/users\/2"}],"replies":[{"embeddable":true,"href":"https:\/\/marcali.plebania.hu\/index.php?rest_route=%2Fwp%2Fv2%2Fcomments&post=5706"}],"version-history":[{"count":1,"href":"https:\/\/marcali.plebania.hu\/index.php?rest_route=\/wp\/v2\/posts\/5706\/revisions"}],"predecessor-version":[{"id":5707,"href":"https:\/\/marcali.plebania.hu\/index.php?rest_route=\/wp\/v2\/posts\/5706\/revisions\/5707"}],"wp:attachment":[{"href":"https:\/\/marcali.plebania.hu\/index.php?rest_route=%2Fwp%2Fv2%2Fmedia&parent=5706"}],"wp:term":[{"taxonomy":"category","embeddable":true,"href":"https:\/\/marcali.plebania.hu\/index.php?rest_route=%2Fwp%2Fv2%2Fcategories&post=5706"},{"taxonomy":"post_tag","embeddable":true,"href":"https:\/\/marcali.plebania.hu\/index.php?rest_route=%2Fwp%2Fv2%2Ftags&post=5706"}],"curies":[{"name":"wp","href":"https:\/\/api.w.org\/{rel}","templated":true}]}}