{"id":5708,"date":"2024-03-18T16:16:19","date_gmt":"2024-03-18T16:16:19","guid":{"rendered":"https:\/\/marcali.plebania.hu\/?p=5708"},"modified":"2024-03-18T16:16:19","modified_gmt":"2024-03-18T16:16:19","slug":"hirdetesek-2024-marcius-17-en","status":"publish","type":"post","link":"https:\/\/marcali.plebania.hu\/?p=5708","title":{"rendered":"Hirdet\u00e9sek 2024. m\u00e1rcius 17-\u00e9n"},"content":{"rendered":"\n<p><strong><a href=\"https:\/\/igenaptar.katolikus.hu\/2024\/nap\/index.php?holnap=2024-03-17\" target=\"_blank\" rel=\"noreferrer noopener\"><u>Nagyb\u00f6jt 5. vas\u00e1rnapja<\/u><\/a><\/strong><strong><\/strong><\/p>\n\n\n\n<ol class=\"wp-block-list\" start=\"1\">\n<li>A mai perselyadom\u00e1nyokat a <strong>Szentf\u00f6ld jav\u00e1ra<\/strong> tov\u00e1bb\u00edtjuk.<\/li>\n\n\n\n<li>A pl\u00e9b\u00e1niai <strong>karit\u00e1sz<\/strong> csoport k\u00f6vetkez\u0151 megbesz\u00e9l\u00e9s\u00e9t cs\u00fct\u00f6rt\u00f6k\u00f6n 17:45-t\u0151l tartjuk az X-h\u00e1zban (D\u00f3zsa Gy. u. 3.).<\/li>\n\n\n\n<li>A <strong>k\u00e9pvisel\u0151test\u00fclet<\/strong> \u00fcl\u00e9se ugyanott p\u00e9nteken az esti szentmise ut\u00e1n kezd\u0151dik.<\/li>\n\n\n\n<li>A h\u00fasv\u00e9ti templomd\u00edsz\u00edt\u00e9sre sz\u00e1nt vir\u00e1gp\u00e9nzt k\u00e9rj\u00fck a sekresty\u00e9snek adni. K\u00f6sz\u00f6nj\u00fck a hozz\u00e1j\u00e1rul\u00e1st templomunk sz\u00e9pp\u00e9 t\u00e9tel\u00e9hez.<\/li>\n\n\n\n<li>A j\u00f6v\u0151 vas\u00e1rnapi szentmis\u00e9t barkaszentel\u00e9ssel kezdj\u00fck, J\u00e9zus jeruzs\u00e1lemi bevonul\u00e1s\u00e1ra eml\u00e9kezve.<\/li>\n<\/ol>\n","protected":false},"excerpt":{"rendered":"<p>Nagyb\u00f6jt 5. vas\u00e1rnapja<\/p>\n","protected":false},"author":2,"featured_media":0,"comment_status":"closed","ping_status":"open","sticky":false,"template":"","format":"standard","meta":{"footnotes":""},"categories":[1],"tags":[],"class_list":["post-5708","post","type-post","status-publish","format-standard","hentry","category-egyeb"],"_links":{"self":[{"href":"https:\/\/marcali.plebania.hu\/index.php?rest_route=\/wp\/v2\/posts\/5708","targetHints":{"allow":["GET"]}}],"collection":[{"href":"https:\/\/marcali.plebania.hu\/index.php?rest_route=\/wp\/v2\/posts"}],"about":[{"href":"https:\/\/marcali.plebania.hu\/index.php?rest_route=\/wp\/v2\/types\/post"}],"author":[{"embeddable":true,"href":"https:\/\/marcali.plebania.hu\/index.php?rest_route=\/wp\/v2\/users\/2"}],"replies":[{"embeddable":true,"href":"https:\/\/marcali.plebania.hu\/index.php?rest_route=%2Fwp%2Fv2%2Fcomments&post=5708"}],"version-history":[{"count":1,"href":"https:\/\/marcali.plebania.hu\/index.php?rest_route=\/wp\/v2\/posts\/5708\/revisions"}],"predecessor-version":[{"id":5709,"href":"https:\/\/marcali.plebania.hu\/index.php?rest_route=\/wp\/v2\/posts\/5708\/revisions\/5709"}],"wp:attachment":[{"href":"https:\/\/marcali.plebania.hu\/index.php?rest_route=%2Fwp%2Fv2%2Fmedia&parent=5708"}],"wp:term":[{"taxonomy":"category","embeddable":true,"href":"https:\/\/marcali.plebania.hu\/index.php?rest_route=%2Fwp%2Fv2%2Fcategories&post=5708"},{"taxonomy":"post_tag","embeddable":true,"href":"https:\/\/marcali.plebania.hu\/index.php?rest_route=%2Fwp%2Fv2%2Ftags&post=5708"}],"curies":[{"name":"wp","href":"https:\/\/api.w.org\/{rel}","templated":true}]}}