{"id":5710,"date":"2024-03-18T16:19:21","date_gmt":"2024-03-18T16:19:21","guid":{"rendered":"https:\/\/marcali.plebania.hu\/?p=5710"},"modified":"2024-03-18T16:19:21","modified_gmt":"2024-03-18T16:19:21","slug":"a-marcali-nemzetorokre-emlekeztek-a-plebaniatemplomnal","status":"publish","type":"post","link":"https:\/\/marcali.plebania.hu\/?p=5710","title":{"rendered":"A Marcali nemzet\u0151r\u00f6kre eml\u00e9keztek a pl\u00e9b\u00e1niatemplomn\u00e1l"},"content":{"rendered":"\n<p>2024. m\u00e1rcius 17-\u00e9n, vas\u00e1rnap, a 9 \u00f3r\u00e1s szentmise ut\u00e1n megeml\u00e9kez\u00e9st tartottak az 1848-1849-es marcali nemzet\u0151r\u00f6k eml\u00e9kt\u00e1bl\u00e1j\u00e1n\u00e1l, a Gy\u00fcm\u00f6lcsolt\u00f3 Boldogasszony Pl\u00e9b\u00e1niatemplom \u00e9szaki oldal\u00e1n, a Marcali R\u00f3mai Katolikus Egyh\u00e1zk\u00f6zs\u00e9g \u00e9s a Kereszt\u00e9ny \u00c9rtelmis\u00e9giek Sz\u00f6vets\u00e9ge (K\u00c9SZ) Marcali Csoportja szervez\u00e9s\u00e9ben.<\/p>\n\n\n\n<figure class=\"wp-block-gallery has-nested-images columns-default is-cropped wp-block-gallery-1 is-layout-flex wp-block-gallery-is-layout-flex\">\n<figure class=\"wp-block-image size-large\"><img loading=\"lazy\" decoding=\"async\" width=\"1024\" height=\"683\" data-id=\"5712\" src=\"https:\/\/marcali.plebania.hu\/wp-content\/uploads\/2024\/03\/03-3-1024x683.jpg\" alt=\"\" class=\"wp-image-5712\" srcset=\"https:\/\/marcali.plebania.hu\/wp-content\/uploads\/2024\/03\/03-3-1024x683.jpg 1024w, https:\/\/marcali.plebania.hu\/wp-content\/uploads\/2024\/03\/03-3-300x200.jpg 300w, https:\/\/marcali.plebania.hu\/wp-content\/uploads\/2024\/03\/03-3-768x512.jpg 768w, https:\/\/marcali.plebania.hu\/wp-content\/uploads\/2024\/03\/03-3-1536x1024.jpg 1536w, https:\/\/marcali.plebania.hu\/wp-content\/uploads\/2024\/03\/03-3-2048x1365.jpg 2048w, https:\/\/marcali.plebania.hu\/wp-content\/uploads\/2024\/03\/03-3-405x270.jpg 405w\" sizes=\"auto, (max-width: 1024px) 100vw, 1024px\" \/><\/figure>\n\n\n\n<figure class=\"wp-block-image size-large\"><img loading=\"lazy\" decoding=\"async\" width=\"1024\" height=\"683\" data-id=\"5714\" src=\"https:\/\/marcali.plebania.hu\/wp-content\/uploads\/2024\/03\/04-3-1024x683.jpg\" alt=\"\" class=\"wp-image-5714\" srcset=\"https:\/\/marcali.plebania.hu\/wp-content\/uploads\/2024\/03\/04-3-1024x683.jpg 1024w, https:\/\/marcali.plebania.hu\/wp-content\/uploads\/2024\/03\/04-3-300x200.jpg 300w, https:\/\/marcali.plebania.hu\/wp-content\/uploads\/2024\/03\/04-3-768x512.jpg 768w, https:\/\/marcali.plebania.hu\/wp-content\/uploads\/2024\/03\/04-3-1536x1024.jpg 1536w, https:\/\/marcali.plebania.hu\/wp-content\/uploads\/2024\/03\/04-3-2048x1365.jpg 2048w, https:\/\/marcali.plebania.hu\/wp-content\/uploads\/2024\/03\/04-3-405x270.jpg 405w\" sizes=\"auto, (max-width: 1024px) 100vw, 1024px\" \/><\/figure>\n\n\n\n<figure class=\"wp-block-image size-large\"><img loading=\"lazy\" decoding=\"async\" width=\"1024\" height=\"683\" data-id=\"5713\" src=\"https:\/\/marcali.plebania.hu\/wp-content\/uploads\/2024\/03\/05-1-1024x683.jpg\" alt=\"\" class=\"wp-image-5713\" srcset=\"https:\/\/marcali.plebania.hu\/wp-content\/uploads\/2024\/03\/05-1-1024x683.jpg 1024w, https:\/\/marcali.plebania.hu\/wp-content\/uploads\/2024\/03\/05-1-300x200.jpg 300w, https:\/\/marcali.plebania.hu\/wp-content\/uploads\/2024\/03\/05-1-768x512.jpg 768w, https:\/\/marcali.plebania.hu\/wp-content\/uploads\/2024\/03\/05-1-1536x1024.jpg 1536w, https:\/\/marcali.plebania.hu\/wp-content\/uploads\/2024\/03\/05-1-2048x1365.jpg 2048w, https:\/\/marcali.plebania.hu\/wp-content\/uploads\/2024\/03\/05-1-405x270.jpg 405w\" sizes=\"auto, (max-width: 1024px) 100vw, 1024px\" \/><\/figure>\n\n\n\n<figure class=\"wp-block-image size-large\"><img loading=\"lazy\" decoding=\"async\" width=\"1024\" height=\"683\" data-id=\"5711\" src=\"https:\/\/marcali.plebania.hu\/wp-content\/uploads\/2024\/03\/06-1-1024x683.jpg\" alt=\"\" class=\"wp-image-5711\" srcset=\"https:\/\/marcali.plebania.hu\/wp-content\/uploads\/2024\/03\/06-1-1024x683.jpg 1024w, https:\/\/marcali.plebania.hu\/wp-content\/uploads\/2024\/03\/06-1-300x200.jpg 300w, https:\/\/marcali.plebania.hu\/wp-content\/uploads\/2024\/03\/06-1-768x512.jpg 768w, https:\/\/marcali.plebania.hu\/wp-content\/uploads\/2024\/03\/06-1-1536x1024.jpg 1536w, https:\/\/marcali.plebania.hu\/wp-content\/uploads\/2024\/03\/06-1-2048x1365.jpg 2048w, https:\/\/marcali.plebania.hu\/wp-content\/uploads\/2024\/03\/06-1-405x270.jpg 405w\" sizes=\"auto, (max-width: 1024px) 100vw, 1024px\" \/><\/figure>\n<\/figure>\n\n\n\n<p>A r\u00e9sztvev\u0151ket Kiss K\u00e1lm\u00e1n, a K\u00c9SZ helyi csoportj\u00e1nak eln\u00f6ke k\u00f6sz\u00f6nt\u00f6tte, majd a Himnusz el\u00e9nekl\u00e9se ut\u00e1n r\u00f6viden besz\u00e9lt a nemzet\u0151r\u00f6k h\u0151sies helyt\u00e1ll\u00e1s\u00e1r\u00f3l, akik a k\u00f6rny\u00e9ken k\u00e9t kisebb gy\u0151zelmet is arattak Jellasics csapatai felett. A sz\u0151cs\u00e9nyi \u00e9s a boronkai \u00fctk\u00f6zetekben 1848 \u0151sz\u00e9n sikeresen rajta\u00fct\u00f6ttek \u00e9s zs\u00e1km\u00e1nyul ejtett\u00e9k a horv\u00e1t ut\u00e1np\u00f3tl\u00e1st sz\u00e1ll\u00edt\u00f3 szekereket. Majd 1849-ben pedig Marcalib\u00f3l indult Noszlopy G\u00e1sp\u00e1r n\u00e9pfelkel\u0151 serege \u00e9s szabad\u00edtotta fel a v\u00e1rmegy\u00e9t egy r\u00f6vid id\u0151re.<\/p>\n\n\n\n<p>Ezut\u00e1n Pozsonyi Piusz, 3. oszt\u00e1lyos \u00e1ltal\u00e1nos iskolai tanul\u00f3 szavalta el Pet\u0151fi S\u00e1ndor: Nemzeti dal c\u00edm\u0171 vers\u00e9t.<\/p>\n\n\n\n<figure class=\"wp-block-gallery has-nested-images columns-default is-cropped wp-block-gallery-2 is-layout-flex wp-block-gallery-is-layout-flex\">\n<figure class=\"wp-block-image size-large\"><img loading=\"lazy\" decoding=\"async\" width=\"1024\" height=\"683\" data-id=\"5718\" src=\"https:\/\/marcali.plebania.hu\/wp-content\/uploads\/2024\/03\/11-2-1024x683.jpg\" alt=\"\" class=\"wp-image-5718\" srcset=\"https:\/\/marcali.plebania.hu\/wp-content\/uploads\/2024\/03\/11-2-1024x683.jpg 1024w, https:\/\/marcali.plebania.hu\/wp-content\/uploads\/2024\/03\/11-2-300x200.jpg 300w, https:\/\/marcali.plebania.hu\/wp-content\/uploads\/2024\/03\/11-2-768x512.jpg 768w, https:\/\/marcali.plebania.hu\/wp-content\/uploads\/2024\/03\/11-2-1536x1024.jpg 1536w, https:\/\/marcali.plebania.hu\/wp-content\/uploads\/2024\/03\/11-2-2048x1365.jpg 2048w, https:\/\/marcali.plebania.hu\/wp-content\/uploads\/2024\/03\/11-2-405x270.jpg 405w\" sizes=\"auto, (max-width: 1024px) 100vw, 1024px\" \/><\/figure>\n\n\n\n<figure class=\"wp-block-image size-large\"><img loading=\"lazy\" decoding=\"async\" width=\"1024\" height=\"683\" data-id=\"5719\" src=\"https:\/\/marcali.plebania.hu\/wp-content\/uploads\/2024\/03\/15-1024x683.jpg\" alt=\"\" class=\"wp-image-5719\" srcset=\"https:\/\/marcali.plebania.hu\/wp-content\/uploads\/2024\/03\/15-1024x683.jpg 1024w, https:\/\/marcali.plebania.hu\/wp-content\/uploads\/2024\/03\/15-300x200.jpg 300w, https:\/\/marcali.plebania.hu\/wp-content\/uploads\/2024\/03\/15-768x512.jpg 768w, https:\/\/marcali.plebania.hu\/wp-content\/uploads\/2024\/03\/15-1536x1024.jpg 1536w, https:\/\/marcali.plebania.hu\/wp-content\/uploads\/2024\/03\/15-2048x1365.jpg 2048w, https:\/\/marcali.plebania.hu\/wp-content\/uploads\/2024\/03\/15-405x270.jpg 405w\" sizes=\"auto, (max-width: 1024px) 100vw, 1024px\" \/><\/figure>\n\n\n\n<figure class=\"wp-block-image size-large\"><img loading=\"lazy\" decoding=\"async\" width=\"1024\" height=\"683\" data-id=\"5715\" src=\"https:\/\/marcali.plebania.hu\/wp-content\/uploads\/2024\/03\/12-1-1024x683.jpg\" alt=\"\" class=\"wp-image-5715\" srcset=\"https:\/\/marcali.plebania.hu\/wp-content\/uploads\/2024\/03\/12-1-1024x683.jpg 1024w, https:\/\/marcali.plebania.hu\/wp-content\/uploads\/2024\/03\/12-1-300x200.jpg 300w, https:\/\/marcali.plebania.hu\/wp-content\/uploads\/2024\/03\/12-1-768x512.jpg 768w, https:\/\/marcali.plebania.hu\/wp-content\/uploads\/2024\/03\/12-1-1536x1024.jpg 1536w, https:\/\/marcali.plebania.hu\/wp-content\/uploads\/2024\/03\/12-1-2048x1365.jpg 2048w, https:\/\/marcali.plebania.hu\/wp-content\/uploads\/2024\/03\/12-1-405x270.jpg 405w\" sizes=\"auto, (max-width: 1024px) 100vw, 1024px\" \/><\/figure>\n\n\n\n<figure class=\"wp-block-image size-large\"><img loading=\"lazy\" decoding=\"async\" width=\"1024\" height=\"683\" data-id=\"5716\" src=\"https:\/\/marcali.plebania.hu\/wp-content\/uploads\/2024\/03\/14-1024x683.jpg\" alt=\"\" class=\"wp-image-5716\" srcset=\"https:\/\/marcali.plebania.hu\/wp-content\/uploads\/2024\/03\/14-1024x683.jpg 1024w, https:\/\/marcali.plebania.hu\/wp-content\/uploads\/2024\/03\/14-300x200.jpg 300w, https:\/\/marcali.plebania.hu\/wp-content\/uploads\/2024\/03\/14-768x512.jpg 768w, https:\/\/marcali.plebania.hu\/wp-content\/uploads\/2024\/03\/14-1536x1024.jpg 1536w, https:\/\/marcali.plebania.hu\/wp-content\/uploads\/2024\/03\/14-2048x1365.jpg 2048w, https:\/\/marcali.plebania.hu\/wp-content\/uploads\/2024\/03\/14-405x270.jpg 405w\" sizes=\"auto, (max-width: 1024px) 100vw, 1024px\" \/><\/figure>\n<\/figure>\n\n\n\n<p>V\u00e9g\u00fcl Tomanek Ferenc \u00c1ron pl\u00e9b\u00e1nos, Gelencs\u00e9r R\u00f3bert vil\u00e1gi eln\u00f6k \u00e9s Kir\u00e1ly Jen\u0151 templomatya koszor\u00fat helyezett el az eml\u00e9kt\u00e1bl\u00e1n\u00e1l \u00e9s hajtott fejet a h\u0151s\u00f6k tisztelet\u00e9re; mik\u00f6zben S\u00e1gv\u00e1ri R\u00f3bert, a F\u00e9ny Gyermekei Katolikus Zenekar vezet\u0151je \u00e9s Balogh B\u00e1lint k\u00e1ntor el\u00e9nekelt\u00e9k a Kossuth-n\u00f3t\u00e1t.<\/p>\n\n\n\n<p><a><\/a> \u00cdrta \u00e9s fot\u00f3k: K\u00c9SZ Marcali Csoportja\/Kiss K\u00e1lm\u00e1n<\/p>\n","protected":false},"excerpt":{"rendered":"<p>2024. m\u00e1rcius 17-\u00e9n, vas\u00e1rnap, a 9 \u00f3r\u00e1s szentmise ut\u00e1n megeml\u00e9kez\u00e9st tartottak az 1848-1849-es marcali nemzet\u0151r\u00f6k eml\u00e9kt\u00e1bl\u00e1j\u00e1n\u00e1l, a Gy\u00fcm\u00f6lcsolt\u00f3 Boldogasszony Pl\u00e9b\u00e1niatemplom \u00e9szaki oldal\u00e1n, a Marcali R\u00f3mai Katolikus Egyh\u00e1zk\u00f6zs\u00e9g \u00e9s a Kereszt\u00e9ny \u00c9rtelmis\u00e9giek Sz\u00f6vets\u00e9ge (K\u00c9SZ) Marcali Csoportja szervez\u00e9s\u00e9ben. A r\u00e9sztvev\u0151ket Kiss K\u00e1lm\u00e1n, a K\u00c9SZ helyi csoportj\u00e1nak eln\u00f6ke k\u00f6sz\u00f6nt\u00f6tte, majd a Himnusz el\u00e9nekl\u00e9se ut\u00e1n r\u00f6viden besz\u00e9lt a nemzet\u0151r\u00f6k h\u0151sies helyt\u00e1ll\u00e1s\u00e1r\u00f3l, akik a k\u00f6rny\u00e9ken k\u00e9t kisebb gy\u0151zelmet is arattak Jellasics csapatai felett. A sz\u0151cs\u00e9nyi \u00e9s a boronkai \u00fctk\u00f6zetekben 1848 \u0151sz\u00e9n sikeresen rajta\u00fct\u00f6ttek \u00e9s zs\u00e1km\u00e1nyul&#8230;<\/p>\n<p class=\"read-more\"><a class=\"btn btn-default\" href=\"https:\/\/marcali.plebania.hu\/?p=5710\"> Read More<span class=\"screen-reader-text\">  Read More<\/span><\/a><\/p>\n","protected":false},"author":2,"featured_media":0,"comment_status":"closed","ping_status":"open","sticky":false,"template":"","format":"standard","meta":{"footnotes":""},"categories":[1],"tags":[],"class_list":["post-5710","post","type-post","status-publish","format-standard","hentry","category-egyeb"],"_links":{"self":[{"href":"https:\/\/marcali.plebania.hu\/index.php?rest_route=\/wp\/v2\/posts\/5710","targetHints":{"allow":["GET"]}}],"collection":[{"href":"https:\/\/marcali.plebania.hu\/index.php?rest_route=\/wp\/v2\/posts"}],"about":[{"href":"https:\/\/marcali.plebania.hu\/index.php?rest_route=\/wp\/v2\/types\/post"}],"author":[{"embeddable":true,"href":"https:\/\/marcali.plebania.hu\/index.php?rest_route=\/wp\/v2\/users\/2"}],"replies":[{"embeddable":true,"href":"https:\/\/marcali.plebania.hu\/index.php?rest_route=%2Fwp%2Fv2%2Fcomments&post=5710"}],"version-history":[{"count":1,"href":"https:\/\/marcali.plebania.hu\/index.php?rest_route=\/wp\/v2\/posts\/5710\/revisions"}],"predecessor-version":[{"id":5720,"href":"https:\/\/marcali.plebania.hu\/index.php?rest_route=\/wp\/v2\/posts\/5710\/revisions\/5720"}],"wp:attachment":[{"href":"https:\/\/marcali.plebania.hu\/index.php?rest_route=%2Fwp%2Fv2%2Fmedia&parent=5710"}],"wp:term":[{"taxonomy":"category","embeddable":true,"href":"https:\/\/marcali.plebania.hu\/index.php?rest_route=%2Fwp%2Fv2%2Fcategories&post=5710"},{"taxonomy":"post_tag","embeddable":true,"href":"https:\/\/marcali.plebania.hu\/index.php?rest_route=%2Fwp%2Fv2%2Ftags&post=5710"}],"curies":[{"name":"wp","href":"https:\/\/api.w.org\/{rel}","templated":true}]}}