{"id":5722,"date":"2024-03-21T16:02:38","date_gmt":"2024-03-21T16:02:38","guid":{"rendered":"https:\/\/marcali.plebania.hu\/?p=5722"},"modified":"2024-03-21T16:02:38","modified_gmt":"2024-03-21T16:02:38","slug":"husveti-tartos-elelmiszercsomagokat-kaptak-a-gamesz-kozmunkasai-a-marcali-karitasz-csoport-jovoltabol","status":"publish","type":"post","link":"https:\/\/marcali.plebania.hu\/?p=5722","title":{"rendered":"H\u00fasv\u00e9ti tart\u00f3s \u00e9lelmiszercsomagokat kaptak a GAMESZ k\u00f6zmunk\u00e1sai a Marcali Karit\u00e1sz Csoport j\u00f3volt\u00e1b\u00f3l"},"content":{"rendered":"\n<p>2024. m\u00e1rcius 20-\u00e1n, szerd\u00e1n d\u00e9lut\u00e1n, 15 \u00f3rakor S\u00e1voly Andrea \u00e9s T\u00f3th P\u00e9ter vezet\u00e9s\u00e9vel a Marcali Karit\u00e1sz Csoport \u00f6nk\u00e9ntesei ell\u00e1togattak a GAMESZ sz\u00e9kh\u00e1z\u00e1ba, ahol a szoci\u00e1lisan r\u00e1szorul\u00f3 k\u00f6zmunk\u00e1soknak tart\u00f3s \u00e9lelmiszerekb\u0151l \u00e1ll\u00f3 h\u00fasv\u00e9ti csomagokat osztottak ki.<\/p>\n\n\n\n<figure class=\"wp-block-gallery has-nested-images columns-default is-cropped wp-block-gallery-1 is-layout-flex wp-block-gallery-is-layout-flex\">\n<figure class=\"wp-block-image size-large\"><img loading=\"lazy\" decoding=\"async\" width=\"1024\" height=\"683\" data-id=\"5724\" src=\"https:\/\/marcali.plebania.hu\/wp-content\/uploads\/2024\/03\/01-2-1024x683.jpg\" alt=\"\" class=\"wp-image-5724\" srcset=\"https:\/\/marcali.plebania.hu\/wp-content\/uploads\/2024\/03\/01-2-1024x683.jpg 1024w, https:\/\/marcali.plebania.hu\/wp-content\/uploads\/2024\/03\/01-2-300x200.jpg 300w, https:\/\/marcali.plebania.hu\/wp-content\/uploads\/2024\/03\/01-2-768x512.jpg 768w, https:\/\/marcali.plebania.hu\/wp-content\/uploads\/2024\/03\/01-2-1536x1024.jpg 1536w, https:\/\/marcali.plebania.hu\/wp-content\/uploads\/2024\/03\/01-2-2048x1365.jpg 2048w, https:\/\/marcali.plebania.hu\/wp-content\/uploads\/2024\/03\/01-2-405x270.jpg 405w\" sizes=\"auto, (max-width: 1024px) 100vw, 1024px\" \/><\/figure>\n\n\n\n<figure class=\"wp-block-image size-large\"><img loading=\"lazy\" decoding=\"async\" width=\"1024\" height=\"683\" data-id=\"5725\" src=\"https:\/\/marcali.plebania.hu\/wp-content\/uploads\/2024\/03\/03-4-1024x683.jpg\" alt=\"\" class=\"wp-image-5725\" srcset=\"https:\/\/marcali.plebania.hu\/wp-content\/uploads\/2024\/03\/03-4-1024x683.jpg 1024w, https:\/\/marcali.plebania.hu\/wp-content\/uploads\/2024\/03\/03-4-300x200.jpg 300w, https:\/\/marcali.plebania.hu\/wp-content\/uploads\/2024\/03\/03-4-768x512.jpg 768w, https:\/\/marcali.plebania.hu\/wp-content\/uploads\/2024\/03\/03-4-1536x1024.jpg 1536w, https:\/\/marcali.plebania.hu\/wp-content\/uploads\/2024\/03\/03-4-2048x1365.jpg 2048w, https:\/\/marcali.plebania.hu\/wp-content\/uploads\/2024\/03\/03-4-405x270.jpg 405w\" sizes=\"auto, (max-width: 1024px) 100vw, 1024px\" \/><\/figure>\n\n\n\n<figure class=\"wp-block-image size-large\"><img loading=\"lazy\" decoding=\"async\" width=\"1024\" height=\"683\" data-id=\"5726\" src=\"https:\/\/marcali.plebania.hu\/wp-content\/uploads\/2024\/03\/04-4-1024x683.jpg\" alt=\"\" class=\"wp-image-5726\" srcset=\"https:\/\/marcali.plebania.hu\/wp-content\/uploads\/2024\/03\/04-4-1024x683.jpg 1024w, https:\/\/marcali.plebania.hu\/wp-content\/uploads\/2024\/03\/04-4-300x200.jpg 300w, https:\/\/marcali.plebania.hu\/wp-content\/uploads\/2024\/03\/04-4-768x512.jpg 768w, https:\/\/marcali.plebania.hu\/wp-content\/uploads\/2024\/03\/04-4-1536x1024.jpg 1536w, https:\/\/marcali.plebania.hu\/wp-content\/uploads\/2024\/03\/04-4-2048x1365.jpg 2048w, https:\/\/marcali.plebania.hu\/wp-content\/uploads\/2024\/03\/04-4-405x270.jpg 405w\" sizes=\"auto, (max-width: 1024px) 100vw, 1024px\" \/><\/figure>\n\n\n\n<figure class=\"wp-block-image size-large\"><img loading=\"lazy\" decoding=\"async\" width=\"1024\" height=\"683\" data-id=\"5723\" src=\"https:\/\/marcali.plebania.hu\/wp-content\/uploads\/2024\/03\/02-3-1024x683.jpg\" alt=\"\" class=\"wp-image-5723\" srcset=\"https:\/\/marcali.plebania.hu\/wp-content\/uploads\/2024\/03\/02-3-1024x683.jpg 1024w, https:\/\/marcali.plebania.hu\/wp-content\/uploads\/2024\/03\/02-3-300x200.jpg 300w, https:\/\/marcali.plebania.hu\/wp-content\/uploads\/2024\/03\/02-3-768x512.jpg 768w, https:\/\/marcali.plebania.hu\/wp-content\/uploads\/2024\/03\/02-3-1536x1024.jpg 1536w, https:\/\/marcali.plebania.hu\/wp-content\/uploads\/2024\/03\/02-3-2048x1365.jpg 2048w, https:\/\/marcali.plebania.hu\/wp-content\/uploads\/2024\/03\/02-3-405x270.jpg 405w\" sizes=\"auto, (max-width: 1024px) 100vw, 1024px\" \/><\/figure>\n<\/figure>\n\n\n\n<p>Az adom\u00e1nyokb\u00f3l \u00f6sszesen 17 f\u0151 r\u00e9szes\u00fclt az id\u00e9n, akik igen meg\u00f6r\u00fcltek az aj\u00e1nd\u00e9koknak a k\u00f6zeli h\u00fasv\u00e9ti \u00fcnnep el\u0151tt, mivel nagy seg\u00edts\u00e9get jelent nekik \u00e9s csal\u00e1djaiknak is.<\/p>\n\n\n\n<figure class=\"wp-block-gallery has-nested-images columns-default is-cropped wp-block-gallery-2 is-layout-flex wp-block-gallery-is-layout-flex\">\n<figure class=\"wp-block-image size-large\"><img loading=\"lazy\" decoding=\"async\" width=\"1024\" height=\"683\" data-id=\"5728\" src=\"https:\/\/marcali.plebania.hu\/wp-content\/uploads\/2024\/03\/06-2-1024x683.jpg\" alt=\"\" class=\"wp-image-5728\" srcset=\"https:\/\/marcali.plebania.hu\/wp-content\/uploads\/2024\/03\/06-2-1024x683.jpg 1024w, https:\/\/marcali.plebania.hu\/wp-content\/uploads\/2024\/03\/06-2-300x200.jpg 300w, https:\/\/marcali.plebania.hu\/wp-content\/uploads\/2024\/03\/06-2-768x512.jpg 768w, https:\/\/marcali.plebania.hu\/wp-content\/uploads\/2024\/03\/06-2-1536x1024.jpg 1536w, https:\/\/marcali.plebania.hu\/wp-content\/uploads\/2024\/03\/06-2-2048x1365.jpg 2048w, https:\/\/marcali.plebania.hu\/wp-content\/uploads\/2024\/03\/06-2-405x270.jpg 405w\" sizes=\"auto, (max-width: 1024px) 100vw, 1024px\" \/><\/figure>\n\n\n\n<figure class=\"wp-block-image size-large\"><img loading=\"lazy\" decoding=\"async\" width=\"1024\" height=\"683\" data-id=\"5730\" src=\"https:\/\/marcali.plebania.hu\/wp-content\/uploads\/2024\/03\/07-1-1024x683.jpg\" alt=\"\" class=\"wp-image-5730\" srcset=\"https:\/\/marcali.plebania.hu\/wp-content\/uploads\/2024\/03\/07-1-1024x683.jpg 1024w, https:\/\/marcali.plebania.hu\/wp-content\/uploads\/2024\/03\/07-1-300x200.jpg 300w, https:\/\/marcali.plebania.hu\/wp-content\/uploads\/2024\/03\/07-1-768x512.jpg 768w, https:\/\/marcali.plebania.hu\/wp-content\/uploads\/2024\/03\/07-1-1536x1024.jpg 1536w, https:\/\/marcali.plebania.hu\/wp-content\/uploads\/2024\/03\/07-1-2048x1365.jpg 2048w, https:\/\/marcali.plebania.hu\/wp-content\/uploads\/2024\/03\/07-1-405x270.jpg 405w\" sizes=\"auto, (max-width: 1024px) 100vw, 1024px\" \/><\/figure>\n\n\n\n<figure class=\"wp-block-image size-large\"><img loading=\"lazy\" decoding=\"async\" width=\"1024\" height=\"683\" data-id=\"5727\" src=\"https:\/\/marcali.plebania.hu\/wp-content\/uploads\/2024\/03\/08-1-1024x683.jpg\" alt=\"\" class=\"wp-image-5727\" srcset=\"https:\/\/marcali.plebania.hu\/wp-content\/uploads\/2024\/03\/08-1-1024x683.jpg 1024w, https:\/\/marcali.plebania.hu\/wp-content\/uploads\/2024\/03\/08-1-300x200.jpg 300w, https:\/\/marcali.plebania.hu\/wp-content\/uploads\/2024\/03\/08-1-768x512.jpg 768w, https:\/\/marcali.plebania.hu\/wp-content\/uploads\/2024\/03\/08-1-1536x1024.jpg 1536w, https:\/\/marcali.plebania.hu\/wp-content\/uploads\/2024\/03\/08-1-2048x1365.jpg 2048w, https:\/\/marcali.plebania.hu\/wp-content\/uploads\/2024\/03\/08-1-405x270.jpg 405w\" sizes=\"auto, (max-width: 1024px) 100vw, 1024px\" \/><\/figure>\n\n\n\n<figure class=\"wp-block-image size-large\"><img loading=\"lazy\" decoding=\"async\" width=\"1024\" height=\"683\" data-id=\"5731\" src=\"https:\/\/marcali.plebania.hu\/wp-content\/uploads\/2024\/03\/09-1-1024x683.jpg\" alt=\"\" class=\"wp-image-5731\" srcset=\"https:\/\/marcali.plebania.hu\/wp-content\/uploads\/2024\/03\/09-1-1024x683.jpg 1024w, https:\/\/marcali.plebania.hu\/wp-content\/uploads\/2024\/03\/09-1-300x200.jpg 300w, https:\/\/marcali.plebania.hu\/wp-content\/uploads\/2024\/03\/09-1-768x512.jpg 768w, https:\/\/marcali.plebania.hu\/wp-content\/uploads\/2024\/03\/09-1-1536x1024.jpg 1536w, https:\/\/marcali.plebania.hu\/wp-content\/uploads\/2024\/03\/09-1-2048x1365.jpg 2048w, https:\/\/marcali.plebania.hu\/wp-content\/uploads\/2024\/03\/09-1-405x270.jpg 405w\" sizes=\"auto, (max-width: 1024px) 100vw, 1024px\" \/><\/figure>\n<\/figure>\n\n\n\n<p>A csomagok tartalm\u00e1t a Marcali R\u00f3mai Katolikus Egyh\u00e1zk\u00f6zs\u00e9g h\u00edvei adt\u00e1k \u00f6ssze a nagyb\u00f6jti tart\u00f3s \u00e9lelmiszergy\u0171jt\u00e9s sor\u00e1n, melyb\u0151l 17-et most a GAMESZ k\u00f6zmunk\u00e1sai kaptak. A t\u00f6bbi 39 csomagot pedig a v\u00e1rosban \u00e9l\u0151 id\u0151s, beteg, nagycsal\u00e1dos r\u00e1szorul\u00f3k k\u00f6z\u00f6tt fogj\u00e1k kiosztani az aktivist\u00e1k a k\u00f6zelg\u0151 \u00fcnnepek el\u0151tt.<\/p>\n\n\n\n<p>\u00cdrta \u00e9s fot\u00f3k: Kiss K\u00e1lm\u00e1n<\/p>\n","protected":false},"excerpt":{"rendered":"<p>2024. m\u00e1rcius 20-\u00e1n, szerd\u00e1n d\u00e9lut\u00e1n, 15 \u00f3rakor S\u00e1voly Andrea \u00e9s T\u00f3th P\u00e9ter vezet\u00e9s\u00e9vel a Marcali Karit\u00e1sz Csoport \u00f6nk\u00e9ntesei ell\u00e1togattak a GAMESZ sz\u00e9kh\u00e1z\u00e1ba, ahol a szoci\u00e1lisan r\u00e1szorul\u00f3 k\u00f6zmunk\u00e1soknak tart\u00f3s \u00e9lelmiszerekb\u0151l \u00e1ll\u00f3 h\u00fasv\u00e9ti csomagokat osztottak ki. Az adom\u00e1nyokb\u00f3l \u00f6sszesen 17 f\u0151 r\u00e9szes\u00fclt az id\u00e9n, akik igen meg\u00f6r\u00fcltek az aj\u00e1nd\u00e9koknak a k\u00f6zeli h\u00fasv\u00e9ti \u00fcnnep el\u0151tt, mivel nagy seg\u00edts\u00e9get jelent nekik \u00e9s csal\u00e1djaiknak is. A csomagok tartalm\u00e1t a Marcali R\u00f3mai Katolikus Egyh\u00e1zk\u00f6zs\u00e9g h\u00edvei adt\u00e1k \u00f6ssze a nagyb\u00f6jti tart\u00f3s \u00e9lelmiszergy\u0171jt\u00e9s sor\u00e1n, melyb\u0151l 17-et most a&#8230;<\/p>\n<p class=\"read-more\"><a class=\"btn btn-default\" href=\"https:\/\/marcali.plebania.hu\/?p=5722\"> Read More<span class=\"screen-reader-text\">  Read More<\/span><\/a><\/p>\n","protected":false},"author":2,"featured_media":0,"comment_status":"closed","ping_status":"open","sticky":false,"template":"","format":"standard","meta":{"footnotes":""},"categories":[1],"tags":[],"class_list":["post-5722","post","type-post","status-publish","format-standard","hentry","category-egyeb"],"_links":{"self":[{"href":"https:\/\/marcali.plebania.hu\/index.php?rest_route=\/wp\/v2\/posts\/5722","targetHints":{"allow":["GET"]}}],"collection":[{"href":"https:\/\/marcali.plebania.hu\/index.php?rest_route=\/wp\/v2\/posts"}],"about":[{"href":"https:\/\/marcali.plebania.hu\/index.php?rest_route=\/wp\/v2\/types\/post"}],"author":[{"embeddable":true,"href":"https:\/\/marcali.plebania.hu\/index.php?rest_route=\/wp\/v2\/users\/2"}],"replies":[{"embeddable":true,"href":"https:\/\/marcali.plebania.hu\/index.php?rest_route=%2Fwp%2Fv2%2Fcomments&post=5722"}],"version-history":[{"count":1,"href":"https:\/\/marcali.plebania.hu\/index.php?rest_route=\/wp\/v2\/posts\/5722\/revisions"}],"predecessor-version":[{"id":5732,"href":"https:\/\/marcali.plebania.hu\/index.php?rest_route=\/wp\/v2\/posts\/5722\/revisions\/5732"}],"wp:attachment":[{"href":"https:\/\/marcali.plebania.hu\/index.php?rest_route=%2Fwp%2Fv2%2Fmedia&parent=5722"}],"wp:term":[{"taxonomy":"category","embeddable":true,"href":"https:\/\/marcali.plebania.hu\/index.php?rest_route=%2Fwp%2Fv2%2Fcategories&post=5722"},{"taxonomy":"post_tag","embeddable":true,"href":"https:\/\/marcali.plebania.hu\/index.php?rest_route=%2Fwp%2Fv2%2Ftags&post=5722"}],"curies":[{"name":"wp","href":"https:\/\/api.w.org\/{rel}","templated":true}]}}