{"id":5734,"date":"2024-03-23T21:26:48","date_gmt":"2024-03-23T21:26:48","guid":{"rendered":"https:\/\/marcali.plebania.hu\/?p=5734"},"modified":"2024-03-23T21:26:48","modified_gmt":"2024-03-23T21:26:48","slug":"hirdetesek-2024-marcius-24-en","status":"publish","type":"post","link":"https:\/\/marcali.plebania.hu\/?p=5734","title":{"rendered":"Hirdet\u00e9sek 2024. m\u00e1rcius 24-\u00e9n"},"content":{"rendered":"\n<p><\/p>\n\n\n\n<p><strong><a href=\"https:\/\/igenaptar.katolikus.hu\/2024\/nap\/index.php?holnap=2024-03-24\" target=\"_blank\" rel=\"noreferrer noopener\"><u>Vir\u00e1gvas\u00e1rnap &#8211; Urunk szenved\u00e9s\u00e9nek vas\u00e1rnapja<\/u><\/a><\/strong><\/p>\n\n\n\n<ol class=\"wp-block-list\" start=\"1\">\n<li>K\u00f6sz\u00f6nj\u00fck a m\u00falt vas\u00e1rnapi perselyadom\u00e1nyt, melyet a <strong>Szentf\u00f6ld jav\u00e1ra<\/strong> tov\u00e1bb\u00edtottunk a p\u00fcsp\u00f6ks\u00e9gen kereszt\u00fcl.<\/li>\n\n\n\n<li>Mivel m\u00e1rcius 25-e id\u00e9n a nagyh\u00e9tre esik, <strong>templomunk b\u00facs\u00faja<\/strong>, Gy\u00fcm\u00f6lcsolt\u00f3 Boldogasszony f\u0151\u00fcnnepe \u00e1prilis 8-ra ker\u00fcl \u00e1t.<\/li>\n\n\n\n<li>Szeretettel h\u00edvunk mindenkit a <strong>nagyheti szertart\u00e1sok<\/strong>ra:<\/li>\n<\/ol>\n\n\n\n<ul class=\"wp-block-list\">\n<li>A <span style=\"text-decoration: underline;\">vir\u00e1gvas\u00e1rnapi<\/span> szentmis\u00e9t barkaszentel\u00e9ssel \u00e9s k\u00f6rmenettel kezdj\u00fck, J\u00e9zus jeruzs\u00e1lemi bevonul\u00e1s\u00e1ra eml\u00e9kezve.<\/li>\n\n\n\n<li><span style=\"text-decoration: underline;\">Nagycs\u00fct\u00f6rt\u00f6k\u00f6n<\/span> d\u00e9lel\u0151tt 10 \u00f3rakor Krizmaszentel\u00e9si mise lesz a kaposv\u00e1ri sz\u00e9kesegyh\u00e1zban, amelyet p\u00fcsp\u00f6k atya az egyh\u00e1zmegye paps\u00e1g\u00e1val egy\u00fctt mutat be. 17 \u00f3rakor kezd\u0151dik templomunkban a szentmise az utols\u00f3 vacsora eml\u00e9k\u00e9re, amit virraszt\u00e1s k\u00f6vet. A ministr\u00e1nsokat 16:30-ra v\u00e1rjuk a templomban pr\u00f3b\u00e1ra.<\/li>\n\n\n\n<li><span style=\"text-decoration: underline;\">Nagyp\u00e9nteken<\/span> 10 \u00f3rakor gy\u00f3n\u00e1si lehet\u0151s\u00e9g a templomban, 10:30-t\u00f3l ministr\u00e1nspr\u00f3ba. 15 \u00f3rakor a temet\u0151ben im\u00e1dkozunk keresztutat. Urunk szenved\u00e9s\u00e9nek \u00fcnnepl\u00e9se 17 \u00f3rakor kezd\u0151dik passi\u00f3val, kereszth\u00f3dolattal \u00e9s \u00e1ldoz\u00e1si szertart\u00e1ssal.<\/li>\n\n\n\n<li><span style=\"text-decoration: underline;\">Nagyszombaton<\/span> 10 \u00f3rakor gy\u00f3n\u00e1si lehet\u0151s\u00e9g a templomban, 10:30-t\u00f3l ministr\u00e1nspr\u00f3ba. 18 \u00f3rakor kezd\u0151dik h\u00fasv\u00e9ti vig\u00edli\u00e1nk. A F\u00e9ny\u00fcnneps\u00e9gb\u0151l, Igeliturgi\u00e1b\u00f3l, Kereszts\u00e9gi \u00edg\u00e9ret meg\u00faj\u00edt\u00e1s\u00e1b\u00f3l \u00e9s az Eucharisztia liturgi\u00e1j\u00e1b\u00f3l \u00e1ll\u00f3 szertat\u00e1st a felt\u00e1mad\u00e1si k\u00f6rmenettel z\u00e1rjuk.<\/li>\n\n\n\n<li><span style=\"text-decoration: underline;\">H\u00fasv\u00e9tvas\u00e1rnap<\/span>, Urunk felt\u00e1mad\u00e1s\u00e1nak f\u0151\u00fcnnep\u00e9n 7 \u00f3rakor meg\u00e1ldjuk a h\u00fasv\u00e9ti \u00e9teleket. Szentmis\u00e9t \u00fcnnepl\u00fcnk 9 \u00f3rakor a pl\u00e9b\u00e1niatemplomban, 11 \u00f3rakor Gomb\u00e1n \u00e9s 18 \u00f3rakor a Boldog Gizella-templomban. Az \u00f3ra\u00e1t\u00e1ll\u00edt\u00e1s miatt ett\u0151l a napt\u00f3l kezdve az esti szentmis\u00e9k 18 \u00f3rakor kezd\u0151dnek.<\/li>\n\n\n\n<li><span style=\"text-decoration: underline;\">H\u00fasv\u00e9th\u00e9tf\u0151n<\/span> 9 \u00f3rakor a pl\u00e9b\u00e1niatemplomban, 11 \u00f3rakor pedig Biz\u00e9n \u00fcnnepl\u00fcnk szentmis\u00e9t.<\/li>\n<\/ul>\n","protected":false},"excerpt":{"rendered":"<p>Vir\u00e1gvas\u00e1rnap &#8211; Urunk szenved\u00e9s\u00e9nek vas\u00e1rnapja<\/p>\n","protected":false},"author":1,"featured_media":0,"comment_status":"closed","ping_status":"open","sticky":false,"template":"","format":"standard","meta":{"footnotes":""},"categories":[1],"tags":[],"class_list":["post-5734","post","type-post","status-publish","format-standard","hentry","category-egyeb"],"_links":{"self":[{"href":"https:\/\/marcali.plebania.hu\/index.php?rest_route=\/wp\/v2\/posts\/5734","targetHints":{"allow":["GET"]}}],"collection":[{"href":"https:\/\/marcali.plebania.hu\/index.php?rest_route=\/wp\/v2\/posts"}],"about":[{"href":"https:\/\/marcali.plebania.hu\/index.php?rest_route=\/wp\/v2\/types\/post"}],"author":[{"embeddable":true,"href":"https:\/\/marcali.plebania.hu\/index.php?rest_route=\/wp\/v2\/users\/1"}],"replies":[{"embeddable":true,"href":"https:\/\/marcali.plebania.hu\/index.php?rest_route=%2Fwp%2Fv2%2Fcomments&post=5734"}],"version-history":[{"count":1,"href":"https:\/\/marcali.plebania.hu\/index.php?rest_route=\/wp\/v2\/posts\/5734\/revisions"}],"predecessor-version":[{"id":5735,"href":"https:\/\/marcali.plebania.hu\/index.php?rest_route=\/wp\/v2\/posts\/5734\/revisions\/5735"}],"wp:attachment":[{"href":"https:\/\/marcali.plebania.hu\/index.php?rest_route=%2Fwp%2Fv2%2Fmedia&parent=5734"}],"wp:term":[{"taxonomy":"category","embeddable":true,"href":"https:\/\/marcali.plebania.hu\/index.php?rest_route=%2Fwp%2Fv2%2Fcategories&post=5734"},{"taxonomy":"post_tag","embeddable":true,"href":"https:\/\/marcali.plebania.hu\/index.php?rest_route=%2Fwp%2Fv2%2Ftags&post=5734"}],"curies":[{"name":"wp","href":"https:\/\/api.w.org\/{rel}","templated":true}]}}