{"id":5736,"date":"2024-03-27T14:20:58","date_gmt":"2024-03-27T14:20:58","guid":{"rendered":"https:\/\/marcali.plebania.hu\/?p=5736"},"modified":"2024-03-27T14:20:58","modified_gmt":"2024-03-27T14:20:58","slug":"a-viragvasarnapi-barkaszentelessel-megkezdodott-a-nagyhet-marcaliban","status":"publish","type":"post","link":"https:\/\/marcali.plebania.hu\/?p=5736","title":{"rendered":"A vir\u00e1gvas\u00e1rnapi barkaszentel\u00e9ssel megkezd\u0151d\u00f6tt a nagyh\u00e9t Marcaliban"},"content":{"rendered":"\n<p>2024. m\u00e1rcius 24-\u00e9n, Vir\u00e1gvas\u00e1rnap 9 \u00f3rakor Tomanek Ferenc \u00c1ron pl\u00e9b\u00e1nos \u00fcnnepi szentmis\u00e9t celebr\u00e1lt a Gy\u00fcm\u00f6lcsolt\u00f3 Boldogasszony pl\u00e9b\u00e1niatemplomban.<\/p>\n\n\n\n<figure class=\"wp-block-gallery has-nested-images columns-default is-cropped wp-block-gallery-1 is-layout-flex wp-block-gallery-is-layout-flex\">\n<figure class=\"wp-block-image size-large\"><img loading=\"lazy\" decoding=\"async\" width=\"1024\" height=\"683\" data-id=\"5738\" src=\"https:\/\/marcali.plebania.hu\/wp-content\/uploads\/2024\/03\/01-3-1024x683.jpg\" alt=\"\" class=\"wp-image-5738\" srcset=\"https:\/\/marcali.plebania.hu\/wp-content\/uploads\/2024\/03\/01-3-1024x683.jpg 1024w, https:\/\/marcali.plebania.hu\/wp-content\/uploads\/2024\/03\/01-3-300x200.jpg 300w, https:\/\/marcali.plebania.hu\/wp-content\/uploads\/2024\/03\/01-3-768x512.jpg 768w, https:\/\/marcali.plebania.hu\/wp-content\/uploads\/2024\/03\/01-3-1536x1024.jpg 1536w, https:\/\/marcali.plebania.hu\/wp-content\/uploads\/2024\/03\/01-3-2048x1365.jpg 2048w, https:\/\/marcali.plebania.hu\/wp-content\/uploads\/2024\/03\/01-3-405x270.jpg 405w\" sizes=\"auto, (max-width: 1024px) 100vw, 1024px\" \/><\/figure>\n\n\n\n<figure class=\"wp-block-image size-large\"><img loading=\"lazy\" decoding=\"async\" width=\"1024\" height=\"683\" data-id=\"5741\" src=\"https:\/\/marcali.plebania.hu\/wp-content\/uploads\/2024\/03\/07-2-1024x683.jpg\" alt=\"\" class=\"wp-image-5741\" srcset=\"https:\/\/marcali.plebania.hu\/wp-content\/uploads\/2024\/03\/07-2-1024x683.jpg 1024w, https:\/\/marcali.plebania.hu\/wp-content\/uploads\/2024\/03\/07-2-300x200.jpg 300w, https:\/\/marcali.plebania.hu\/wp-content\/uploads\/2024\/03\/07-2-768x512.jpg 768w, https:\/\/marcali.plebania.hu\/wp-content\/uploads\/2024\/03\/07-2-1536x1024.jpg 1536w, https:\/\/marcali.plebania.hu\/wp-content\/uploads\/2024\/03\/07-2-2048x1365.jpg 2048w, https:\/\/marcali.plebania.hu\/wp-content\/uploads\/2024\/03\/07-2-405x270.jpg 405w\" sizes=\"auto, (max-width: 1024px) 100vw, 1024px\" \/><\/figure>\n\n\n\n<figure class=\"wp-block-image size-large\"><img loading=\"lazy\" decoding=\"async\" width=\"1024\" height=\"683\" data-id=\"5739\" src=\"https:\/\/marcali.plebania.hu\/wp-content\/uploads\/2024\/03\/02-4-1024x683.jpg\" alt=\"\" class=\"wp-image-5739\" srcset=\"https:\/\/marcali.plebania.hu\/wp-content\/uploads\/2024\/03\/02-4-1024x683.jpg 1024w, https:\/\/marcali.plebania.hu\/wp-content\/uploads\/2024\/03\/02-4-300x200.jpg 300w, https:\/\/marcali.plebania.hu\/wp-content\/uploads\/2024\/03\/02-4-768x512.jpg 768w, https:\/\/marcali.plebania.hu\/wp-content\/uploads\/2024\/03\/02-4-1536x1024.jpg 1536w, https:\/\/marcali.plebania.hu\/wp-content\/uploads\/2024\/03\/02-4-2048x1365.jpg 2048w, https:\/\/marcali.plebania.hu\/wp-content\/uploads\/2024\/03\/02-4-405x270.jpg 405w\" sizes=\"auto, (max-width: 1024px) 100vw, 1024px\" \/><\/figure>\n\n\n\n<figure class=\"wp-block-image size-large\"><img loading=\"lazy\" decoding=\"async\" width=\"1024\" height=\"683\" data-id=\"5742\" src=\"https:\/\/marcali.plebania.hu\/wp-content\/uploads\/2024\/03\/05-3-1024x683.jpg\" alt=\"\" class=\"wp-image-5742\" srcset=\"https:\/\/marcali.plebania.hu\/wp-content\/uploads\/2024\/03\/05-3-1024x683.jpg 1024w, https:\/\/marcali.plebania.hu\/wp-content\/uploads\/2024\/03\/05-3-300x200.jpg 300w, https:\/\/marcali.plebania.hu\/wp-content\/uploads\/2024\/03\/05-3-768x512.jpg 768w, https:\/\/marcali.plebania.hu\/wp-content\/uploads\/2024\/03\/05-3-1536x1024.jpg 1536w, https:\/\/marcali.plebania.hu\/wp-content\/uploads\/2024\/03\/05-3-2048x1365.jpg 2048w, https:\/\/marcali.plebania.hu\/wp-content\/uploads\/2024\/03\/05-3-405x270.jpg 405w\" sizes=\"auto, (max-width: 1024px) 100vw, 1024px\" \/><\/figure>\n<\/figure>\n\n\n\n<p>A vir\u00e1gvas\u00e1rnapi k\u00f6rmenet az id\u00e9n is csak r\u00f6vid\u00edtett form\u00e1ban val\u00f3sult meg. Ferenc atya a ministr\u00e1nsokkal egy\u00fctt n\u00e9h\u00e1ny barka\u00e1ggal \u00e9rkezett a nyugati oldalon l\u00e9v\u0151 f\u0151bej\u00e1rat el\u00e9, J\u00e9zus jeruzs\u00e1lemi bevonul\u00e1s\u00e1t feleleven\u00edtve. Majd el\u0151sz\u00f6r a templom el\u0151tti t\u00e9ren \u2013 a h\u00edvek gy\u0171r\u0171j\u00e9ben \u2013 meg\u00e1ldotta a bark\u00e1kat.<\/p>\n\n\n\n<figure class=\"wp-block-gallery has-nested-images columns-default is-cropped wp-block-gallery-2 is-layout-flex wp-block-gallery-is-layout-flex\">\n<figure class=\"wp-block-image size-large\"><img loading=\"lazy\" decoding=\"async\" width=\"1024\" height=\"683\" data-id=\"5743\" src=\"https:\/\/marcali.plebania.hu\/wp-content\/uploads\/2024\/03\/08-2-1024x683.jpg\" alt=\"\" class=\"wp-image-5743\" srcset=\"https:\/\/marcali.plebania.hu\/wp-content\/uploads\/2024\/03\/08-2-1024x683.jpg 1024w, https:\/\/marcali.plebania.hu\/wp-content\/uploads\/2024\/03\/08-2-300x200.jpg 300w, https:\/\/marcali.plebania.hu\/wp-content\/uploads\/2024\/03\/08-2-768x512.jpg 768w, https:\/\/marcali.plebania.hu\/wp-content\/uploads\/2024\/03\/08-2-1536x1024.jpg 1536w, https:\/\/marcali.plebania.hu\/wp-content\/uploads\/2024\/03\/08-2-2048x1365.jpg 2048w, https:\/\/marcali.plebania.hu\/wp-content\/uploads\/2024\/03\/08-2-405x270.jpg 405w\" sizes=\"auto, (max-width: 1024px) 100vw, 1024px\" \/><\/figure>\n\n\n\n<figure class=\"wp-block-image size-large\"><img loading=\"lazy\" decoding=\"async\" width=\"1024\" height=\"683\" data-id=\"5745\" src=\"https:\/\/marcali.plebania.hu\/wp-content\/uploads\/2024\/03\/09-2-1024x683.jpg\" alt=\"\" class=\"wp-image-5745\" srcset=\"https:\/\/marcali.plebania.hu\/wp-content\/uploads\/2024\/03\/09-2-1024x683.jpg 1024w, https:\/\/marcali.plebania.hu\/wp-content\/uploads\/2024\/03\/09-2-300x200.jpg 300w, https:\/\/marcali.plebania.hu\/wp-content\/uploads\/2024\/03\/09-2-768x512.jpg 768w, https:\/\/marcali.plebania.hu\/wp-content\/uploads\/2024\/03\/09-2-1536x1024.jpg 1536w, https:\/\/marcali.plebania.hu\/wp-content\/uploads\/2024\/03\/09-2-2048x1365.jpg 2048w, https:\/\/marcali.plebania.hu\/wp-content\/uploads\/2024\/03\/09-2-405x270.jpg 405w\" sizes=\"auto, (max-width: 1024px) 100vw, 1024px\" \/><\/figure>\n\n\n\n<figure class=\"wp-block-image size-large\"><img loading=\"lazy\" decoding=\"async\" width=\"1024\" height=\"683\" data-id=\"5746\" src=\"https:\/\/marcali.plebania.hu\/wp-content\/uploads\/2024\/03\/10-2-1024x683.jpg\" alt=\"\" class=\"wp-image-5746\" srcset=\"https:\/\/marcali.plebania.hu\/wp-content\/uploads\/2024\/03\/10-2-1024x683.jpg 1024w, https:\/\/marcali.plebania.hu\/wp-content\/uploads\/2024\/03\/10-2-300x200.jpg 300w, https:\/\/marcali.plebania.hu\/wp-content\/uploads\/2024\/03\/10-2-768x512.jpg 768w, https:\/\/marcali.plebania.hu\/wp-content\/uploads\/2024\/03\/10-2-1536x1024.jpg 1536w, https:\/\/marcali.plebania.hu\/wp-content\/uploads\/2024\/03\/10-2-2048x1365.jpg 2048w, https:\/\/marcali.plebania.hu\/wp-content\/uploads\/2024\/03\/10-2-405x270.jpg 405w\" sizes=\"auto, (max-width: 1024px) 100vw, 1024px\" \/><\/figure>\n\n\n\n<figure class=\"wp-block-image size-large\"><img loading=\"lazy\" decoding=\"async\" width=\"1024\" height=\"683\" data-id=\"5744\" src=\"https:\/\/marcali.plebania.hu\/wp-content\/uploads\/2024\/03\/11-3-1024x683.jpg\" alt=\"\" class=\"wp-image-5744\" srcset=\"https:\/\/marcali.plebania.hu\/wp-content\/uploads\/2024\/03\/11-3-1024x683.jpg 1024w, https:\/\/marcali.plebania.hu\/wp-content\/uploads\/2024\/03\/11-3-300x200.jpg 300w, https:\/\/marcali.plebania.hu\/wp-content\/uploads\/2024\/03\/11-3-768x512.jpg 768w, https:\/\/marcali.plebania.hu\/wp-content\/uploads\/2024\/03\/11-3-1536x1024.jpg 1536w, https:\/\/marcali.plebania.hu\/wp-content\/uploads\/2024\/03\/11-3-2048x1365.jpg 2048w, https:\/\/marcali.plebania.hu\/wp-content\/uploads\/2024\/03\/11-3-405x270.jpg 405w\" sizes=\"auto, (max-width: 1024px) 100vw, 1024px\" \/><\/figure>\n<\/figure>\n\n\n\n<p>Ezt k\u00f6vet\u0151en a szentmis\u00e9n elhangzott a passi\u00f3, amely a H\u00fasv\u00e9tra val\u00f3 lelki felk\u00e9sz\u00fcl\u00e9s egyik fontos r\u00e9sze.<\/p>\n\n\n\n<p>A szentmis\u00e9n Balogh B\u00e1lint k\u00e1ntor, \u00e9s a Marcali F\u00e9ny Gyermekei Katolikus Zenekar tagjai m\u0171k\u00f6dtek k\u00f6zre zenei szolg\u00e1lattal.<\/p>\n\n\n\n<p>\u00cdrta \u00e9s fot\u00f3k: Kiss K\u00e1lm\u00e1n<\/p>\n","protected":false},"excerpt":{"rendered":"<p>2024. m\u00e1rcius 24-\u00e9n, Vir\u00e1gvas\u00e1rnap 9 \u00f3rakor Tomanek Ferenc \u00c1ron pl\u00e9b\u00e1nos \u00fcnnepi szentmis\u00e9t celebr\u00e1lt a Gy\u00fcm\u00f6lcsolt\u00f3 Boldogasszony pl\u00e9b\u00e1niatemplomban. A vir\u00e1gvas\u00e1rnapi k\u00f6rmenet az id\u00e9n is csak r\u00f6vid\u00edtett form\u00e1ban val\u00f3sult meg. Ferenc atya a ministr\u00e1nsokkal egy\u00fctt n\u00e9h\u00e1ny barka\u00e1ggal \u00e9rkezett a nyugati oldalon l\u00e9v\u0151 f\u0151bej\u00e1rat el\u00e9, J\u00e9zus jeruzs\u00e1lemi bevonul\u00e1s\u00e1t feleleven\u00edtve. Majd el\u0151sz\u00f6r a templom el\u0151tti t\u00e9ren \u2013 a h\u00edvek gy\u0171r\u0171j\u00e9ben \u2013 meg\u00e1ldotta a bark\u00e1kat. Ezt k\u00f6vet\u0151en a szentmis\u00e9n elhangzott a passi\u00f3, amely a H\u00fasv\u00e9tra val\u00f3 lelki felk\u00e9sz\u00fcl\u00e9s egyik fontos r\u00e9sze. A szentmis\u00e9n Balogh B\u00e1lint&#8230;<\/p>\n<p class=\"read-more\"><a class=\"btn btn-default\" href=\"https:\/\/marcali.plebania.hu\/?p=5736\"> Read More<span class=\"screen-reader-text\">  Read More<\/span><\/a><\/p>\n","protected":false},"author":2,"featured_media":0,"comment_status":"closed","ping_status":"open","sticky":false,"template":"","format":"standard","meta":{"footnotes":""},"categories":[1],"tags":[],"class_list":["post-5736","post","type-post","status-publish","format-standard","hentry","category-egyeb"],"_links":{"self":[{"href":"https:\/\/marcali.plebania.hu\/index.php?rest_route=\/wp\/v2\/posts\/5736","targetHints":{"allow":["GET"]}}],"collection":[{"href":"https:\/\/marcali.plebania.hu\/index.php?rest_route=\/wp\/v2\/posts"}],"about":[{"href":"https:\/\/marcali.plebania.hu\/index.php?rest_route=\/wp\/v2\/types\/post"}],"author":[{"embeddable":true,"href":"https:\/\/marcali.plebania.hu\/index.php?rest_route=\/wp\/v2\/users\/2"}],"replies":[{"embeddable":true,"href":"https:\/\/marcali.plebania.hu\/index.php?rest_route=%2Fwp%2Fv2%2Fcomments&post=5736"}],"version-history":[{"count":1,"href":"https:\/\/marcali.plebania.hu\/index.php?rest_route=\/wp\/v2\/posts\/5736\/revisions"}],"predecessor-version":[{"id":5747,"href":"https:\/\/marcali.plebania.hu\/index.php?rest_route=\/wp\/v2\/posts\/5736\/revisions\/5747"}],"wp:attachment":[{"href":"https:\/\/marcali.plebania.hu\/index.php?rest_route=%2Fwp%2Fv2%2Fmedia&parent=5736"}],"wp:term":[{"taxonomy":"category","embeddable":true,"href":"https:\/\/marcali.plebania.hu\/index.php?rest_route=%2Fwp%2Fv2%2Fcategories&post=5736"},{"taxonomy":"post_tag","embeddable":true,"href":"https:\/\/marcali.plebania.hu\/index.php?rest_route=%2Fwp%2Fv2%2Ftags&post=5736"}],"curies":[{"name":"wp","href":"https:\/\/api.w.org\/{rel}","templated":true}]}}