{"id":575,"date":"2018-12-28T21:20:59","date_gmt":"2018-12-28T21:20:59","guid":{"rendered":"https:\/\/marcali.plebania.hu\/?p=575"},"modified":"2018-12-28T21:20:59","modified_gmt":"2018-12-28T21:20:59","slug":"szilveszteri-es-ujevi-miserend","status":"publish","type":"post","link":"https:\/\/marcali.plebania.hu\/?p=575","title":{"rendered":"Szilveszteri \u00e9s \u00faj\u00e9vi miserend"},"content":{"rendered":"<p><strong><u>2018. december 31. h\u00e9tf\u0151, szilveszteri miserend<\/u><\/strong><\/p>\n<p><strong>16.30: <em>h\u00e1laad\u00e1s a pl\u00e9b\u00e1niatemplomban<\/em><\/strong><\/p>\n<p><strong>17.00: <em>h\u00e1laad\u00f3 szentmise a pl\u00e9b\u00e1niatemplomban<\/em><\/strong><\/p>\n<p><strong>\u00a0<\/strong><\/p>\n<p><strong><u>2019. janu\u00e1r 1. kedd, \u00faj\u00e9vi miserend<\/u><\/strong><\/p>\n<p><strong>10.00: <em>pl\u00e9b\u00e1niatemplom<\/em><\/strong><\/p>\n<p><strong>17.00: <em>Boldog Gizella templom<\/em><\/strong><\/p>\n","protected":false},"excerpt":{"rendered":"<p>2018. december 31. h\u00e9tf\u0151, szilveszteri miserend 16.30: h\u00e1laad\u00e1s a pl\u00e9b\u00e1niatemplomban 17.00: h\u00e1laad\u00f3 szentmise a pl\u00e9b\u00e1niatemplomban \u00a0 2019. janu\u00e1r 1. kedd, \u00faj\u00e9vi miserend 10.00: pl\u00e9b\u00e1niatemplom 17.00: Boldog Gizella templom<\/p>\n","protected":false},"author":2,"featured_media":0,"comment_status":"closed","ping_status":"open","sticky":false,"template":"","format":"standard","meta":{"footnotes":""},"categories":[1],"tags":[],"class_list":["post-575","post","type-post","status-publish","format-standard","hentry","category-egyeb"],"_links":{"self":[{"href":"https:\/\/marcali.plebania.hu\/index.php?rest_route=\/wp\/v2\/posts\/575","targetHints":{"allow":["GET"]}}],"collection":[{"href":"https:\/\/marcali.plebania.hu\/index.php?rest_route=\/wp\/v2\/posts"}],"about":[{"href":"https:\/\/marcali.plebania.hu\/index.php?rest_route=\/wp\/v2\/types\/post"}],"author":[{"embeddable":true,"href":"https:\/\/marcali.plebania.hu\/index.php?rest_route=\/wp\/v2\/users\/2"}],"replies":[{"embeddable":true,"href":"https:\/\/marcali.plebania.hu\/index.php?rest_route=%2Fwp%2Fv2%2Fcomments&post=575"}],"version-history":[{"count":1,"href":"https:\/\/marcali.plebania.hu\/index.php?rest_route=\/wp\/v2\/posts\/575\/revisions"}],"predecessor-version":[{"id":576,"href":"https:\/\/marcali.plebania.hu\/index.php?rest_route=\/wp\/v2\/posts\/575\/revisions\/576"}],"wp:attachment":[{"href":"https:\/\/marcali.plebania.hu\/index.php?rest_route=%2Fwp%2Fv2%2Fmedia&parent=575"}],"wp:term":[{"taxonomy":"category","embeddable":true,"href":"https:\/\/marcali.plebania.hu\/index.php?rest_route=%2Fwp%2Fv2%2Fcategories&post=575"},{"taxonomy":"post_tag","embeddable":true,"href":"https:\/\/marcali.plebania.hu\/index.php?rest_route=%2Fwp%2Fv2%2Ftags&post=575"}],"curies":[{"name":"wp","href":"https:\/\/api.w.org\/{rel}","templated":true}]}}