{"id":5750,"date":"2024-03-28T13:54:10","date_gmt":"2024-03-28T13:54:10","guid":{"rendered":"https:\/\/marcali.plebania.hu\/?p=5750"},"modified":"2024-03-28T13:54:10","modified_gmt":"2024-03-28T13:54:10","slug":"nagyheti-szentmisek-es-szertartasok-marcaliban-2024","status":"publish","type":"post","link":"https:\/\/marcali.plebania.hu\/?p=5750","title":{"rendered":"Nagyheti szentmis\u00e9k \u00e9s szertart\u00e1sok Marcaliban &#8211; 2024"},"content":{"rendered":"\n<figure class=\"wp-block-image size-large\"><img loading=\"lazy\" decoding=\"async\" width=\"1024\" height=\"768\" src=\"https:\/\/marcali.plebania.hu\/wp-content\/uploads\/2024\/03\/Husveti-hirdetes-2024-1024x768.jpg\" alt=\"\" class=\"wp-image-5751\" srcset=\"https:\/\/marcali.plebania.hu\/wp-content\/uploads\/2024\/03\/Husveti-hirdetes-2024-1024x768.jpg 1024w, https:\/\/marcali.plebania.hu\/wp-content\/uploads\/2024\/03\/Husveti-hirdetes-2024-300x225.jpg 300w, https:\/\/marcali.plebania.hu\/wp-content\/uploads\/2024\/03\/Husveti-hirdetes-2024-768x576.jpg 768w, https:\/\/marcali.plebania.hu\/wp-content\/uploads\/2024\/03\/Husveti-hirdetes-2024-360x270.jpg 360w, https:\/\/marcali.plebania.hu\/wp-content\/uploads\/2024\/03\/Husveti-hirdetes-2024.jpg 1200w\" sizes=\"auto, (max-width: 1024px) 100vw, 1024px\" \/><\/figure>\n","protected":false},"excerpt":{"rendered":"","protected":false},"author":2,"featured_media":0,"comment_status":"closed","ping_status":"open","sticky":false,"template":"","format":"standard","meta":{"footnotes":""},"categories":[1],"tags":[],"class_list":["post-5750","post","type-post","status-publish","format-standard","hentry","category-egyeb"],"_links":{"self":[{"href":"https:\/\/marcali.plebania.hu\/index.php?rest_route=\/wp\/v2\/posts\/5750","targetHints":{"allow":["GET"]}}],"collection":[{"href":"https:\/\/marcali.plebania.hu\/index.php?rest_route=\/wp\/v2\/posts"}],"about":[{"href":"https:\/\/marcali.plebania.hu\/index.php?rest_route=\/wp\/v2\/types\/post"}],"author":[{"embeddable":true,"href":"https:\/\/marcali.plebania.hu\/index.php?rest_route=\/wp\/v2\/users\/2"}],"replies":[{"embeddable":true,"href":"https:\/\/marcali.plebania.hu\/index.php?rest_route=%2Fwp%2Fv2%2Fcomments&post=5750"}],"version-history":[{"count":1,"href":"https:\/\/marcali.plebania.hu\/index.php?rest_route=\/wp\/v2\/posts\/5750\/revisions"}],"predecessor-version":[{"id":5752,"href":"https:\/\/marcali.plebania.hu\/index.php?rest_route=\/wp\/v2\/posts\/5750\/revisions\/5752"}],"wp:attachment":[{"href":"https:\/\/marcali.plebania.hu\/index.php?rest_route=%2Fwp%2Fv2%2Fmedia&parent=5750"}],"wp:term":[{"taxonomy":"category","embeddable":true,"href":"https:\/\/marcali.plebania.hu\/index.php?rest_route=%2Fwp%2Fv2%2Fcategories&post=5750"},{"taxonomy":"post_tag","embeddable":true,"href":"https:\/\/marcali.plebania.hu\/index.php?rest_route=%2Fwp%2Fv2%2Ftags&post=5750"}],"curies":[{"name":"wp","href":"https:\/\/api.w.org\/{rel}","templated":true}]}}