{"id":5754,"date":"2024-04-03T07:52:20","date_gmt":"2024-04-03T07:52:20","guid":{"rendered":"https:\/\/marcali.plebania.hu\/?p=5754"},"modified":"2024-04-03T07:52:20","modified_gmt":"2024-04-03T07:52:20","slug":"nagypenteki-keresztut-a-kalvarian","status":"publish","type":"post","link":"https:\/\/marcali.plebania.hu\/?p=5754","title":{"rendered":"Nagyp\u00e9nteki kereszt\u00fat a K\u00e1lv\u00e1ri\u00e1n"},"content":{"rendered":"\n<p>2024. m\u00e1rcius 29-\u00e9n, nagyp\u00e9ntek d\u00e9lut\u00e1n \u2013 a kor\u00e1bbi \u00e9vek hagyom\u00e1nyaihoz hasonl\u00f3an \u2013 15 \u00f3rakor a K\u00f6zponti Temet\u0151 K\u00e1lv\u00e1ri\u00e1j\u00e1n\u00e1l gy\u0171ltek \u00f6ssze a katolikus h\u00edvek, hogy elm\u00e9lked\u00e9ssel, \u00e9nekekkel, im\u00e1ds\u00e1ggal j\u00e1rj\u00e1k v\u00e9gig a golgot\u00e1t \u00e9s J\u00e9zus kereszthal\u00e1l\u00e1ra eml\u00e9kezzenek.<\/p>\n\n\n\n<figure class=\"wp-block-gallery has-nested-images columns-default is-cropped wp-block-gallery-1 is-layout-flex wp-block-gallery-is-layout-flex\">\n<figure class=\"wp-block-image size-large\"><img loading=\"lazy\" decoding=\"async\" width=\"1024\" height=\"683\" data-id=\"5756\" src=\"https:\/\/marcali.plebania.hu\/wp-content\/uploads\/2024\/04\/01-1024x683.jpg\" alt=\"\" class=\"wp-image-5756\" srcset=\"https:\/\/marcali.plebania.hu\/wp-content\/uploads\/2024\/04\/01-1024x683.jpg 1024w, https:\/\/marcali.plebania.hu\/wp-content\/uploads\/2024\/04\/01-300x200.jpg 300w, https:\/\/marcali.plebania.hu\/wp-content\/uploads\/2024\/04\/01-768x512.jpg 768w, https:\/\/marcali.plebania.hu\/wp-content\/uploads\/2024\/04\/01-1536x1024.jpg 1536w, https:\/\/marcali.plebania.hu\/wp-content\/uploads\/2024\/04\/01-2048x1365.jpg 2048w, https:\/\/marcali.plebania.hu\/wp-content\/uploads\/2024\/04\/01-405x270.jpg 405w\" sizes=\"auto, (max-width: 1024px) 100vw, 1024px\" \/><\/figure>\n\n\n\n<figure class=\"wp-block-image size-large\"><img loading=\"lazy\" decoding=\"async\" width=\"1024\" height=\"683\" data-id=\"5755\" src=\"https:\/\/marcali.plebania.hu\/wp-content\/uploads\/2024\/04\/02-1024x683.jpg\" alt=\"\" class=\"wp-image-5755\" srcset=\"https:\/\/marcali.plebania.hu\/wp-content\/uploads\/2024\/04\/02-1024x683.jpg 1024w, https:\/\/marcali.plebania.hu\/wp-content\/uploads\/2024\/04\/02-300x200.jpg 300w, https:\/\/marcali.plebania.hu\/wp-content\/uploads\/2024\/04\/02-768x512.jpg 768w, https:\/\/marcali.plebania.hu\/wp-content\/uploads\/2024\/04\/02-1536x1024.jpg 1536w, https:\/\/marcali.plebania.hu\/wp-content\/uploads\/2024\/04\/02-2048x1365.jpg 2048w, https:\/\/marcali.plebania.hu\/wp-content\/uploads\/2024\/04\/02-405x270.jpg 405w\" sizes=\"auto, (max-width: 1024px) 100vw, 1024px\" \/><\/figure>\n\n\n\n<figure class=\"wp-block-image size-large\"><img loading=\"lazy\" decoding=\"async\" width=\"1024\" height=\"683\" data-id=\"5757\" src=\"https:\/\/marcali.plebania.hu\/wp-content\/uploads\/2024\/04\/03-1024x683.jpg\" alt=\"\" class=\"wp-image-5757\" srcset=\"https:\/\/marcali.plebania.hu\/wp-content\/uploads\/2024\/04\/03-1024x683.jpg 1024w, https:\/\/marcali.plebania.hu\/wp-content\/uploads\/2024\/04\/03-300x200.jpg 300w, https:\/\/marcali.plebania.hu\/wp-content\/uploads\/2024\/04\/03-768x512.jpg 768w, https:\/\/marcali.plebania.hu\/wp-content\/uploads\/2024\/04\/03-1536x1024.jpg 1536w, https:\/\/marcali.plebania.hu\/wp-content\/uploads\/2024\/04\/03-2048x1365.jpg 2048w, https:\/\/marcali.plebania.hu\/wp-content\/uploads\/2024\/04\/03-405x270.jpg 405w\" sizes=\"auto, (max-width: 1024px) 100vw, 1024px\" \/><\/figure>\n\n\n\n<figure class=\"wp-block-image size-large\"><img loading=\"lazy\" decoding=\"async\" width=\"1024\" height=\"683\" data-id=\"5758\" src=\"https:\/\/marcali.plebania.hu\/wp-content\/uploads\/2024\/04\/04-1024x683.jpg\" alt=\"\" class=\"wp-image-5758\" srcset=\"https:\/\/marcali.plebania.hu\/wp-content\/uploads\/2024\/04\/04-1024x683.jpg 1024w, https:\/\/marcali.plebania.hu\/wp-content\/uploads\/2024\/04\/04-300x200.jpg 300w, https:\/\/marcali.plebania.hu\/wp-content\/uploads\/2024\/04\/04-768x512.jpg 768w, https:\/\/marcali.plebania.hu\/wp-content\/uploads\/2024\/04\/04-1536x1024.jpg 1536w, https:\/\/marcali.plebania.hu\/wp-content\/uploads\/2024\/04\/04-2048x1365.jpg 2048w, https:\/\/marcali.plebania.hu\/wp-content\/uploads\/2024\/04\/04-405x270.jpg 405w\" sizes=\"auto, (max-width: 1024px) 100vw, 1024px\" \/><\/figure>\n<\/figure>\n\n\n\n<p>A nagyp\u00e9nteki szertart\u00e1sok r\u00e9sze a kereszt\u00fati \u00e1jtatoss\u00e1g, melyet Tomanek Ferenc \u00c1ron pl\u00e9b\u00e1nos vezetett. A jelenl\u00e9v\u0151k minden st\u00e1ci\u00f3 el\u0151tt im\u00e1dkoztak \u00e9s az ezekhez kapcsol\u00f3d\u00f3 gondolat\u00e9breszt\u0151 elm\u00e9lked\u00e9seket hallgathattak meg a pl\u00e9b\u00e1niai k\u00f6z\u00f6ss\u00e9gek tagjainak \u00e9s a fiatalok k\u00f6zrem\u0171k\u00f6d\u00e9s\u00e9vel. Az \u00e1llom\u00e1sok k\u00f6z\u00f6tt a \u201eKereszt\u00faton k\u00f6vet\u00fcnk, J\u00e9zus \u00e9des \u00f6r\u00f6m\u00fcnk, szenved\u00e9sed \u00e9gi jel, \u00edgy jutunk a mennybe fel\u201d \u00e9nek hangzott el.<\/p>\n\n\n\n<figure class=\"wp-block-gallery has-nested-images columns-default is-cropped wp-block-gallery-2 is-layout-flex wp-block-gallery-is-layout-flex\">\n<figure class=\"wp-block-image size-large\"><img loading=\"lazy\" decoding=\"async\" width=\"1024\" height=\"683\" data-id=\"5764\" src=\"https:\/\/marcali.plebania.hu\/wp-content\/uploads\/2024\/04\/15-1024x683.jpg\" alt=\"\" class=\"wp-image-5764\" srcset=\"https:\/\/marcali.plebania.hu\/wp-content\/uploads\/2024\/04\/15-1024x683.jpg 1024w, https:\/\/marcali.plebania.hu\/wp-content\/uploads\/2024\/04\/15-300x200.jpg 300w, https:\/\/marcali.plebania.hu\/wp-content\/uploads\/2024\/04\/15-768x512.jpg 768w, https:\/\/marcali.plebania.hu\/wp-content\/uploads\/2024\/04\/15-1536x1024.jpg 1536w, https:\/\/marcali.plebania.hu\/wp-content\/uploads\/2024\/04\/15-2048x1365.jpg 2048w, https:\/\/marcali.plebania.hu\/wp-content\/uploads\/2024\/04\/15-405x270.jpg 405w\" sizes=\"auto, (max-width: 1024px) 100vw, 1024px\" \/><\/figure>\n\n\n\n<figure class=\"wp-block-image size-large\"><img loading=\"lazy\" decoding=\"async\" width=\"1024\" height=\"683\" data-id=\"5759\" src=\"https:\/\/marcali.plebania.hu\/wp-content\/uploads\/2024\/04\/21-1024x683.jpg\" alt=\"\" class=\"wp-image-5759\" srcset=\"https:\/\/marcali.plebania.hu\/wp-content\/uploads\/2024\/04\/21-1024x683.jpg 1024w, https:\/\/marcali.plebania.hu\/wp-content\/uploads\/2024\/04\/21-300x200.jpg 300w, https:\/\/marcali.plebania.hu\/wp-content\/uploads\/2024\/04\/21-768x512.jpg 768w, https:\/\/marcali.plebania.hu\/wp-content\/uploads\/2024\/04\/21-1536x1024.jpg 1536w, https:\/\/marcali.plebania.hu\/wp-content\/uploads\/2024\/04\/21-2048x1365.jpg 2048w, https:\/\/marcali.plebania.hu\/wp-content\/uploads\/2024\/04\/21-405x270.jpg 405w\" sizes=\"auto, (max-width: 1024px) 100vw, 1024px\" \/><\/figure>\n\n\n\n<figure class=\"wp-block-image size-large\"><img loading=\"lazy\" decoding=\"async\" width=\"1024\" height=\"683\" data-id=\"5763\" src=\"https:\/\/marcali.plebania.hu\/wp-content\/uploads\/2024\/04\/25-1024x683.jpg\" alt=\"\" class=\"wp-image-5763\" srcset=\"https:\/\/marcali.plebania.hu\/wp-content\/uploads\/2024\/04\/25-1024x683.jpg 1024w, https:\/\/marcali.plebania.hu\/wp-content\/uploads\/2024\/04\/25-300x200.jpg 300w, https:\/\/marcali.plebania.hu\/wp-content\/uploads\/2024\/04\/25-768x512.jpg 768w, https:\/\/marcali.plebania.hu\/wp-content\/uploads\/2024\/04\/25-1536x1024.jpg 1536w, https:\/\/marcali.plebania.hu\/wp-content\/uploads\/2024\/04\/25-2048x1365.jpg 2048w, https:\/\/marcali.plebania.hu\/wp-content\/uploads\/2024\/04\/25-405x270.jpg 405w\" sizes=\"auto, (max-width: 1024px) 100vw, 1024px\" \/><\/figure>\n\n\n\n<figure class=\"wp-block-image size-large\"><img loading=\"lazy\" decoding=\"async\" width=\"1024\" height=\"683\" data-id=\"5760\" src=\"https:\/\/marcali.plebania.hu\/wp-content\/uploads\/2024\/04\/24-1024x683.jpg\" alt=\"\" class=\"wp-image-5760\" srcset=\"https:\/\/marcali.plebania.hu\/wp-content\/uploads\/2024\/04\/24-1024x683.jpg 1024w, https:\/\/marcali.plebania.hu\/wp-content\/uploads\/2024\/04\/24-300x200.jpg 300w, https:\/\/marcali.plebania.hu\/wp-content\/uploads\/2024\/04\/24-768x512.jpg 768w, https:\/\/marcali.plebania.hu\/wp-content\/uploads\/2024\/04\/24-1536x1024.jpg 1536w, https:\/\/marcali.plebania.hu\/wp-content\/uploads\/2024\/04\/24-2048x1365.jpg 2048w, https:\/\/marcali.plebania.hu\/wp-content\/uploads\/2024\/04\/24-405x270.jpg 405w\" sizes=\"auto, (max-width: 1024px) 100vw, 1024px\" \/><\/figure>\n<\/figure>\n\n\n\n<p>A liturgia este 18 \u00f3r\u00e1t\u00f3l a Marcali Gy\u00fcm\u00f6lcsolt\u00f3 Boldogasszony pl\u00e9b\u00e1niatemplomban \u00fan. csonkamis\u00e9vel folytat\u00f3dott, melyet Ferenc atya celebr\u00e1lt. Az olvasm\u00e1ny \u00e9s szentlecke felolvas\u00e1sa ut\u00e1n az \u00e9nekkar J\u00e9zus szenved\u00e9st\u00f6rt\u00e9net\u00e9t, a passi\u00f3t \u00e9nekelte el Balogh B\u00e1lint k\u00e1ntor vezet\u00e9s\u00e9vel. A szertart\u00e1sban ezut\u00e1n kereszth\u00f3dolat k\u00f6vetkezett, majd a jelenl\u00e9v\u0151k szent\u00e1ldoz\u00e1shoz is j\u00e1rulhattak.<\/p>\n\n\n\n<p><a><\/a> A nagyh\u00e9t el\u0151k\u00e9sz\u00fclet a h\u00fasv\u00e9tra, a kereszt\u00e9nyek legnagyobb \u00fcnnep\u00e9re, amely J\u00e9zus felt\u00e1mad\u00e1s\u00e1ra \u00e9s szeretet\u00e9re eml\u00e9keztet minden j\u00f3akarat\u00fa embert. Nagyszombaton 18 \u00f3rakor kezd\u0151dik a h\u00fasv\u00e9ti vig\u00edlia szertart\u00e1sa Marcaliban, majd az \u00fcnnepi szentmise \u00e9s a felt\u00e1mad\u00e1si k\u00f6rmenet.<\/p>\n\n\n\n<p>\u00cdrta \u00e9s fot\u00f3k: Kiss K\u00e1lm\u00e1n<\/p>\n","protected":false},"excerpt":{"rendered":"<p>2024. m\u00e1rcius 29-\u00e9n, nagyp\u00e9ntek d\u00e9lut\u00e1n \u2013 a kor\u00e1bbi \u00e9vek hagyom\u00e1nyaihoz hasonl\u00f3an \u2013 15 \u00f3rakor a K\u00f6zponti Temet\u0151 K\u00e1lv\u00e1ri\u00e1j\u00e1n\u00e1l gy\u0171ltek \u00f6ssze a katolikus h\u00edvek, hogy elm\u00e9lked\u00e9ssel, \u00e9nekekkel, im\u00e1ds\u00e1ggal j\u00e1rj\u00e1k v\u00e9gig a golgot\u00e1t \u00e9s J\u00e9zus kereszthal\u00e1l\u00e1ra eml\u00e9kezzenek. A nagyp\u00e9nteki szertart\u00e1sok r\u00e9sze a kereszt\u00fati \u00e1jtatoss\u00e1g, melyet Tomanek Ferenc \u00c1ron pl\u00e9b\u00e1nos vezetett. A jelenl\u00e9v\u0151k minden st\u00e1ci\u00f3 el\u0151tt im\u00e1dkoztak \u00e9s az ezekhez kapcsol\u00f3d\u00f3 gondolat\u00e9breszt\u0151 elm\u00e9lked\u00e9seket hallgathattak meg a pl\u00e9b\u00e1niai k\u00f6z\u00f6ss\u00e9gek tagjainak \u00e9s a fiatalok k\u00f6zrem\u0171k\u00f6d\u00e9s\u00e9vel. Az \u00e1llom\u00e1sok k\u00f6z\u00f6tt a \u201eKereszt\u00faton k\u00f6vet\u00fcnk, J\u00e9zus \u00e9des \u00f6r\u00f6m\u00fcnk, szenved\u00e9sed&#8230;<\/p>\n<p class=\"read-more\"><a class=\"btn btn-default\" href=\"https:\/\/marcali.plebania.hu\/?p=5754\"> Read More<span class=\"screen-reader-text\">  Read More<\/span><\/a><\/p>\n","protected":false},"author":2,"featured_media":0,"comment_status":"closed","ping_status":"open","sticky":false,"template":"","format":"standard","meta":{"footnotes":""},"categories":[1],"tags":[],"class_list":["post-5754","post","type-post","status-publish","format-standard","hentry","category-egyeb"],"_links":{"self":[{"href":"https:\/\/marcali.plebania.hu\/index.php?rest_route=\/wp\/v2\/posts\/5754","targetHints":{"allow":["GET"]}}],"collection":[{"href":"https:\/\/marcali.plebania.hu\/index.php?rest_route=\/wp\/v2\/posts"}],"about":[{"href":"https:\/\/marcali.plebania.hu\/index.php?rest_route=\/wp\/v2\/types\/post"}],"author":[{"embeddable":true,"href":"https:\/\/marcali.plebania.hu\/index.php?rest_route=\/wp\/v2\/users\/2"}],"replies":[{"embeddable":true,"href":"https:\/\/marcali.plebania.hu\/index.php?rest_route=%2Fwp%2Fv2%2Fcomments&post=5754"}],"version-history":[{"count":1,"href":"https:\/\/marcali.plebania.hu\/index.php?rest_route=\/wp\/v2\/posts\/5754\/revisions"}],"predecessor-version":[{"id":5765,"href":"https:\/\/marcali.plebania.hu\/index.php?rest_route=\/wp\/v2\/posts\/5754\/revisions\/5765"}],"wp:attachment":[{"href":"https:\/\/marcali.plebania.hu\/index.php?rest_route=%2Fwp%2Fv2%2Fmedia&parent=5754"}],"wp:term":[{"taxonomy":"category","embeddable":true,"href":"https:\/\/marcali.plebania.hu\/index.php?rest_route=%2Fwp%2Fv2%2Fcategories&post=5754"},{"taxonomy":"post_tag","embeddable":true,"href":"https:\/\/marcali.plebania.hu\/index.php?rest_route=%2Fwp%2Fv2%2Ftags&post=5754"}],"curies":[{"name":"wp","href":"https:\/\/api.w.org\/{rel}","templated":true}]}}