{"id":5766,"date":"2024-04-03T08:42:54","date_gmt":"2024-04-03T08:42:54","guid":{"rendered":"https:\/\/marcali.plebania.hu\/?p=5766"},"modified":"2024-04-03T08:42:54","modified_gmt":"2024-04-03T08:42:54","slug":"2024-evi-nagyszombati-vigilia-marcaliban","status":"publish","type":"post","link":"https:\/\/marcali.plebania.hu\/?p=5766","title":{"rendered":"2024. \u00e9vi Nagyszombati vig\u00edlia Marcaliban"},"content":{"rendered":"\n<p>2024. m\u00e1rcius 30-\u00e1n, Nagyszombaton, 18 \u00f3rakor kezd\u0151d\u00f6tt a H\u00fasv\u00e9ti vig\u00edlia a Marcali Gy\u00fcm\u00f6lcsolt\u00f3 Boldogasszony Pl\u00e9b\u00e1niatemplomban, melyet Tomanek Ferenc \u00c1ron pl\u00e9b\u00e1nos celebr\u00e1lt. H\u00fasv\u00e9t a Katolikus Egyh\u00e1z legnagyobb \u00fcnnepe, amely a kereszt\u00e9nys\u00e9g \u00f6r\u00f6mh\u00edr\u00e9t hirdeti: J\u00e9zus Krisztus felt\u00e1madt a hal\u00e1lb\u00f3l \u00e9s mindenkit megh\u00edv az \u00f6r\u00f6k \u00e9letre.<\/p>\n\n\n\n<p>Marcaliban is a t\u0171z-meg\u00e1ld\u00e1s\u00e1val kezd\u0151d\u00f6tt a szertart\u00e1s. Ferenc atya a pl\u00e9b\u00e1niatemplom f\u0151bej\u00e1rata el\u0151tt v\u00e9gezte el a liturgi\u00e1t, majd err\u0151l gy\u00fajtott\u00e1k meg az \u00faj h\u00fasv\u00e9ti gyerty\u00e1t. Ezt k\u00f6vet\u0151en a lelkip\u00e1sztor, a ministr\u00e1nsok k\u00eds\u00e9ret\u00e9ben bevonult a templomba, mik\u00f6zben t\u00f6bben gyerty\u00e1t gy\u00fajtottak. A h\u00fasv\u00e9ti gyertya f\u00e9nye ugyanis Isten gy\u0151zelm\u00e9t hirdeti a hal\u00e1l felett, Krisztus felt\u00e1mad\u00e1s\u00e1t a holtak orsz\u00e1g\u00e1b\u00f3l.<\/p>\n\n\n\n<figure class=\"wp-block-gallery has-nested-images columns-default is-cropped wp-block-gallery-1 is-layout-flex wp-block-gallery-is-layout-flex\">\n<figure class=\"wp-block-image size-large\"><img loading=\"lazy\" decoding=\"async\" width=\"1024\" height=\"683\" data-id=\"5767\" src=\"https:\/\/marcali.plebania.hu\/wp-content\/uploads\/2024\/04\/01-1-1024x683.jpg\" alt=\"\" class=\"wp-image-5767\" srcset=\"https:\/\/marcali.plebania.hu\/wp-content\/uploads\/2024\/04\/01-1-1024x683.jpg 1024w, https:\/\/marcali.plebania.hu\/wp-content\/uploads\/2024\/04\/01-1-300x200.jpg 300w, https:\/\/marcali.plebania.hu\/wp-content\/uploads\/2024\/04\/01-1-768x512.jpg 768w, https:\/\/marcali.plebania.hu\/wp-content\/uploads\/2024\/04\/01-1-1536x1024.jpg 1536w, https:\/\/marcali.plebania.hu\/wp-content\/uploads\/2024\/04\/01-1-2048x1365.jpg 2048w, https:\/\/marcali.plebania.hu\/wp-content\/uploads\/2024\/04\/01-1-405x270.jpg 405w\" sizes=\"auto, (max-width: 1024px) 100vw, 1024px\" \/><\/figure>\n\n\n\n<figure class=\"wp-block-image size-large\"><img loading=\"lazy\" decoding=\"async\" width=\"1024\" height=\"683\" data-id=\"5770\" src=\"https:\/\/marcali.plebania.hu\/wp-content\/uploads\/2024\/04\/02-1-1024x683.jpg\" alt=\"\" class=\"wp-image-5770\" srcset=\"https:\/\/marcali.plebania.hu\/wp-content\/uploads\/2024\/04\/02-1-1024x683.jpg 1024w, https:\/\/marcali.plebania.hu\/wp-content\/uploads\/2024\/04\/02-1-300x200.jpg 300w, https:\/\/marcali.plebania.hu\/wp-content\/uploads\/2024\/04\/02-1-768x512.jpg 768w, https:\/\/marcali.plebania.hu\/wp-content\/uploads\/2024\/04\/02-1-1536x1024.jpg 1536w, https:\/\/marcali.plebania.hu\/wp-content\/uploads\/2024\/04\/02-1-2048x1365.jpg 2048w, https:\/\/marcali.plebania.hu\/wp-content\/uploads\/2024\/04\/02-1-405x270.jpg 405w\" sizes=\"auto, (max-width: 1024px) 100vw, 1024px\" \/><\/figure>\n\n\n\n<figure class=\"wp-block-image size-large\"><img loading=\"lazy\" decoding=\"async\" width=\"1024\" height=\"683\" data-id=\"5768\" src=\"https:\/\/marcali.plebania.hu\/wp-content\/uploads\/2024\/04\/04-1-1024x683.jpg\" alt=\"\" class=\"wp-image-5768\" srcset=\"https:\/\/marcali.plebania.hu\/wp-content\/uploads\/2024\/04\/04-1-1024x683.jpg 1024w, https:\/\/marcali.plebania.hu\/wp-content\/uploads\/2024\/04\/04-1-300x200.jpg 300w, https:\/\/marcali.plebania.hu\/wp-content\/uploads\/2024\/04\/04-1-768x512.jpg 768w, https:\/\/marcali.plebania.hu\/wp-content\/uploads\/2024\/04\/04-1-1536x1024.jpg 1536w, https:\/\/marcali.plebania.hu\/wp-content\/uploads\/2024\/04\/04-1-2048x1365.jpg 2048w, https:\/\/marcali.plebania.hu\/wp-content\/uploads\/2024\/04\/04-1-405x270.jpg 405w\" sizes=\"auto, (max-width: 1024px) 100vw, 1024px\" \/><\/figure>\n\n\n\n<figure class=\"wp-block-image size-large\"><img loading=\"lazy\" decoding=\"async\" width=\"1024\" height=\"683\" data-id=\"5771\" src=\"https:\/\/marcali.plebania.hu\/wp-content\/uploads\/2024\/04\/06-1024x683.jpg\" alt=\"\" class=\"wp-image-5771\" srcset=\"https:\/\/marcali.plebania.hu\/wp-content\/uploads\/2024\/04\/06-1024x683.jpg 1024w, https:\/\/marcali.plebania.hu\/wp-content\/uploads\/2024\/04\/06-300x200.jpg 300w, https:\/\/marcali.plebania.hu\/wp-content\/uploads\/2024\/04\/06-768x512.jpg 768w, https:\/\/marcali.plebania.hu\/wp-content\/uploads\/2024\/04\/06-1536x1024.jpg 1536w, https:\/\/marcali.plebania.hu\/wp-content\/uploads\/2024\/04\/06-2048x1365.jpg 2048w, https:\/\/marcali.plebania.hu\/wp-content\/uploads\/2024\/04\/06-405x270.jpg 405w\" sizes=\"auto, (max-width: 1024px) 100vw, 1024px\" \/><\/figure>\n<\/figure>\n\n\n\n<p>Majd a H\u00fasv\u00e9ti \u00d6r\u00f6m\u00e9nekkel (Exultet) folytat\u00f3dott a liturgia, amely az id\u00e9n Tomanek Ferenc atya tolm\u00e1csol\u00e1s\u00e1ban hangzott fel. Ezut\u00e1n az \u00f3sz\u00f6vets\u00e9gi olvasm\u00e1nyok k\u00f6vetkeztek, melyek az \u00fcdv\u00f6ss\u00e9gt\u00f6rt\u00e9net nagy \u00e1llom\u00e1sain kereszt\u00fcl vezetik a h\u00edveket. A harmadik olvasm\u00e1ny ut\u00e1n felcsend\u00fclt a Gl\u00f3ria, Isten dics\u0151\u00edt\u00e9se \u00e9s \u201evisszat\u00e9rtek a harangok R\u00f3m\u00e1b\u00f3l\u201d, megh\u00edvva a h\u00edv\u0151ket Krisztus gy\u0151zelm\u00e9nek \u00fcnnepl\u00e9s\u00e9re. J\u00e9zus felt\u00e1mad\u00e1s\u00e1t, az igazi \u00f6r\u00f6mh\u00edrt hirdeti az evang\u00e9lium.<\/p>\n\n\n\n<p>Ferenc atya pr\u00e9dik\u00e1ci\u00f3j\u00e1ban J\u00e9zus Krisztus hal\u00e1lb\u00f3l val\u00f3 felt\u00e1mad\u00e1s\u00e1r\u00f3l besz\u00e9lt, \u00e9s arr\u00f3l hogy mindenkit megh\u00edv az \u00f6r\u00f6k \u00e9letre. Az \u00dcdv\u00f6z\u00edt\u0151 \u201e<em>Felt\u00e1madt, val\u00f3ban felt\u00e1madt<\/em>\u201d, Isten irgalmas szeretete gy\u0151z\u00f6tt a b\u0171n \u00e9s a hal\u00e1l felett.<\/p>\n\n\n\n<figure class=\"wp-block-gallery has-nested-images columns-default is-cropped wp-block-gallery-2 is-layout-flex wp-block-gallery-is-layout-flex\">\n<figure class=\"wp-block-image size-large\"><img loading=\"lazy\" decoding=\"async\" width=\"1024\" height=\"683\" data-id=\"5774\" src=\"https:\/\/marcali.plebania.hu\/wp-content\/uploads\/2024\/04\/09-1024x683.jpg\" alt=\"\" class=\"wp-image-5774\" srcset=\"https:\/\/marcali.plebania.hu\/wp-content\/uploads\/2024\/04\/09-1024x683.jpg 1024w, https:\/\/marcali.plebania.hu\/wp-content\/uploads\/2024\/04\/09-300x200.jpg 300w, https:\/\/marcali.plebania.hu\/wp-content\/uploads\/2024\/04\/09-768x512.jpg 768w, https:\/\/marcali.plebania.hu\/wp-content\/uploads\/2024\/04\/09-1536x1024.jpg 1536w, https:\/\/marcali.plebania.hu\/wp-content\/uploads\/2024\/04\/09-2048x1365.jpg 2048w, https:\/\/marcali.plebania.hu\/wp-content\/uploads\/2024\/04\/09-405x270.jpg 405w\" sizes=\"auto, (max-width: 1024px) 100vw, 1024px\" \/><\/figure>\n\n\n\n<figure class=\"wp-block-image size-large\"><img loading=\"lazy\" decoding=\"async\" width=\"1024\" height=\"683\" data-id=\"5773\" src=\"https:\/\/marcali.plebania.hu\/wp-content\/uploads\/2024\/04\/10-1024x683.jpg\" alt=\"\" class=\"wp-image-5773\" srcset=\"https:\/\/marcali.plebania.hu\/wp-content\/uploads\/2024\/04\/10-1024x683.jpg 1024w, https:\/\/marcali.plebania.hu\/wp-content\/uploads\/2024\/04\/10-300x200.jpg 300w, https:\/\/marcali.plebania.hu\/wp-content\/uploads\/2024\/04\/10-768x512.jpg 768w, https:\/\/marcali.plebania.hu\/wp-content\/uploads\/2024\/04\/10-1536x1024.jpg 1536w, https:\/\/marcali.plebania.hu\/wp-content\/uploads\/2024\/04\/10-2048x1365.jpg 2048w, https:\/\/marcali.plebania.hu\/wp-content\/uploads\/2024\/04\/10-405x270.jpg 405w\" sizes=\"auto, (max-width: 1024px) 100vw, 1024px\" \/><\/figure>\n\n\n\n<figure class=\"wp-block-image size-large\"><img loading=\"lazy\" decoding=\"async\" width=\"1024\" height=\"683\" data-id=\"5776\" src=\"https:\/\/marcali.plebania.hu\/wp-content\/uploads\/2024\/04\/16-1024x683.jpg\" alt=\"\" class=\"wp-image-5776\" srcset=\"https:\/\/marcali.plebania.hu\/wp-content\/uploads\/2024\/04\/16-1024x683.jpg 1024w, https:\/\/marcali.plebania.hu\/wp-content\/uploads\/2024\/04\/16-300x200.jpg 300w, https:\/\/marcali.plebania.hu\/wp-content\/uploads\/2024\/04\/16-768x512.jpg 768w, https:\/\/marcali.plebania.hu\/wp-content\/uploads\/2024\/04\/16-1536x1024.jpg 1536w, https:\/\/marcali.plebania.hu\/wp-content\/uploads\/2024\/04\/16-2048x1365.jpg 2048w, https:\/\/marcali.plebania.hu\/wp-content\/uploads\/2024\/04\/16-405x270.jpg 405w\" sizes=\"auto, (max-width: 1024px) 100vw, 1024px\" \/><\/figure>\n\n\n\n<figure class=\"wp-block-image size-large\"><img loading=\"lazy\" decoding=\"async\" width=\"1024\" height=\"683\" data-id=\"5777\" src=\"https:\/\/marcali.plebania.hu\/wp-content\/uploads\/2024\/04\/29-1024x683.jpg\" alt=\"\" class=\"wp-image-5777\" srcset=\"https:\/\/marcali.plebania.hu\/wp-content\/uploads\/2024\/04\/29-1024x683.jpg 1024w, https:\/\/marcali.plebania.hu\/wp-content\/uploads\/2024\/04\/29-300x200.jpg 300w, https:\/\/marcali.plebania.hu\/wp-content\/uploads\/2024\/04\/29-768x512.jpg 768w, https:\/\/marcali.plebania.hu\/wp-content\/uploads\/2024\/04\/29-1536x1024.jpg 1536w, https:\/\/marcali.plebania.hu\/wp-content\/uploads\/2024\/04\/29-2048x1365.jpg 2048w, https:\/\/marcali.plebania.hu\/wp-content\/uploads\/2024\/04\/29-405x270.jpg 405w\" sizes=\"auto, (max-width: 1024px) 100vw, 1024px\" \/><\/figure>\n<\/figure>\n\n\n\n<p>A hom\u00edlia ut\u00e1n k\u00f6vetkezett a mindenszentek lit\u00e1ni\u00e1ja, majd a v\u00edzszentel\u00e9s szertart\u00e1sa a keresztel\u0151k\u00fatn\u00e1l, valamint a jelenl\u00e9v\u0151 h\u00edvek meger\u0151s\u00edtett\u00e9k kereszts\u00e9gi fogadalmukat. Ezt k\u00f6vet\u0151en a szentmise a megszokott rend szerint folytat\u00f3dott tov\u00e1bb az \u00e1ldozati liturgi\u00e1val, majd pedig a hagyom\u00e1nyos f\u00e1kly\u00e1s-z\u00e1szl\u00f3s h\u00fasv\u00e9ti k\u00f6rmenettel, melyen a ministr\u00e1nsok, az imak\u00f6r\u00f6k tagjai, valamint a jelenl\u00e9v\u0151 h\u00edvek tev\u00e9kenyen r\u00e9szt vettek. Az idei esztend\u0151ben is a k\u00f6rmenet a R\u00e1k\u00f3czi utca j\u00e1rd\u00e1j\u00e1n vezetett eg\u00e9szen az \u00f6nkorm\u00e1nyzatig, majd onnan vissza a H\u0151s\u00f6k, \u00e9s a Boldog II. J\u00e1nos P\u00e1l p\u00e1pa t\u00e9ren \u00e1t a pl\u00e9b\u00e1niatemplomig. A liturgia \u00fcnnepi \u00e1ld\u00e1ssal \u00e9rt v\u00e9get.<\/p>\n\n\n\n<figure class=\"wp-block-gallery has-nested-images columns-default is-cropped wp-block-gallery-3 is-layout-flex wp-block-gallery-is-layout-flex\">\n<figure class=\"wp-block-image size-large\"><img loading=\"lazy\" decoding=\"async\" width=\"1024\" height=\"683\" data-id=\"5778\" src=\"https:\/\/marcali.plebania.hu\/wp-content\/uploads\/2024\/04\/58-1024x683.jpg\" alt=\"\" class=\"wp-image-5778\" srcset=\"https:\/\/marcali.plebania.hu\/wp-content\/uploads\/2024\/04\/58-1024x683.jpg 1024w, https:\/\/marcali.plebania.hu\/wp-content\/uploads\/2024\/04\/58-300x200.jpg 300w, https:\/\/marcali.plebania.hu\/wp-content\/uploads\/2024\/04\/58-768x512.jpg 768w, https:\/\/marcali.plebania.hu\/wp-content\/uploads\/2024\/04\/58-1536x1024.jpg 1536w, https:\/\/marcali.plebania.hu\/wp-content\/uploads\/2024\/04\/58-2048x1365.jpg 2048w, https:\/\/marcali.plebania.hu\/wp-content\/uploads\/2024\/04\/58-405x270.jpg 405w\" sizes=\"auto, (max-width: 1024px) 100vw, 1024px\" \/><\/figure>\n\n\n\n<figure class=\"wp-block-image size-large\"><img loading=\"lazy\" decoding=\"async\" width=\"1024\" height=\"683\" data-id=\"5779\" src=\"https:\/\/marcali.plebania.hu\/wp-content\/uploads\/2024\/04\/60-1024x683.jpg\" alt=\"\" class=\"wp-image-5779\" srcset=\"https:\/\/marcali.plebania.hu\/wp-content\/uploads\/2024\/04\/60-1024x683.jpg 1024w, https:\/\/marcali.plebania.hu\/wp-content\/uploads\/2024\/04\/60-300x200.jpg 300w, https:\/\/marcali.plebania.hu\/wp-content\/uploads\/2024\/04\/60-768x512.jpg 768w, https:\/\/marcali.plebania.hu\/wp-content\/uploads\/2024\/04\/60-1536x1024.jpg 1536w, https:\/\/marcali.plebania.hu\/wp-content\/uploads\/2024\/04\/60-2048x1365.jpg 2048w, https:\/\/marcali.plebania.hu\/wp-content\/uploads\/2024\/04\/60-405x270.jpg 405w\" sizes=\"auto, (max-width: 1024px) 100vw, 1024px\" \/><\/figure>\n\n\n\n<figure class=\"wp-block-image size-large\"><img loading=\"lazy\" decoding=\"async\" width=\"1024\" height=\"683\" data-id=\"5782\" src=\"https:\/\/marcali.plebania.hu\/wp-content\/uploads\/2024\/04\/63-1024x683.jpg\" alt=\"\" class=\"wp-image-5782\" srcset=\"https:\/\/marcali.plebania.hu\/wp-content\/uploads\/2024\/04\/63-1024x683.jpg 1024w, https:\/\/marcali.plebania.hu\/wp-content\/uploads\/2024\/04\/63-300x200.jpg 300w, https:\/\/marcali.plebania.hu\/wp-content\/uploads\/2024\/04\/63-768x512.jpg 768w, https:\/\/marcali.plebania.hu\/wp-content\/uploads\/2024\/04\/63-1536x1024.jpg 1536w, https:\/\/marcali.plebania.hu\/wp-content\/uploads\/2024\/04\/63-2048x1365.jpg 2048w, https:\/\/marcali.plebania.hu\/wp-content\/uploads\/2024\/04\/63-405x270.jpg 405w\" sizes=\"auto, (max-width: 1024px) 100vw, 1024px\" \/><\/figure>\n\n\n\n<figure class=\"wp-block-image size-large\"><img loading=\"lazy\" decoding=\"async\" width=\"1024\" height=\"683\" data-id=\"5783\" src=\"https:\/\/marcali.plebania.hu\/wp-content\/uploads\/2024\/04\/69-1024x683.jpg\" alt=\"\" class=\"wp-image-5783\" srcset=\"https:\/\/marcali.plebania.hu\/wp-content\/uploads\/2024\/04\/69-1024x683.jpg 1024w, https:\/\/marcali.plebania.hu\/wp-content\/uploads\/2024\/04\/69-300x200.jpg 300w, https:\/\/marcali.plebania.hu\/wp-content\/uploads\/2024\/04\/69-768x512.jpg 768w, https:\/\/marcali.plebania.hu\/wp-content\/uploads\/2024\/04\/69-1536x1024.jpg 1536w, https:\/\/marcali.plebania.hu\/wp-content\/uploads\/2024\/04\/69-2048x1365.jpg 2048w, https:\/\/marcali.plebania.hu\/wp-content\/uploads\/2024\/04\/69-405x270.jpg 405w\" sizes=\"auto, (max-width: 1024px) 100vw, 1024px\" \/><\/figure>\n<\/figure>\n\n\n\n<p>A nagyszombati vig\u00edli\u00e1n Balogh B\u00e1lint k\u00e1ntor \u00e9s a Marcali F\u00e9ny Gyermekei Katolikus Zenekar m\u0171k\u00f6d\u00f6tt k\u00f6zre git\u00e1ros \u00e9nekekkel. A k\u00f6rmenet zavartalan lebonyol\u00edt\u00e1s\u00e1ban a Marcali V\u00e1rosi Rend\u0151rkapit\u00e1nys\u00e1g \u00e9s a Marcali Polg\u00e1r\u0151rs\u00e9g tagjai vettek r\u00e9szt, akiknek a szervez\u0151k ez\u00faton k\u00fcl\u00f6n is megk\u00f6sz\u00f6nik az \u00fcnnepi szolg\u00e1lat\u00e1t.<\/p>\n\n\n\n<p>Mindenkinek \u00e1ldott h\u00fasv\u00e9ti \u00fcnnepeket k\u00edv\u00e1n a Marcali R\u00f3mai Katolikus Egyh\u00e1zk\u00f6zs\u00e9g!<\/p>\n\n\n\n<p><\/p>\n\n\n\n<p>\u00cdrta \u00e9s fot\u00f3k: Marcali Pl\u00e9b\u00e1nia\/Kiss K\u00e1lm\u00e1n<\/p>\n","protected":false},"excerpt":{"rendered":"<p>2024. m\u00e1rcius 30-\u00e1n, Nagyszombaton, 18 \u00f3rakor kezd\u0151d\u00f6tt a H\u00fasv\u00e9ti vig\u00edlia a Marcali Gy\u00fcm\u00f6lcsolt\u00f3 Boldogasszony Pl\u00e9b\u00e1niatemplomban, melyet Tomanek Ferenc \u00c1ron pl\u00e9b\u00e1nos celebr\u00e1lt. H\u00fasv\u00e9t a Katolikus Egyh\u00e1z legnagyobb \u00fcnnepe, amely a kereszt\u00e9nys\u00e9g \u00f6r\u00f6mh\u00edr\u00e9t hirdeti: J\u00e9zus Krisztus felt\u00e1madt a hal\u00e1lb\u00f3l \u00e9s mindenkit megh\u00edv az \u00f6r\u00f6k \u00e9letre. Marcaliban is a t\u0171z-meg\u00e1ld\u00e1s\u00e1val kezd\u0151d\u00f6tt a szertart\u00e1s. Ferenc atya a pl\u00e9b\u00e1niatemplom f\u0151bej\u00e1rata el\u0151tt v\u00e9gezte el a liturgi\u00e1t, majd err\u0151l gy\u00fajtott\u00e1k meg az \u00faj h\u00fasv\u00e9ti gyerty\u00e1t. Ezt k\u00f6vet\u0151en a lelkip\u00e1sztor, a ministr\u00e1nsok k\u00eds\u00e9ret\u00e9ben bevonult a templomba, mik\u00f6zben t\u00f6bben&#8230;<\/p>\n<p class=\"read-more\"><a class=\"btn btn-default\" href=\"https:\/\/marcali.plebania.hu\/?p=5766\"> Read More<span class=\"screen-reader-text\">  Read More<\/span><\/a><\/p>\n","protected":false},"author":2,"featured_media":0,"comment_status":"closed","ping_status":"open","sticky":false,"template":"","format":"standard","meta":{"footnotes":""},"categories":[1],"tags":[],"class_list":["post-5766","post","type-post","status-publish","format-standard","hentry","category-egyeb"],"_links":{"self":[{"href":"https:\/\/marcali.plebania.hu\/index.php?rest_route=\/wp\/v2\/posts\/5766","targetHints":{"allow":["GET"]}}],"collection":[{"href":"https:\/\/marcali.plebania.hu\/index.php?rest_route=\/wp\/v2\/posts"}],"about":[{"href":"https:\/\/marcali.plebania.hu\/index.php?rest_route=\/wp\/v2\/types\/post"}],"author":[{"embeddable":true,"href":"https:\/\/marcali.plebania.hu\/index.php?rest_route=\/wp\/v2\/users\/2"}],"replies":[{"embeddable":true,"href":"https:\/\/marcali.plebania.hu\/index.php?rest_route=%2Fwp%2Fv2%2Fcomments&post=5766"}],"version-history":[{"count":1,"href":"https:\/\/marcali.plebania.hu\/index.php?rest_route=\/wp\/v2\/posts\/5766\/revisions"}],"predecessor-version":[{"id":5784,"href":"https:\/\/marcali.plebania.hu\/index.php?rest_route=\/wp\/v2\/posts\/5766\/revisions\/5784"}],"wp:attachment":[{"href":"https:\/\/marcali.plebania.hu\/index.php?rest_route=%2Fwp%2Fv2%2Fmedia&parent=5766"}],"wp:term":[{"taxonomy":"category","embeddable":true,"href":"https:\/\/marcali.plebania.hu\/index.php?rest_route=%2Fwp%2Fv2%2Fcategories&post=5766"},{"taxonomy":"post_tag","embeddable":true,"href":"https:\/\/marcali.plebania.hu\/index.php?rest_route=%2Fwp%2Fv2%2Ftags&post=5766"}],"curies":[{"name":"wp","href":"https:\/\/api.w.org\/{rel}","templated":true}]}}