{"id":579,"date":"2019-01-04T09:43:47","date_gmt":"2019-01-04T09:43:47","guid":{"rendered":"https:\/\/marcali.plebania.hu\/?p=579"},"modified":"2019-01-04T09:43:47","modified_gmt":"2019-01-04T09:43:47","slug":"hirdetesek-2019-01-06","status":"publish","type":"post","link":"https:\/\/marcali.plebania.hu\/?p=579","title":{"rendered":"Hirdet\u00e9sek, 2019. 01. 06."},"content":{"rendered":"\n<ol class=\"wp-block-list\"><li>Ma V\u00edzkereszt \u00fcnnepe.<\/li><li>A j\u00f6v\u0151 h\u00e9ten szerda este 17.30-ra\n\u00f6sszeh\u00edvom az Egyh\u00e1zk\u00f6zs\u00e9g K\u00e9pvisel\u0151 Test\u00fclet\u00e9t egy k\u00f6tetlen besz\u00e9lget\u00e9sre, az\negyh\u00e1zk\u00f6zs\u00e9g \u00e9v eleji programjainak megbesz\u00e9l\u00e9s\u00e9re.<\/li><li>Szombaton tartjuk a fatimai\nengesztel\u00e9st 16 \u00f3r\u00e1t\u00f3l, 17 \u00f3rakor szentmise.<\/li><li>Ebben az \u00e9vben is minden p\u00e9nteken a\nszentmise el\u0151tt f\u00e9l \u00f3r\u00e1val szents\u00e9gim\u00e1d\u00e1s, \u00edgy is k\u00e9sz\u00fcl\u00fcnk az Eukarisztikus\nKongresszusra.<\/li><li>K\u00f6sz\u00f6netet mondunk azoknak, akik a\nbetlehem \u00e9s az \u00e1dventi koszor\u00fa lebont\u00e1s\u00e1ban k\u00f6zrem\u0171k\u00f6dtek.<\/li><\/ol>\n","protected":false},"excerpt":{"rendered":"<p>Ma V\u00edzkereszt \u00fcnnepe. A j\u00f6v\u0151 h\u00e9ten szerda este 17.30-ra \u00f6sszeh\u00edvom az Egyh\u00e1zk\u00f6zs\u00e9g K\u00e9pvisel\u0151 Test\u00fclet\u00e9t egy k\u00f6tetlen besz\u00e9lget\u00e9sre, az egyh\u00e1zk\u00f6zs\u00e9g \u00e9v eleji programjainak megbesz\u00e9l\u00e9s\u00e9re. Szombaton tartjuk a fatimai engesztel\u00e9st 16 \u00f3r\u00e1t\u00f3l, 17 \u00f3rakor szentmise. Ebben az \u00e9vben is minden p\u00e9nteken a szentmise el\u0151tt f\u00e9l \u00f3r\u00e1val szents\u00e9gim\u00e1d\u00e1s, \u00edgy is k\u00e9sz\u00fcl\u00fcnk az Eukarisztikus Kongresszusra. K\u00f6sz\u00f6netet mondunk azoknak, akik a betlehem \u00e9s az \u00e1dventi koszor\u00fa lebont\u00e1s\u00e1ban k\u00f6zrem\u0171k\u00f6dtek.<\/p>\n","protected":false},"author":2,"featured_media":0,"comment_status":"closed","ping_status":"open","sticky":false,"template":"","format":"standard","meta":{"footnotes":""},"categories":[1],"tags":[],"class_list":["post-579","post","type-post","status-publish","format-standard","hentry","category-egyeb"],"_links":{"self":[{"href":"https:\/\/marcali.plebania.hu\/index.php?rest_route=\/wp\/v2\/posts\/579","targetHints":{"allow":["GET"]}}],"collection":[{"href":"https:\/\/marcali.plebania.hu\/index.php?rest_route=\/wp\/v2\/posts"}],"about":[{"href":"https:\/\/marcali.plebania.hu\/index.php?rest_route=\/wp\/v2\/types\/post"}],"author":[{"embeddable":true,"href":"https:\/\/marcali.plebania.hu\/index.php?rest_route=\/wp\/v2\/users\/2"}],"replies":[{"embeddable":true,"href":"https:\/\/marcali.plebania.hu\/index.php?rest_route=%2Fwp%2Fv2%2Fcomments&post=579"}],"version-history":[{"count":1,"href":"https:\/\/marcali.plebania.hu\/index.php?rest_route=\/wp\/v2\/posts\/579\/revisions"}],"predecessor-version":[{"id":580,"href":"https:\/\/marcali.plebania.hu\/index.php?rest_route=\/wp\/v2\/posts\/579\/revisions\/580"}],"wp:attachment":[{"href":"https:\/\/marcali.plebania.hu\/index.php?rest_route=%2Fwp%2Fv2%2Fmedia&parent=579"}],"wp:term":[{"taxonomy":"category","embeddable":true,"href":"https:\/\/marcali.plebania.hu\/index.php?rest_route=%2Fwp%2Fv2%2Fcategories&post=579"},{"taxonomy":"post_tag","embeddable":true,"href":"https:\/\/marcali.plebania.hu\/index.php?rest_route=%2Fwp%2Fv2%2Ftags&post=579"}],"curies":[{"name":"wp","href":"https:\/\/api.w.org\/{rel}","templated":true}]}}