{"id":5798,"date":"2024-04-03T08:48:23","date_gmt":"2024-04-03T08:48:23","guid":{"rendered":"https:\/\/marcali.plebania.hu\/?p=5798"},"modified":"2024-04-03T08:48:23","modified_gmt":"2024-04-03T08:48:23","slug":"hirdetesek-2024-marcius-31-en","status":"publish","type":"post","link":"https:\/\/marcali.plebania.hu\/?p=5798","title":{"rendered":"Hirdet\u00e9sek 2024. m\u00e1rcius 31-\u00e9n"},"content":{"rendered":"\n<p><strong><a href=\"https:\/\/igenaptar.katolikus.hu\/2024\/nap\/index.php?holnap=2024-03-31\" target=\"_blank\" rel=\"noreferrer noopener\"><u>H\u00fasv\u00e9tvas\u00e1rnap &#8211; Urunk felt\u00e1mad\u00e1sa (f\u0151\u00fcnnep)<\/u><\/a><\/strong><\/p>\n\n\n\n<ol class=\"wp-block-list\" start=\"1\">\n<li>K\u00f6sz\u00f6nj\u00fck a nagyheti szertart\u00e1sokba val\u00f3 bekapcsol\u00f3d\u00e1st, a jelenl\u00e9ten t\u00fal a sokf\u00e9le szolg\u00e1latot: templomd\u00edsz\u00edt\u00e9st, ministr\u00e1l\u00e1st, \u00e9nekl\u00e9st.<\/li>\n\n\n\n<li>H\u00fasv\u00e9tvas\u00e1rnap 7 \u00f3rakor meg\u00e1ldjuk a h\u00fasv\u00e9ti \u00e9teleket. Szentmis\u00e9t \u00fcnnepl\u00fcnk 9 \u00f3rakor a pl\u00e9b\u00e1niatemplomban, 11 \u00f3rakor Gomb\u00e1n \u00e9s 18 \u00f3rakor a Boldog Gizella-templomban. Az \u00f3ra\u00e1t\u00e1ll\u00edt\u00e1s miatt ett\u0151l a napt\u00f3l kezdve az esti szentmis\u00e9k 18 \u00f3rakor kezd\u0151dnek.<\/li>\n\n\n\n<li>H\u00fasv\u00e9th\u00e9tf\u0151n 9 \u00f3rakor a pl\u00e9b\u00e1niatemplomban, 11 \u00f3rakor pedig Biz\u00e9n \u00fcnnepl\u00fcnk szentmis\u00e9t.<\/li>\n\n\n\n<li>Kedden nem lesz szentmise.<\/li>\n\n\n\n<li>A katolikus p\u00fcsp\u00f6ki konferenci\u00e1val egy\u00fctt k\u00e9r\u00fcnk benneteket, hogy az ad\u00f3tok 1%-\u00e1nak felaj\u00e1nl\u00e1s\u00e1val tov\u00e1bbra is t\u00e1mogass\u00e1tok a Magyar Katolikus Egyh\u00e1zat a 0011-es technikai sz\u00e1m megad\u00e1s\u00e1val. Err\u0151l r\u00e9szleteket az egyszazalek.katolikus.hu honlapon olvashattok. Kereszts\u00e9g\u00fcnkb\u0151l fakad, hogy az Egyh\u00e1z tagjai vagyunk, ezt els\u0151sorban hit\u00fcnkkel \u00e9s jelenl\u00e9t\u00fcnkkel \u00e9lj\u00fck meg, ezen fel\u00fcl a k\u00f6z\u00f6ss\u00e9g szolg\u00e1lat\u00e1b\u00f3l \u00e9s anyagi kiad\u00e1saib\u00f3l is kivessz\u00fck a r\u00e9sz\u00fcnket lehet\u0151s\u00e9geinkhez m\u00e9rten. Az ad\u00f3 1%-a nem jelent plusz kiad\u00e1st, \u00e9s nem is t\u00e9vesztend\u0151 \u00f6ssze az egyh\u00e1zi hozz\u00e1j\u00e1rul\u00e1ssal, mely a helyi egyh\u00e1zk\u00f6z\u00f6ss\u00e9g fenntart\u00e1s\u00e1t \u00e9s m\u0171k\u00f6d\u00e9s\u00e9t teszi lehet\u0151v\u00e9. Ennek javasolt m\u00e9rt\u00e9ke az \u00e9ves nett\u00f3 j\u00f6vedelm\u00fcnk 1%-a, vagyis havi 100 ezer forint j\u00f6vedelemn\u00e9l \u00e9vente 12 ezer forint. A pl\u00e9b\u00e1nia k\u00e9pvisel\u0151test\u00fclete minimumk\u00e9nt \u00e9vi 4000 forintot hat\u00e1rozott meg, mely b\u00e1rmikor \u00e9s b\u00e1rmennyi r\u00e9szletben befizethet\u0151 az irod\u00e1ban vagy \u00e1tutal\u00e1ssal is. K\u00f6sz\u00f6nj\u00fck mindk\u00e9t fajta hozz\u00e1j\u00e1rul\u00e1st az egyh\u00e1z m\u0171k\u00f6d\u00e9s\u00e9hez, m\u00e9g ink\u00e1bb a jelenl\u00e9tet \u00e9s a szolg\u00e1latot az egyh\u00e1zban.<\/li>\n<\/ol>\n","protected":false},"excerpt":{"rendered":"<p>H\u00fasv\u00e9tvas\u00e1rnap &#8211; Urunk felt\u00e1mad\u00e1sa (f\u0151\u00fcnnep)<\/p>\n","protected":false},"author":2,"featured_media":0,"comment_status":"closed","ping_status":"open","sticky":false,"template":"","format":"standard","meta":{"footnotes":""},"categories":[1],"tags":[],"class_list":["post-5798","post","type-post","status-publish","format-standard","hentry","category-egyeb"],"_links":{"self":[{"href":"https:\/\/marcali.plebania.hu\/index.php?rest_route=\/wp\/v2\/posts\/5798","targetHints":{"allow":["GET"]}}],"collection":[{"href":"https:\/\/marcali.plebania.hu\/index.php?rest_route=\/wp\/v2\/posts"}],"about":[{"href":"https:\/\/marcali.plebania.hu\/index.php?rest_route=\/wp\/v2\/types\/post"}],"author":[{"embeddable":true,"href":"https:\/\/marcali.plebania.hu\/index.php?rest_route=\/wp\/v2\/users\/2"}],"replies":[{"embeddable":true,"href":"https:\/\/marcali.plebania.hu\/index.php?rest_route=%2Fwp%2Fv2%2Fcomments&post=5798"}],"version-history":[{"count":1,"href":"https:\/\/marcali.plebania.hu\/index.php?rest_route=\/wp\/v2\/posts\/5798\/revisions"}],"predecessor-version":[{"id":5799,"href":"https:\/\/marcali.plebania.hu\/index.php?rest_route=\/wp\/v2\/posts\/5798\/revisions\/5799"}],"wp:attachment":[{"href":"https:\/\/marcali.plebania.hu\/index.php?rest_route=%2Fwp%2Fv2%2Fmedia&parent=5798"}],"wp:term":[{"taxonomy":"category","embeddable":true,"href":"https:\/\/marcali.plebania.hu\/index.php?rest_route=%2Fwp%2Fv2%2Fcategories&post=5798"},{"taxonomy":"post_tag","embeddable":true,"href":"https:\/\/marcali.plebania.hu\/index.php?rest_route=%2Fwp%2Fv2%2Ftags&post=5798"}],"curies":[{"name":"wp","href":"https:\/\/api.w.org\/{rel}","templated":true}]}}