{"id":5801,"date":"2024-04-09T12:48:18","date_gmt":"2024-04-09T12:48:18","guid":{"rendered":"https:\/\/marcali.plebania.hu\/?p=5801"},"modified":"2024-04-10T19:27:54","modified_gmt":"2024-04-10T19:27:54","slug":"hirdetesek-2024-aprilis-7-en","status":"publish","type":"post","link":"https:\/\/marcali.plebania.hu\/?p=5801","title":{"rendered":"Hirdet\u00e9sek 2024. \u00e1prilis 7-\u00e9n"},"content":{"rendered":"\n<p><strong><a href=\"https:\/\/igenaptar.katolikus.hu\/2024\/nap\/index.php?holnap=2024-04-07\" target=\"_blank\" rel=\"noreferrer noopener\"><u>H\u00fasv\u00e9t 2. vas\u00e1rnapja &#8211; Az isteni irgalmass\u00e1g vas\u00e1rnapja<\/u><\/a><\/strong><\/p>\n\n\n\n<ol class=\"wp-block-list\" start=\"1\">\n<li>H\u00e9tf\u0151 Gy\u00fcm\u00f6lcsolt\u00f3 Boldogasszony f\u0151\u00fcnnepe, egyben templomunk b\u00facs\u00faja. Ezen a napon a K\u00c9SZ orsz\u00e1gos imal\u00e1ncot hirdet a b\u00e9k\u00e9\u00e9rt, amihez mi is csatlakozunk 100 \u00dcdv\u00f6zl\u00e9gy elim\u00e1dkoz\u00e1s\u00e1val 17 \u00f3r\u00e1t\u00f3l a pl\u00e9b\u00e1niatemplomban. Mindenkit szeretettel h\u00edvunk \u00e9s v\u00e1runk, nem csak a tags\u00e1got. A b\u00facs\u00fai szentmise 18 \u00f3rakor kezd\u0151dik.<\/li>\n\n\n\n<li>A <strong>F\u00e9rfi-k\u00f6r<\/strong> k\u00f6vetkez\u0151 tal\u00e1lkoz\u00f3ja szerd\u00e1n, a <strong>feln\u0151tt<\/strong>eknek sz\u00f3l\u00f3 <strong>hittan<\/strong> \u00e9s szents\u00e9gi felk\u00e9sz\u00edt\u0151 pedig cs\u00fct\u00f6rt\u00f6k\u00f6n 18:45-kor kezd\u0151dik az X-h\u00e1zban. Szeretettel v\u00e1rjuk a tagokat \u00e9s az \u00e9rdekl\u0151d\u0151ket.<\/li>\n\n\n\n<li>A <strong>fatimai ima\u00f3ra<\/strong> p\u00e9nteken 17 \u00f3rakor kezd\u0151dik a templomban. A h\u00fasv\u00e9ti id\u0151ben ezut\u00e1n p\u00e9ntekenk\u00e9nt 17:15-t\u0151l elim\u00e1dkozzuk az \u00f6r\u00f6m \u00fatj\u00e1t a templomban.<\/li>\n\n\n\n<li>Az <strong>ifj\u00fas\u00e1gi csoport<\/strong> k\u00f6vetkez\u0151 tal\u00e1lkoz\u00f3ja szombaton 19 \u00f3rakor kezd\u0151dik az X-h\u00e1zban.<\/li>\n\n\n\n<li>K\u00e9rj\u00fck, hogy az ad\u00f3tok 1%-\u00e1nak felaj\u00e1nl\u00e1s\u00e1val tov\u00e1bbra is t\u00e1mogass\u00e1tok a Magyar Katolikus Egyh\u00e1zat a 0011-es technikai sz\u00e1m megad\u00e1s\u00e1val. Err\u0151l r\u00e9szletek az egyszazalek.katolikus.hu honlapon olvashat\u00f3k. K\u00f6sz\u00f6nj\u00fck a t\u00e1mogat\u00e1st.<\/li>\n<\/ol>\n","protected":false},"excerpt":{"rendered":"<p>H\u00fasv\u00e9t 2. vas\u00e1rnapja &#8211; Az isteni irgalmass\u00e1g vas\u00e1rnapja<\/p>\n","protected":false},"author":2,"featured_media":0,"comment_status":"closed","ping_status":"open","sticky":false,"template":"","format":"standard","meta":{"footnotes":""},"categories":[1],"tags":[],"class_list":["post-5801","post","type-post","status-publish","format-standard","hentry","category-egyeb"],"_links":{"self":[{"href":"https:\/\/marcali.plebania.hu\/index.php?rest_route=\/wp\/v2\/posts\/5801","targetHints":{"allow":["GET"]}}],"collection":[{"href":"https:\/\/marcali.plebania.hu\/index.php?rest_route=\/wp\/v2\/posts"}],"about":[{"href":"https:\/\/marcali.plebania.hu\/index.php?rest_route=\/wp\/v2\/types\/post"}],"author":[{"embeddable":true,"href":"https:\/\/marcali.plebania.hu\/index.php?rest_route=\/wp\/v2\/users\/2"}],"replies":[{"embeddable":true,"href":"https:\/\/marcali.plebania.hu\/index.php?rest_route=%2Fwp%2Fv2%2Fcomments&post=5801"}],"version-history":[{"count":2,"href":"https:\/\/marcali.plebania.hu\/index.php?rest_route=\/wp\/v2\/posts\/5801\/revisions"}],"predecessor-version":[{"id":5816,"href":"https:\/\/marcali.plebania.hu\/index.php?rest_route=\/wp\/v2\/posts\/5801\/revisions\/5816"}],"wp:attachment":[{"href":"https:\/\/marcali.plebania.hu\/index.php?rest_route=%2Fwp%2Fv2%2Fmedia&parent=5801"}],"wp:term":[{"taxonomy":"category","embeddable":true,"href":"https:\/\/marcali.plebania.hu\/index.php?rest_route=%2Fwp%2Fv2%2Fcategories&post=5801"},{"taxonomy":"post_tag","embeddable":true,"href":"https:\/\/marcali.plebania.hu\/index.php?rest_route=%2Fwp%2Fv2%2Ftags&post=5801"}],"curies":[{"name":"wp","href":"https:\/\/api.w.org\/{rel}","templated":true}]}}